{"id":9512,"date":"2025-12-17T23:29:22","date_gmt":"2025-12-17T23:29:22","guid":{"rendered":"https:\/\/acronoticias.com\/index.php\/2025\/12\/17\/joven-en-estado-delicado-tras-accidente-en-ascensor-de-empresa-tabacalera-en-moca-el-nuevo-diario-republica-dominicana\/"},"modified":"2025-12-17T23:29:22","modified_gmt":"2025-12-17T23:29:22","slug":"joven-en-estado-delicado-tras-accidente-en-ascensor-de-empresa-tabacalera-en-moca-el-nuevo-diario-republica-dominicana","status":"publish","type":"post","link":"https:\/\/acronoticias.com\/index.php\/2025\/12\/17\/joven-en-estado-delicado-tras-accidente-en-ascensor-de-empresa-tabacalera-en-moca-el-nuevo-diario-republica-dominicana\/","title":{"rendered":"Joven en estado delicado tras accidente en ascensor de empresa tabacalera en Moca \u2013 El Nuevo Diario (Rep\u00fablica Dominicana)"},"content":{"rendered":"<div>\n<p>EL NUEVO DIARIO, ESPAILLAT.-Un joven, cuya identidad se mantiene en reserva, se encuentra en estado delicado tras ser gravemente herido por la presunta ca\u00edda de un ascensor en una empresa de procesamiento de tabaco ubicada en la Zona Franca Especial. El incidente ha generado conmoci\u00f3n en la zona.<\/p>\n<p>Seg\u00fan informaci\u00f3n, el afectado sufri\u00f3 m\u00faltiples lesiones faciales como consecuencia de una falla en el ascensor. Las causas de este incidente a\u00fan no han sido esclarecidas.<\/p>\n<p>El herido fue trasladado de emergencia a un centro de salud, donde recibe atenciones m\u00e9dicas especializadas y permanece bajo estricta observaci\u00f3n debido a la gravedad de sus heridas.<\/p>\n<p>\u00a0<\/p>\n<p><h3 class=\"jp-relatedposts-headline\"><em>Relacionado<\/em><\/h3>\n<\/p>\n<p>\t\t\t\t\t\t<!-- .entry-footer --><br \/>\n\t\t\t\t\t\t<!-- \n\n<div data-type=\"_mgwidget\" data-widget-id=\"1743501\"><\/div>\n\n  -->\n\t\t\t\t\t<\/div>\n","protected":false},"excerpt":{"rendered":"<p>EL NUEVO DIARIO, ESPAILLAT.-Un joven, cuya identidad se mantiene en reserva, se encuentra en estado delicado tras ser gravemente herido por la presunta ca\u00edda de un ascensor en una empresa de procesamiento de tabaco ubicada en la Zona Franca Especial. El incidente ha generado conmoci\u00f3n en la zona. Seg\u00fan informaci\u00f3n, el afectado sufri\u00f3 m\u00faltiples lesiones<\/p>\n","protected":false},"author":1,"featured_media":9513,"comment_status":"open","ping_status":"open","sticky":false,"template":"","format":"standard","meta":{"footnotes":""},"categories":[1],"tags":[],"class_list":["post-9512","post","type-post","status-publish","format-standard","has-post-thumbnail","hentry","category-nacionales"],"_links":{"self":[{"href":"https:\/\/acronoticias.com\/index.php\/wp-json\/wp\/v2\/posts\/9512","targetHints":{"allow":["GET"]}}],"collection":[{"href":"https:\/\/acronoticias.com\/index.php\/wp-json\/wp\/v2\/posts"}],"about":[{"href":"https:\/\/acronoticias.com\/index.php\/wp-json\/wp\/v2\/types\/post"}],"author":[{"embeddable":true,"href":"https:\/\/acronoticias.com\/index.php\/wp-json\/wp\/v2\/users\/1"}],"replies":[{"embeddable":true,"href":"https:\/\/acronoticias.com\/index.php\/wp-json\/wp\/v2\/comments?post=9512"}],"version-history":[{"count":0,"href":"https:\/\/acronoticias.com\/index.php\/wp-json\/wp\/v2\/posts\/9512\/revisions"}],"wp:featuredmedia":[{"embeddable":true,"href":"https:\/\/acronoticias.com\/index.php\/wp-json\/wp\/v2\/media\/9513"}],"wp:attachment":[{"href":"https:\/\/acronoticias.com\/index.php\/wp-json\/wp\/v2\/media?parent=9512"}],"wp:term":[{"taxonomy":"category","embeddable":true,"href":"https:\/\/acronoticias.com\/index.php\/wp-json\/wp\/v2\/categories?post=9512"},{"taxonomy":"post_tag","embeddable":true,"href":"https:\/\/acronoticias.com\/index.php\/wp-json\/wp\/v2\/tags?post=9512"}],"curies":[{"name":"wp","href":"https:\/\/api.w.org\/{rel}","templated":true}]}}