{"id":9510,"date":"2025-12-17T23:17:12","date_gmt":"2025-12-17T23:17:12","guid":{"rendered":"https:\/\/acronoticias.com\/index.php\/2025\/12\/17\/coli-visita-end-como-parte-de-la-ruta-hacia-los-juegos-santo-domingo-2026-el-nuevo-diario-republica-dominicana\/"},"modified":"2025-12-17T23:17:12","modified_gmt":"2025-12-17T23:17:12","slug":"coli-visita-end-como-parte-de-la-ruta-hacia-los-juegos-santo-domingo-2026-el-nuevo-diario-republica-dominicana","status":"publish","type":"post","link":"https:\/\/acronoticias.com\/index.php\/2025\/12\/17\/coli-visita-end-como-parte-de-la-ruta-hacia-los-juegos-santo-domingo-2026-el-nuevo-diario-republica-dominicana\/","title":{"rendered":"Col\u00ed visita END como parte de la ruta hacia los Juegos Santo Domingo 2026 \u2013 El Nuevo Diario (Rep\u00fablica Dominicana)"},"content":{"rendered":"<div>\n<p>EL NUEVO DIARIO, SANTO DOMINGO.\u2013 La mascota oficial de los XXV Juegos Centroamericanos y del Caribe, Col\u00ed, visit\u00f3 este mi\u00e9rcoles las instalaciones de El Nuevo Diario como parte de la agenda promocional rumbo a Santo Domingo 2026.<\/p>\n<p>Representantes del Comit\u00e9 Organizador explicaron que la presencia de la mascota forma parte de un plan de integraci\u00f3n nacional, con el prop\u00f3sito de acercar a la ciudadan\u00eda a unos Juegos que marcar\u00e1n un hito para la Rep\u00fablica Dominicana y para la regi\u00f3n.<\/p>\n<p>El evento, programado del 24 de julio al 8 de agosto de 2026, reunir\u00e1 a miles de atletas de pa\u00edses de Centroam\u00e9rica y el Caribe y ser\u00e1 una de las mayores plataformas deportivas que albergar\u00e1 el pa\u00eds en las \u00faltimas d\u00e9cadas.<\/p>\n<p><img loading=\"lazy\" data-recalc-dims=\"1\" data-dominant-color=\"887b65\" data-has-transparency=\"false\" style=\"--dominant-color: #887b65;\" decoding=\"async\" class=\"alignnone size-full wp-image-2939501 not-transparent\" src=\"https:\/\/i0.wp.com\/nuevodiario-assets.s3.us-east-2.amazonaws.com\/wp-content\/uploads\/2025\/12\/WhatsApp-Image-2025-12-17-at-4.19.04-PM.jpeg?resize=640%2C480&amp;quality=100&amp;ssl=1\" alt=\"\" width=\"640\" height=\"480\" srcset=\"https:\/\/nuevodiario-assets.s3.us-east-2.amazonaws.com\/wp-content\/uploads\/2025\/12\/WhatsApp-Image-2025-12-17-at-4.19.04-PM.jpeg 1280w, https:\/\/nuevodiario-assets.s3.us-east-2.amazonaws.com\/wp-content\/uploads\/2025\/12\/WhatsApp-Image-2025-12-17-at-4.19.04-PM.jpeg 400w, https:\/\/nuevodiario-assets.s3.us-east-2.amazonaws.com\/wp-content\/uploads\/2025\/12\/WhatsApp-Image-2025-12-17-at-4.19.04-PM.jpeg 800w, https:\/\/nuevodiario-assets.s3.us-east-2.amazonaws.com\/wp-content\/uploads\/2025\/12\/WhatsApp-Image-2025-12-17-at-4.19.04-PM.jpeg 768w, https:\/\/nuevodiario-assets.s3.us-east-2.amazonaws.com\/wp-content\/uploads\/2025\/12\/WhatsApp-Image-2025-12-17-at-4.19.04-PM.jpeg 600w\" sizes=\"auto, (max-width: 640px) 100vw, 640px\"\/><\/p>\n<p>Col\u00ed, inspirada en el barrancol\u00ed, ave end\u00e9mica de la isla, acompa\u00f1ar\u00e1 durante los pr\u00f3ximos meses diversas jornadas promocionales, visitas institucionales y actividades comunitarias, sirviendo como s\u00edmbolo del compromiso del pa\u00eds con la organizaci\u00f3n del certamen.<\/p>\n<p>La visita cont\u00f3 con la presencia de Mar\u00eda Alexandra Espaillat, miembro de la directiva del Comit\u00e9 Organizador de los Juegos, as\u00ed como del periodista Armando Soldevila, quienes acompa\u00f1aron la jornada informativa realizada en el medio.<\/p>\n<p><img data-recalc-dims=\"1\" data-dominant-color=\"958c75\" data-has-transparency=\"false\" style=\"--dominant-color: #958c75;\" loading=\"lazy\" decoding=\"async\" class=\"alignnone size-full wp-image-2939514 not-transparent\" src=\"https:\/\/i0.wp.com\/nuevodiario-assets.s3.us-east-2.amazonaws.com\/wp-content\/uploads\/2025\/12\/col.jpeg?resize=640%2C480&amp;quality=100&amp;ssl=1\" alt=\"\" width=\"640\" height=\"480\" srcset=\"https:\/\/nuevodiario-assets.s3.us-east-2.amazonaws.com\/wp-content\/uploads\/2025\/12\/col.jpeg 1280w, https:\/\/nuevodiario-assets.s3.us-east-2.amazonaws.com\/wp-content\/uploads\/2025\/12\/col.jpeg 400w, https:\/\/nuevodiario-assets.s3.us-east-2.amazonaws.com\/wp-content\/uploads\/2025\/12\/col.jpeg 800w, https:\/\/nuevodiario-assets.s3.us-east-2.amazonaws.com\/wp-content\/uploads\/2025\/12\/col.jpeg 768w, https:\/\/nuevodiario-assets.s3.us-east-2.amazonaws.com\/wp-content\/uploads\/2025\/12\/col.jpeg 600w\" sizes=\"auto, (max-width: 640px) 100vw, 640px\"\/><\/p>\n<p>Los organizadores destacaron que la mascota representa valores asociados al esp\u00edritu de los Juegos, como la unidad, la perseverancia, el respeto y la identidad cultural, elementos que buscan reflejarse tanto en la competencia deportiva como en la experiencia del p\u00fablico.<\/p>\n<p>La jornada concluy\u00f3 con un intercambio entre los organizadores y el equipo de El Nuevo Diario, como parte del esfuerzo por mantener informada a la poblaci\u00f3n sobre los avances y detalles de una cita que colocar\u00e1 nuevamente al pa\u00eds en el centro del deporte regional.<img data-recalc-dims=\"1\" data-dominant-color=\"a09285\" data-has-transparency=\"false\" style=\"--dominant-color: #a09285;\" loading=\"lazy\" decoding=\"async\" class=\"alignnone size-full wp-image-2939504 not-transparent\" src=\"https:\/\/i0.wp.com\/nuevodiario-assets.s3.us-east-2.amazonaws.com\/wp-content\/uploads\/2025\/12\/WhatsApp-Image-2025-12-17-at-4.19.05-PM-3.jpeg?resize=640%2C853&amp;quality=100&amp;ssl=1\" alt=\"\" width=\"640\" height=\"853\" srcset=\"https:\/\/nuevodiario-assets.s3.us-east-2.amazonaws.com\/wp-content\/uploads\/2025\/12\/WhatsApp-Image-2025-12-17-at-4.19.05-PM-3.jpeg 960w, https:\/\/nuevodiario-assets.s3.us-east-2.amazonaws.com\/wp-content\/uploads\/2025\/12\/WhatsApp-Image-2025-12-17-at-4.19.05-PM-3.jpeg 300w, https:\/\/nuevodiario-assets.s3.us-east-2.amazonaws.com\/wp-content\/uploads\/2025\/12\/WhatsApp-Image-2025-12-17-at-4.19.05-PM-3.jpeg 600w, https:\/\/nuevodiario-assets.s3.us-east-2.amazonaws.com\/wp-content\/uploads\/2025\/12\/WhatsApp-Image-2025-12-17-at-4.19.05-PM-3.jpeg 768w\" sizes=\"auto, (max-width: 640px) 100vw, 640px\"\/><\/p>\n<p><img data-recalc-dims=\"1\" data-dominant-color=\"766852\" data-has-transparency=\"false\" style=\"--dominant-color: #766852;\" loading=\"lazy\" decoding=\"async\" class=\"alignnone size-full wp-image-2939507 not-transparent\" src=\"https:\/\/i0.wp.com\/nuevodiario-assets.s3.us-east-2.amazonaws.com\/wp-content\/uploads\/2025\/12\/WhatsApp-Image-2025-12-17-at-4.19.04-PM-1.jpeg?resize=640%2C480&amp;quality=100&amp;ssl=1\" alt=\"\" width=\"640\" height=\"480\" srcset=\"https:\/\/nuevodiario-assets.s3.us-east-2.amazonaws.com\/wp-content\/uploads\/2025\/12\/WhatsApp-Image-2025-12-17-at-4.19.04-PM-1.jpeg 1280w, https:\/\/nuevodiario-assets.s3.us-east-2.amazonaws.com\/wp-content\/uploads\/2025\/12\/WhatsApp-Image-2025-12-17-at-4.19.04-PM-1.jpeg 400w, https:\/\/nuevodiario-assets.s3.us-east-2.amazonaws.com\/wp-content\/uploads\/2025\/12\/WhatsApp-Image-2025-12-17-at-4.19.04-PM-1.jpeg 800w, https:\/\/nuevodiario-assets.s3.us-east-2.amazonaws.com\/wp-content\/uploads\/2025\/12\/WhatsApp-Image-2025-12-17-at-4.19.04-PM-1.jpeg 768w, https:\/\/nuevodiario-assets.s3.us-east-2.amazonaws.com\/wp-content\/uploads\/2025\/12\/WhatsApp-Image-2025-12-17-at-4.19.04-PM-1.jpeg 600w\" sizes=\"auto, (max-width: 640px) 100vw, 640px\"\/><\/p>\n<p><h3 class=\"jp-relatedposts-headline\"><em>Relacionado<\/em><\/h3>\n<\/p>\n<p>\t\t\t\t\t\t<!-- .entry-footer --><br \/>\n\t\t\t\t\t\t<!-- \n\n<div data-type=\"_mgwidget\" data-widget-id=\"1743501\"><\/div>\n\n  -->\n\t\t\t\t\t<\/div>\n","protected":false},"excerpt":{"rendered":"<p>EL NUEVO DIARIO, SANTO DOMINGO.\u2013 La mascota oficial de los XXV Juegos Centroamericanos y del Caribe, Col\u00ed, visit\u00f3 este mi\u00e9rcoles las instalaciones de El Nuevo Diario como parte de la agenda promocional rumbo a Santo Domingo 2026. Representantes del Comit\u00e9 Organizador explicaron que la presencia de la mascota forma parte de un plan de integraci\u00f3n<\/p>\n","protected":false},"author":1,"featured_media":9511,"comment_status":"open","ping_status":"open","sticky":false,"template":"","format":"standard","meta":{"footnotes":""},"categories":[2],"tags":[],"class_list":["post-9510","post","type-post","status-publish","format-standard","has-post-thumbnail","hentry","category-deporte"],"_links":{"self":[{"href":"https:\/\/acronoticias.com\/index.php\/wp-json\/wp\/v2\/posts\/9510","targetHints":{"allow":["GET"]}}],"collection":[{"href":"https:\/\/acronoticias.com\/index.php\/wp-json\/wp\/v2\/posts"}],"about":[{"href":"https:\/\/acronoticias.com\/index.php\/wp-json\/wp\/v2\/types\/post"}],"author":[{"embeddable":true,"href":"https:\/\/acronoticias.com\/index.php\/wp-json\/wp\/v2\/users\/1"}],"replies":[{"embeddable":true,"href":"https:\/\/acronoticias.com\/index.php\/wp-json\/wp\/v2\/comments?post=9510"}],"version-history":[{"count":0,"href":"https:\/\/acronoticias.com\/index.php\/wp-json\/wp\/v2\/posts\/9510\/revisions"}],"wp:featuredmedia":[{"embeddable":true,"href":"https:\/\/acronoticias.com\/index.php\/wp-json\/wp\/v2\/media\/9511"}],"wp:attachment":[{"href":"https:\/\/acronoticias.com\/index.php\/wp-json\/wp\/v2\/media?parent=9510"}],"wp:term":[{"taxonomy":"category","embeddable":true,"href":"https:\/\/acronoticias.com\/index.php\/wp-json\/wp\/v2\/categories?post=9510"},{"taxonomy":"post_tag","embeddable":true,"href":"https:\/\/acronoticias.com\/index.php\/wp-json\/wp\/v2\/tags?post=9510"}],"curies":[{"name":"wp","href":"https:\/\/api.w.org\/{rel}","templated":true}]}}