{"id":8368,"date":"2025-12-10T10:52:06","date_gmt":"2025-12-10T10:52:06","guid":{"rendered":"https:\/\/acronoticias.com\/index.php\/2025\/12\/10\/defensa-de-bolsonaro-pide-que-le-dejen-salir-de-prision-para-ser-operado-el-nuevo-diario-republica-dominicana\/"},"modified":"2025-12-10T10:52:06","modified_gmt":"2025-12-10T10:52:06","slug":"defensa-de-bolsonaro-pide-que-le-dejen-salir-de-prision-para-ser-operado-el-nuevo-diario-republica-dominicana","status":"publish","type":"post","link":"https:\/\/acronoticias.com\/index.php\/2025\/12\/10\/defensa-de-bolsonaro-pide-que-le-dejen-salir-de-prision-para-ser-operado-el-nuevo-diario-republica-dominicana\/","title":{"rendered":"Defensa de Bolsonaro pide que le dejen salir de prisi\u00f3n para ser operado \u2013 El Nuevo Diario (Rep\u00fablica Dominicana)"},"content":{"rendered":"<p><i class=\"bi bi-camera-fill\" style=\"font-size:18px; color:var(--rojo)\"\/> El expresidente brasile\u00f1o Jair Bolsonaro sufre un c\u00e1ncer de piel &#8220;precoz&#8221;, pero aun as\u00ed fue dado de alta este mi\u00e9rcoles del hospital en el que hab\u00eda sido internado la v\u00edspera, y regres\u00f3 a su residencia, donde cumple prisi\u00f3n domiciliaria. <\/p>\n<div>\n<p><strong>BRASIL.-<\/strong> La defensa del expresidente brasile\u00f1o Jair Bolsonaro, condenado a 27 a\u00f1os de prisi\u00f3n por golpismo, pidi\u00f3 a la corte suprema autorizar su salida de la c\u00e1rcel para realizarle una intervenci\u00f3n quir\u00fargica debido al deterioro de su estado de salud, seg\u00fan documentos obtenidos por AFP.<\/p>\n<p>\u00abTodos los nuevos documentos m\u00e9dicos recientemente aportados (\u2026) revelan un empeoramiento significativo del cuadro de salud\u00bb de Bolsonaro que demanda su \u00abinmediata internaci\u00f3n\u00bb, se\u00f1alan sus abogados en la solicitud.<\/p>\n<p>Piden tambi\u00e9n que el expresidente pueda cumplir en casa su sentencia por razones \u00abhumanitarias\u00bb, como ya hab\u00edan solicitado semanas atr\u00e1s.<\/p>\n<p>El l\u00edder ultraderechista, de 70 a\u00f1os, fue hallado culpable en septiembre de haber conspirado para impedir la asunci\u00f3n del izquierdista Luiz In\u00e1cio Lula da Silva tras perder los comicios en 2022.<\/p>\n<p>A finales de noviembre ingres\u00f3 en prisi\u00f3n, en unas dependencias policiales en Brasilia.<\/p>\n<p>Los abogados solicitan autorizaci\u00f3n para trasladarlo a un hospital de Brasilia para someterse a dos cirug\u00edas urgentes: un \u00abbloqueo anest\u00e9sico del nervio fr\u00e9nico\u00bb para tratar el hipo, y una cirug\u00eda para reparar una hernia inguinal.<\/p>\n<p>Seg\u00fan el informe m\u00e9dico, ambas intervenciones requieren hospitalizaci\u00f3n de 5 a 7 d\u00edas y anestesia general.<\/p>\n<p>Bolsonaro, que estuvo en arresto domiciliario preventivo entre agosto y noviembre, ingres\u00f3 en prisi\u00f3n unos d\u00edas antes de lo previsto debido a que trat\u00f3 de da\u00f1ar su tobillera electr\u00f3nica.<\/p>\n<p>Permanece recluido en una habitaci\u00f3n peque\u00f1a con frigobar, aire acondicionado y un televisor, y recibe visitas breves de sus hijos y su esposa dos d\u00edas por semana.<\/p>\n<p>El exmandatario sufre secuelas permanentes de una pu\u00f1alada en el vientre que recibi\u00f3 en 2018 durante un acto de su campa\u00f1a a la presidencia.<\/p>\n<p>En la petici\u00f3n al juez, los abogados enumeran las m\u00faltiples cirug\u00edas a las que ha tenido que someterse desde entonces, la \u00faltima de ellas en abril.<\/p>\n<p>Como consecuencia, Bolsonaro sufre reflujo y crisis de hipo que le han provocado falta de aire y desmayos, seg\u00fan los documentos m\u00e9dicos.<\/p>\n<p>La defensa a\u00fan espera respuesta de un recurso que introdujo a finales de noviembre para pedir la \u00abnulidad\u00bb del juicio.<\/p>\n<p>El supremo ya hab\u00eda rechazado de forma un\u00e1nime un primer recurso y dado por cerrado el periodo para apelar nuevamente.<\/p>\n<p><h3 class=\"jp-relatedposts-headline\"><em>Relacionado<\/em><\/h3>\n<\/p>\n<p>\t\t\t\t\t\t<!-- .entry-footer --><br \/>\n\t\t\t\t\t\t<!-- \n\n<div data-type=\"_mgwidget\" data-widget-id=\"1743501\"><\/div>\n\n  -->\n\t\t\t\t\t<\/div>\n","protected":false},"excerpt":{"rendered":"<p>El expresidente brasile\u00f1o Jair Bolsonaro sufre un c\u00e1ncer de piel &#8220;precoz&#8221;, pero aun as\u00ed fue dado de alta este mi\u00e9rcoles del hospital en el que hab\u00eda sido internado la v\u00edspera, y regres\u00f3 a su residencia, donde cumple prisi\u00f3n domiciliaria. BRASIL.- La defensa del expresidente brasile\u00f1o Jair Bolsonaro, condenado a 27 a\u00f1os de prisi\u00f3n por golpismo,<\/p>\n","protected":false},"author":1,"featured_media":8369,"comment_status":"open","ping_status":"open","sticky":false,"template":"","format":"standard","meta":{"footnotes":""},"categories":[3],"tags":[],"class_list":["post-8368","post","type-post","status-publish","format-standard","has-post-thumbnail","hentry","category-internacionales"],"_links":{"self":[{"href":"https:\/\/acronoticias.com\/index.php\/wp-json\/wp\/v2\/posts\/8368","targetHints":{"allow":["GET"]}}],"collection":[{"href":"https:\/\/acronoticias.com\/index.php\/wp-json\/wp\/v2\/posts"}],"about":[{"href":"https:\/\/acronoticias.com\/index.php\/wp-json\/wp\/v2\/types\/post"}],"author":[{"embeddable":true,"href":"https:\/\/acronoticias.com\/index.php\/wp-json\/wp\/v2\/users\/1"}],"replies":[{"embeddable":true,"href":"https:\/\/acronoticias.com\/index.php\/wp-json\/wp\/v2\/comments?post=8368"}],"version-history":[{"count":0,"href":"https:\/\/acronoticias.com\/index.php\/wp-json\/wp\/v2\/posts\/8368\/revisions"}],"wp:featuredmedia":[{"embeddable":true,"href":"https:\/\/acronoticias.com\/index.php\/wp-json\/wp\/v2\/media\/8369"}],"wp:attachment":[{"href":"https:\/\/acronoticias.com\/index.php\/wp-json\/wp\/v2\/media?parent=8368"}],"wp:term":[{"taxonomy":"category","embeddable":true,"href":"https:\/\/acronoticias.com\/index.php\/wp-json\/wp\/v2\/categories?post=8368"},{"taxonomy":"post_tag","embeddable":true,"href":"https:\/\/acronoticias.com\/index.php\/wp-json\/wp\/v2\/tags?post=8368"}],"curies":[{"name":"wp","href":"https:\/\/api.w.org\/{rel}","templated":true}]}}