{"id":8246,"date":"2025-12-09T21:43:34","date_gmt":"2025-12-09T21:43:34","guid":{"rendered":"https:\/\/acronoticias.com\/index.php\/2025\/12\/09\/monegro-recibe-dedicatoria-del-convivio-nacional-de-minibasket-2025-el-nuevo-diario-republica-dominicana\/"},"modified":"2025-12-09T21:43:34","modified_gmt":"2025-12-09T21:43:34","slug":"monegro-recibe-dedicatoria-del-convivio-nacional-de-minibasket-2025-el-nuevo-diario-republica-dominicana","status":"publish","type":"post","link":"https:\/\/acronoticias.com\/index.php\/2025\/12\/09\/monegro-recibe-dedicatoria-del-convivio-nacional-de-minibasket-2025-el-nuevo-diario-republica-dominicana\/","title":{"rendered":"Monegro recibe dedicatoria del Convivio Nacional de Minib\u00e1sket 2025 \u2013 El Nuevo Diario (Rep\u00fablica Dominicana)"},"content":{"rendered":"<p><i class=\"bi bi-camera-fill\" style=\"font-size:18px; color:var(--rojo)\"\/> Desde la izquierda, Ram\u00f3n Ceballos, Rafael Uribe, Garibaldi Bautista, Franklin De la Mota, Fernando Teruel, Alberto Ozuna y Fernando Geraldino, en la rueda de prensa de este martes.<\/p>\n<div>\n<p>EL NUEVO DIARIO, SANTO DOMINGO.- La ni\u00f1ez dominicana se convirti\u00f3 en protagonista este martes en la rueda de prensa Convivio Nacional de Minib\u00e1sket 2025, presentado en el sal\u00f3n James Rodr\u00edguez del Ministerio de Deportes (Miderec), donde dirigentes del m\u00e1s alto nivel coincidieron en un mensaje central: el minib\u00e1sket no busca estrellas, busca ciudadanos sanos, educados y con valores.<\/p>\n<p>Durante la rueda de prensa, el viceministro t\u00e9cnico de Deportes y dirigente inmortal, Fernando Teruel, afirm\u00f3 que el evento que moviliza a m\u00e1s de 8.000 ni\u00f1os en todo el pa\u00eds tiene un alto costo econ\u00f3mico, pero un valor social incalculable.<\/p>\n<p>\u201cA veces la gente entiende que es una d\u00e1diva cuando se trabaja con los ni\u00f1os. No es lo mismo vender jugadores profesionales que trabajar por amor a la formaci\u00f3n social\u201d, advirti\u00f3, asegurando que la inversi\u00f3n ronda los 2.5 millones de pesos entre eliminatorias y organizaci\u00f3n nacional.<\/p>\n<p>Teruel explic\u00f3 que el convivio rompe con el modelo competitivo tradicional: no hay campeones. No hay jugador m\u00e1s valioso. El marcador se borra cada cuarto. Todos reciben medallas.<\/p>\n<p>\u201cBuscamos convivencia, no campeones. Aqu\u00ed todos los ni\u00f1os juegan y nadie puede estar m\u00e1s de tres cuartos consecutivos en cancha\u201d, sentenci\u00f3.<\/p>\n<p>La versi\u00f3n 2025 del Convivio Nacional de Minibaloncesto tendr\u00e1 una especial dedicatoria al periodista Jos\u00e9 P. Monegro, director del peri\u00f3dico El D\u00eda, el cual ser\u00e1 celebrado desde el viernes 12 al domingo 14 de este mes, se anunci\u00f3 este martes.<\/p>\n<p><strong>Inclusi\u00f3n y prevenci\u00f3n social<\/strong><\/p>\n<p>Teruel enfatiz\u00f3 que el programa es absolutamente inclusivo: ni\u00f1os con autismo, s\u00edndrome de Down y ni\u00f1as junto a los varones participan sin distinciones.<\/p>\n<p>\u201cNo estamos buscando a Michael Jordan. Queremos formar empresarios, entrenadores, \u00e1rbitros, ciudadanos buenos para esta sociedad\u201d, afirm\u00f3.<\/p>\n<p>El dirigente tambi\u00e9n alert\u00f3 sobre la delincuencia juvenil, citando un reportaje que advert\u00eda el crecimiento de una \u201ccontracultura\u201d.<br \/>\u201cLa c\u00e1rcel es el \u00faltimo lugar donde debe estar un menor. Esto lo hacemos para que ma\u00f1ana no tengamos que castigarlos\u201d, dijo, destacando que el minib\u00e1sket incluye jornadas de educaci\u00f3n ambiental, cultural y comunitaria como siembra de \u00e1rboles y limpieza de playas.<\/p>\n<p>El convivio nacional iniciar\u00e1 este viernes a las 2:00 p.m., bajo la coordinaci\u00f3n de un equipo t\u00e9cnico encabezado por entrenadores como Melvin L\u00f3pez, Jos\u00e9 Mercedes \u201cMa\u00edta\u201d, Junior P\u00e1ez, Chaguito, Roque y Teruel, entre otros.<\/p>\n<p><strong>Juan Uribe: \u201cEl minib\u00e1sket ya produjo talento \u00e9lite\u201d<\/strong><\/p>\n<p>El presidente de Fedombal, Juan Uribe, resalt\u00f3 que el crecimiento del baloncesto nacional est\u00e1 directamente ligado a la formaci\u00f3n desde la ni\u00f1ez. Record\u00f3 que fue presidente continental del minib\u00e1sket (2010-2014) y que desde entonces impuls\u00f3 su reglamentaci\u00f3n global.<\/p>\n<p>\u201cSi hoy tenemos un Andr\u00e9s F\u00e9lix en el Real Madrid, Jean Montero en Valencia, Joel Soriano en Zaragoza, David Jones en la NBA o Chris Duarte, es gracias a este programa\u201d, afirm\u00f3.<\/p>\n<p>Uribe anunci\u00f3 que la Casa Nacional del Minib\u00e1sket, donde se concentran jugadores y se forman entrenadores y \u00e1rbitros, ya qued\u00f3 peque\u00f1a: \u201cEs hora de dar el siguiente paso con un programa m\u00e1s amplio y s\u00f3lido. No es solo competencia: es educaci\u00f3n y valores\u201d.<\/p>\n<p>El presidente federativo anunci\u00f3 que el crecimiento de la disciplina obliga a expandir el programa y el espacio de formaci\u00f3n, recordando que en el lugar coinciden selecciones U15, U16, U17, U18, tanto masculinas como femeninas.<\/p>\n<p><strong>Ceballos anuncia formato, grupos y alcance del Convivio Nacional de Minibaloncesto 2025<\/strong><\/p>\n<p>El director t\u00e9cnico nacional, Ram\u00f3n Ceballos, explic\u00f3 el formato del convivio: los 38 equipos que llegan a la fase final son el resultado de eliminatorias provinciales y regionales en todo el pa\u00eds.<\/p>\n<p>\u201cAqu\u00ed no hay ganadores individuales. Los cuartos se resetean y el objetivo es convivir, no competir prematuramente\u201d, se\u00f1al\u00f3.<\/p>\n<p>Durante las \u00faltimas dos semanas se realizaron eliminatorias con representaci\u00f3n de las <strong>32 provincias<\/strong>, m\u00e1s un equipo adicional de la provincia sede, para un total de <strong>38 equipos<\/strong>, distribuidos entre las sedes de Cotu\u00ed, Montecristi, Ban\u00ed, Barahona y Santo Domingo.<\/p>\n<p>Cada partido se divide en cuartos independientes, promoviendo la convivencia, el desarrollo, la rotaci\u00f3n de jugadores y evitando presiones competitivas tempranas.<\/p>\n<p>Los equipos clasificados fueron divididos en dos grupos de seis provincias. Cada selecci\u00f3n jugar\u00e1 cinco partidos en la fase regular, sumando 30 encuentros antes de las semifinales y el final.<\/p>\n<p>El Grupo A est\u00e1 compuesto por Santiago, Distrito Nacional, La Vega, Dajab\u00f3n (D\u00fcberge), San Crist\u00f3bal y San Pedro de Macor\u00eds.<\/p>\n<p>En el Grupo B competir\u00e1n Espaillat (Moca), Puerto Plata, San Juan, Provincia Santo Domingo y El Seibo.<\/p>\n<p><strong>Ma\u00edta Mercedes: \u201cHoy nos toca devolver lo que el baloncesto nos dio\u201d<\/strong><\/p>\n<p>El exjugador y dirigente Jos\u00e9 Mercedes (Ma\u00edta), parte del equipo coordinador del convivio, record\u00f3 su infancia en la cancha: \u201cLo vivimos como jugadores. Hoy lo vivimos como organizadores, tratando de devolver lo que uno pudo cosechar\u201d.<\/p>\n<p>Asegur\u00f3 que el convivio es una \u201cfiesta nacional\u201d donde los ni\u00f1os se conocen, conviven y crean lazos que los acompa\u00f1ar\u00e1n toda la vida.<\/p>\n<p><strong>Garibaldy Bautista: el minib\u00e1sket nos lleva ventaja formativa<\/strong><\/p>\n<p>El presidente del Comit\u00e9 Ol\u00edmpico Dominicano, Garibaldy Bautista, destac\u00f3 el impacto social de los deportes masivos, especialmente en la ni\u00f1ez.<br \/>\u201cEste es un escenario para sumar y multiplicar. Cuando hablamos de ni\u00f1os, hay que estar presentes\u201d, afirm\u00f3.<\/p>\n<p>Reconoci\u00f3 que el minib\u00e1sket supera al softbol en formaci\u00f3n temprana: \u201c\u00bfQui\u00e9n pone a un ni\u00f1o a jugar softbol? A los ni\u00f1os no me los permiten. Tienen que jugar pelota primero. El baloncesto nos lleva ventaja\u201d.<\/p>\n<p><strong>Teresa Dur\u00e1n: el legado vuelve a casa<\/strong><\/p>\n<p>La inmortal del deporte dominicano Teresa Dur\u00e1n regres\u00f3 a sus ra\u00edces en el Convivio Nacional de Mini Baloncesto 2025, no como jugadora, sino como s\u00edmbolo del legado que el baloncesto puede construir desde la ni\u00f1ez.<\/p>\n<p>Frente a cientos de dirigentes, l\u00edderes y ex deportista, Dur\u00e1n record\u00f3 que su historia comenz\u00f3 igual que la de ellos:<\/p>\n<p>\u201cHoy me ven como inmortal, pero fui una ni\u00f1a de minib\u00e1squet. Jugu\u00e9 como ellos, sin el apoyo y la cobertura que vemos ahora. Por eso esto me llena de alegr\u00eda\u201d.<\/p>\n<p>Teresa agradeci\u00f3 a quienes impulsan el crecimiento del deporte desde la base: \u201cEste evento es un \u00e9xito y es de los ni\u00f1os, del futuro y del baloncesto\u201d.<\/p>\n<figure id=\"attachment_2929515\" aria-describedby=\"caption-attachment-2929515\" style=\"width: 400px\" class=\"wp-caption alignnone\"><img loading=\"lazy\" data-recalc-dims=\"1\" data-dominant-color=\"786c65\" data-has-transparency=\"false\" style=\"--dominant-color: #786c65;\" decoding=\"async\" class=\"size-medium wp-image-2929515 not-transparent\" src=\"https:\/\/i0.wp.com\/nuevodiario-assets.s3.us-east-2.amazonaws.com\/wp-content\/uploads\/2025\/12\/e6c21e1e-425d-4390-8aea-7302459baaf7-400x300.jpg?resize=400%2C300&amp;quality=100&amp;ssl=1\" alt=\"\" width=\"400\" height=\"300\" srcset=\"https:\/\/nuevodiario-assets.s3.us-east-2.amazonaws.com\/wp-content\/uploads\/2025\/12\/e6c21e1e-425d-4390-8aea-7302459baaf7.jpg 400w, https:\/\/nuevodiario-assets.s3.us-east-2.amazonaws.com\/wp-content\/uploads\/2025\/12\/e6c21e1e-425d-4390-8aea-7302459baaf7.jpg 800w, https:\/\/nuevodiario-assets.s3.us-east-2.amazonaws.com\/wp-content\/uploads\/2025\/12\/e6c21e1e-425d-4390-8aea-7302459baaf7.jpg 768w, https:\/\/nuevodiario-assets.s3.us-east-2.amazonaws.com\/wp-content\/uploads\/2025\/12\/e6c21e1e-425d-4390-8aea-7302459baaf7.jpg 600w, https:\/\/nuevodiario-assets.s3.us-east-2.amazonaws.com\/wp-content\/uploads\/2025\/12\/e6c21e1e-425d-4390-8aea-7302459baaf7.jpg 1280w\" sizes=\"auto, (max-width: 400px) 100vw, 400px\"\/><figcaption id=\"caption-attachment-2929515\" class=\"wp-caption-text\">Inmortales: Desde la izquierda y al frente, Sugey Monsac, Ma\u00edta Mercedes, Matilde Guerrero, Boy\u00f3n Dom\u00ednguez, Eduardo G\u00f3mez, Teresa Dur\u00e1n, Iv\u00e1n Mieses, Silvia Espinal y V\u00edctor Chac\u00f3n. Detr\u00e1s, Ram\u00f3n Ceballos, Rafael Uribe, Garibaldi Bautista, Franklin De la Mota, Fernando Teruel, Alberto Ozuna y Fernando Geraldino.<\/figcaption><\/figure>\n<blockquote class=\"instagram-media\" data-instgrm-captioned=\"\" data-instgrm-permalink=\"https:\/\/www.instagram.com\/reel\/DSDa8s4CWcs\/?utm_source=ig_embed&amp;utm_campaign=loading\" data-instgrm-version=\"14\" style=\" background:#FFF; border:0; border-radius:3px; box-shadow:0 0 1px 0 rgba(0,0,0,0.5),0 1px 10px 0 rgba(0,0,0,0.15); margin: 1px; max-width:640px; min-width:326px; padding:0; width:99.375%; width:-webkit-calc(100% - 2px); width:calc(100% - 2px);\">\n<\/blockquote>\n<p><h3 class=\"jp-relatedposts-headline\"><em>Relacionado<\/em><\/h3>\n<\/p>\n<p>\t\t\t\t\t\t<!-- .entry-footer --><br \/>\n\t\t\t\t\t\t<!-- \n\n<div data-type=\"_mgwidget\" data-widget-id=\"1743501\"><\/div>\n\n  -->\n\t\t\t\t\t<\/div>\n<p><script async src=\"\/\/www.instagram.com\/embed.js\"><\/script><\/p>\n","protected":false},"excerpt":{"rendered":"<p>Desde la izquierda, Ram\u00f3n Ceballos, Rafael Uribe, Garibaldi Bautista, Franklin De la Mota, Fernando Teruel, Alberto Ozuna y Fernando Geraldino, en la rueda de prensa de este martes. EL NUEVO DIARIO, SANTO DOMINGO.- La ni\u00f1ez dominicana se convirti\u00f3 en protagonista este martes en la rueda de prensa Convivio Nacional de Minib\u00e1sket 2025, presentado en el<\/p>\n","protected":false},"author":1,"featured_media":8247,"comment_status":"open","ping_status":"open","sticky":false,"template":"","format":"standard","meta":{"footnotes":""},"categories":[2],"tags":[],"class_list":["post-8246","post","type-post","status-publish","format-standard","has-post-thumbnail","hentry","category-deporte"],"_links":{"self":[{"href":"https:\/\/acronoticias.com\/index.php\/wp-json\/wp\/v2\/posts\/8246","targetHints":{"allow":["GET"]}}],"collection":[{"href":"https:\/\/acronoticias.com\/index.php\/wp-json\/wp\/v2\/posts"}],"about":[{"href":"https:\/\/acronoticias.com\/index.php\/wp-json\/wp\/v2\/types\/post"}],"author":[{"embeddable":true,"href":"https:\/\/acronoticias.com\/index.php\/wp-json\/wp\/v2\/users\/1"}],"replies":[{"embeddable":true,"href":"https:\/\/acronoticias.com\/index.php\/wp-json\/wp\/v2\/comments?post=8246"}],"version-history":[{"count":0,"href":"https:\/\/acronoticias.com\/index.php\/wp-json\/wp\/v2\/posts\/8246\/revisions"}],"wp:featuredmedia":[{"embeddable":true,"href":"https:\/\/acronoticias.com\/index.php\/wp-json\/wp\/v2\/media\/8247"}],"wp:attachment":[{"href":"https:\/\/acronoticias.com\/index.php\/wp-json\/wp\/v2\/media?parent=8246"}],"wp:term":[{"taxonomy":"category","embeddable":true,"href":"https:\/\/acronoticias.com\/index.php\/wp-json\/wp\/v2\/categories?post=8246"},{"taxonomy":"post_tag","embeddable":true,"href":"https:\/\/acronoticias.com\/index.php\/wp-json\/wp\/v2\/tags?post=8246"}],"curies":[{"name":"wp","href":"https:\/\/api.w.org\/{rel}","templated":true}]}}