{"id":8100,"date":"2025-12-09T05:03:12","date_gmt":"2025-12-09T05:03:12","guid":{"rendered":"https:\/\/acronoticias.com\/index.php\/2025\/12\/09\/comision-ya-deposito-proyecto-de-reforma-policial-tras-anos-de-trabajo-revela-abinader\/"},"modified":"2025-12-09T05:03:12","modified_gmt":"2025-12-09T05:03:12","slug":"comision-ya-deposito-proyecto-de-reforma-policial-tras-anos-de-trabajo-revela-abinader","status":"publish","type":"post","link":"https:\/\/acronoticias.com\/index.php\/2025\/12\/09\/comision-ya-deposito-proyecto-de-reforma-policial-tras-anos-de-trabajo-revela-abinader\/","title":{"rendered":"Comisi\u00f3n ya deposit\u00f3 proyecto de reforma policial tras a\u00f1os de trabajo, revela Abinader"},"content":{"rendered":"<div data-td-block-uid=\"tdi_101\">\n<div class=\"tdb-block-inner td-fix-index\">\n<p>Santo Domingo.\u2013 El presidente Luis Abinader anunci\u00f3 este martes que, \u201cen este mismo momento\u201d, la Comisi\u00f3n de Reforma de la Polic\u00eda Nacional est\u00e1 depositando en el Congreso el proyecto de ley que busca transformar la instituci\u00f3n del orden, tras un proceso de a\u00f1os de trabajo conjunto entre sectores p\u00fablicos y privados.\u00a0<\/p>\n<p>Durante su encuentro semanal con la prensa en el Palacio Nacional, Abinader subray\u00f3 que la iniciativa es fruto de un esfuerzo prolongado de los diputados nacionales y de la comisi\u00f3n especializada, que ha venido elaborando propuestas para modernizar la Polic\u00eda.\u00a0<\/p>\n<p>\u201cDespu\u00e9s de a\u00f1os de trabajo de los diputados nacionales y la Comisi\u00f3n de Reforma de la Polic\u00eda Nacional, hoy estamos dando este paso hist\u00f3rico\u201d, expres\u00f3 el mandatario, al destacar que la pieza legislativa recoge consensos y recomendaciones de distintos sectores.\u00a0<\/p>\n<p>El proyecto, que ser\u00e1 conocido en la C\u00e1mara de Diputados, plantea cambios estructurales en la formaci\u00f3n, operaci\u00f3n y administraci\u00f3n de la instituci\u00f3n, con el objetivo de garantizar mayor seguridad y confianza ciudadana.\u00a0<\/p>\n<p>Abinader reiter\u00f3 que la reforma policial es uno de los compromisos centrales de su gesti\u00f3n y que el dep\u00f3sito de la iniciativa marca el inicio de un debate legislativo que definir\u00e1 el futuro de la seguridad p\u00fablica en el pa\u00eds.\u00a0 \u00a0<\/p>\n<\/div>\n<\/div>\n","protected":false},"excerpt":{"rendered":"<p>Santo Domingo.\u2013 El presidente Luis Abinader anunci\u00f3 este martes que, \u201cen este mismo momento\u201d, la Comisi\u00f3n de Reforma de la Polic\u00eda Nacional est\u00e1 depositando en el Congreso el proyecto de ley que busca transformar la instituci\u00f3n del orden, tras un proceso de a\u00f1os de trabajo conjunto entre sectores p\u00fablicos y privados.\u00a0 Durante su encuentro semanal<\/p>\n","protected":false},"author":1,"featured_media":8101,"comment_status":"open","ping_status":"open","sticky":false,"template":"","format":"standard","meta":{"footnotes":""},"categories":[1],"tags":[],"class_list":["post-8100","post","type-post","status-publish","format-standard","has-post-thumbnail","hentry","category-nacionales"],"_links":{"self":[{"href":"https:\/\/acronoticias.com\/index.php\/wp-json\/wp\/v2\/posts\/8100","targetHints":{"allow":["GET"]}}],"collection":[{"href":"https:\/\/acronoticias.com\/index.php\/wp-json\/wp\/v2\/posts"}],"about":[{"href":"https:\/\/acronoticias.com\/index.php\/wp-json\/wp\/v2\/types\/post"}],"author":[{"embeddable":true,"href":"https:\/\/acronoticias.com\/index.php\/wp-json\/wp\/v2\/users\/1"}],"replies":[{"embeddable":true,"href":"https:\/\/acronoticias.com\/index.php\/wp-json\/wp\/v2\/comments?post=8100"}],"version-history":[{"count":0,"href":"https:\/\/acronoticias.com\/index.php\/wp-json\/wp\/v2\/posts\/8100\/revisions"}],"wp:featuredmedia":[{"embeddable":true,"href":"https:\/\/acronoticias.com\/index.php\/wp-json\/wp\/v2\/media\/8101"}],"wp:attachment":[{"href":"https:\/\/acronoticias.com\/index.php\/wp-json\/wp\/v2\/media?parent=8100"}],"wp:term":[{"taxonomy":"category","embeddable":true,"href":"https:\/\/acronoticias.com\/index.php\/wp-json\/wp\/v2\/categories?post=8100"},{"taxonomy":"post_tag","embeddable":true,"href":"https:\/\/acronoticias.com\/index.php\/wp-json\/wp\/v2\/tags?post=8100"}],"curies":[{"name":"wp","href":"https:\/\/api.w.org\/{rel}","templated":true}]}}