{"id":8098,"date":"2025-12-09T04:47:00","date_gmt":"2025-12-09T04:47:00","guid":{"rendered":"https:\/\/acronoticias.com\/index.php\/2025\/12\/09\/abinader-sobre-el-caso-de-stephora-anne-mircie-joseph-muy-penoso-y-muy-triste\/"},"modified":"2025-12-09T04:47:00","modified_gmt":"2025-12-09T04:47:00","slug":"abinader-sobre-el-caso-de-stephora-anne-mircie-joseph-muy-penoso-y-muy-triste","status":"publish","type":"post","link":"https:\/\/acronoticias.com\/index.php\/2025\/12\/09\/abinader-sobre-el-caso-de-stephora-anne-mircie-joseph-muy-penoso-y-muy-triste\/","title":{"rendered":"Abinader sobre el caso de Stephora Anne-Mircie Joseph: \u201cMuy penoso y muy triste\u201d"},"content":{"rendered":"<div>\n<p><strong>Santo Domingo.<\/strong>\u2013 El presidente Luis Abinader calific\u00f3 este lunes como \u201cmuy penoso y muy triste\u201d el caso de la muerte por ahogamiento de la ni\u00f1a Stephora Anne-Mircie Joseph, ocurrida el pasado 14 de noviembre durante una excursi\u00f3n escolar organizada por el Colegio Leonardo Da Vinci, y asegur\u00f3 que conf\u00eda plenamente en la actuaci\u00f3n del Ministerio P\u00fablico para garantizar justicia.\u00a0<\/p>\n<p>Al ser cuestionado durante su encuentro semanal con la prensa, el mandatario expres\u00f3 que la tragedia ha \u201cconmovido a todo el pa\u00eds\u201d y destac\u00f3 que las instituciones competentes ya han tomado acciones.\u00a0<\/p>\n<p>\u201cEse es un caso muy penoso, muy triste, que nos ha conmovido a todo el pa\u00eds. Nosotros confiamos en la acci\u00f3n del Ministerio P\u00fablico, que ya ha tomado medidas en ese sentido, y tambi\u00e9n el Ministerio de Educaci\u00f3n para prever otros casos y tener mayor control y regulaci\u00f3n\u201d, manifest\u00f3 Abinader.\u00a0<\/p>\n<p><strong>Medidas judiciales<\/strong><\/p>\n<p>El Ministerio P\u00fablico arrest\u00f3 recientemente a cuatro integrantes del centro educativo por su presunta responsabilidad en el homicidio involuntario de la menor de 11 a\u00f1os, quien falleci\u00f3 en una piscina de la hacienda Los Caballos, en Gurabo, Santiago.\u00a0<\/p>\n<p>Las detenidas son Yris del Carmen Reyes Adames, directora administrativa; Gisela Gonz\u00e1lez, coordinadora general y asesora del equipo directivo; Francisca Josefina Tavarez V\u00e9lez, orientadora; y Vilma Altagracia Vargas Morel, coordinadora del nivel secundario.\u00a0<\/p>\n<p>De acuerdo con la acusaci\u00f3n, el colegio moviliz\u00f3 87 ni\u00f1os con apenas tres cuidadoras, sin salvavidas, sin verificar si sab\u00edan nadar y sin tomar en cuenta la profundidad de las piscinas. Videos analizados por las autoridades evidencian presunta \u201cnegligencia extrema\u201d del personal responsable.\u00a0<\/p>\n<p><strong>Investigaci\u00f3n en curso<\/strong><\/p>\n<p>La pesquisa est\u00e1 a cargo de los procuradores Wilson Camacho y Olga Din\u00e1 Llaver\u00edas, bajo instrucci\u00f3n de la procuradora general, Yeni Berenice Reynoso. Adem\u00e1s, el Ministerio de Educaci\u00f3n fue requerido para realizar una inspecci\u00f3n conjunta al colegio, con el fin de identificar posibles pr\u00e1cticas que pongan en riesgo el inter\u00e9s superior del ni\u00f1o.\u00a0<\/p>\n<p>El caso ha generado profunda indignaci\u00f3n y exigencias de justicia por parte de la sociedad dominicana, que sigue atenta al proceso judicial contra los responsables.\u00a0 \u00a0<\/p>\n<\/div>\n","protected":false},"excerpt":{"rendered":"<p>Santo Domingo.\u2013 El presidente Luis Abinader calific\u00f3 este lunes como \u201cmuy penoso y muy triste\u201d el caso de la muerte por ahogamiento de la ni\u00f1a Stephora Anne-Mircie Joseph, ocurrida el pasado 14 de noviembre durante una excursi\u00f3n escolar organizada por el Colegio Leonardo Da Vinci, y asegur\u00f3 que conf\u00eda plenamente en la actuaci\u00f3n del Ministerio<\/p>\n","protected":false},"author":1,"featured_media":8099,"comment_status":"open","ping_status":"open","sticky":false,"template":"","format":"standard","meta":{"footnotes":""},"categories":[1],"tags":[],"class_list":["post-8098","post","type-post","status-publish","format-standard","has-post-thumbnail","hentry","category-nacionales"],"_links":{"self":[{"href":"https:\/\/acronoticias.com\/index.php\/wp-json\/wp\/v2\/posts\/8098","targetHints":{"allow":["GET"]}}],"collection":[{"href":"https:\/\/acronoticias.com\/index.php\/wp-json\/wp\/v2\/posts"}],"about":[{"href":"https:\/\/acronoticias.com\/index.php\/wp-json\/wp\/v2\/types\/post"}],"author":[{"embeddable":true,"href":"https:\/\/acronoticias.com\/index.php\/wp-json\/wp\/v2\/users\/1"}],"replies":[{"embeddable":true,"href":"https:\/\/acronoticias.com\/index.php\/wp-json\/wp\/v2\/comments?post=8098"}],"version-history":[{"count":0,"href":"https:\/\/acronoticias.com\/index.php\/wp-json\/wp\/v2\/posts\/8098\/revisions"}],"wp:featuredmedia":[{"embeddable":true,"href":"https:\/\/acronoticias.com\/index.php\/wp-json\/wp\/v2\/media\/8099"}],"wp:attachment":[{"href":"https:\/\/acronoticias.com\/index.php\/wp-json\/wp\/v2\/media?parent=8098"}],"wp:term":[{"taxonomy":"category","embeddable":true,"href":"https:\/\/acronoticias.com\/index.php\/wp-json\/wp\/v2\/categories?post=8098"},{"taxonomy":"post_tag","embeddable":true,"href":"https:\/\/acronoticias.com\/index.php\/wp-json\/wp\/v2\/tags?post=8098"}],"curies":[{"name":"wp","href":"https:\/\/api.w.org\/{rel}","templated":true}]}}