{"id":7644,"date":"2025-12-06T20:50:43","date_gmt":"2025-12-06T20:50:43","guid":{"rendered":"https:\/\/acronoticias.com\/index.php\/2025\/12\/06\/el-papa-afirma-que-no-permanecera-de-brazos-cruzados-ante-las-violaciones-de-los-derechos-humanos-el-nuevo-diario-republica-dominicana\/"},"modified":"2025-12-06T20:50:43","modified_gmt":"2025-12-06T20:50:43","slug":"el-papa-afirma-que-no-permanecera-de-brazos-cruzados-ante-las-violaciones-de-los-derechos-humanos-el-nuevo-diario-republica-dominicana","status":"publish","type":"post","link":"https:\/\/acronoticias.com\/index.php\/2025\/12\/06\/el-papa-afirma-que-no-permanecera-de-brazos-cruzados-ante-las-violaciones-de-los-derechos-humanos-el-nuevo-diario-republica-dominicana\/","title":{"rendered":"El papa afirma que no permanecer\u00e1 \u00abde brazos cruzados\u00bb ante las violaciones de los derechos humanos \u2013 El Nuevo Diario (Rep\u00fablica Dominicana)"},"content":{"rendered":"<div>\n<p><strong>VATICANO.- <\/strong>El papa Le\u00f3n XIV declar\u00f3 este s\u00e1bado a los nuevos embajadores ante la Santa Sede, que el Vaticano no permanecer\u00e1 \u00abde brazos cruzados\u00bb frente a las violaciones de los derechos humanos en el mundo.<\/p>\n<p>\u00abQuiero reafirmar que la Santa Sede no permanecer\u00e1 de brazos cruzados frente a las graves desigualdades, las injusticias y las violaciones de los derechos humanos fundamentales en nuestra comunidad internacional, cada vez m\u00e1s fracturada y sujeta a los conflictos\u00bb, dijo Le\u00f3n XIV a los trece embajadores.<\/p>\n<p>Es una de las primeras veces que el sumo pont\u00edfice estadounidense, nacionalizado peruano, expresa en t\u00e9rminos tan claros su opini\u00f3n desde que fue elegido en mayo para dirigir la Iglesia cat\u00f3lica tras el deceso del papa Francisco.<\/p>\n<p>La diplomacia de la Santa Sede, dijo el papa, est\u00e1 \u00abconstantemente orientada al servicio de la humanidad, principalmente apelando a las conciencias y permaneciendo atenta a la voz de los pobres, de las personas en situaci\u00f3n de vulnerabilidad o marginadas\u00bb.<\/p>\n<p>Al poner el acento en las desigualdades, Le\u00f3n XIV sigue la l\u00ednea de su predecesor, Francisco, en cuanto a prioridades: el argentino fue un firme defensor de los derechos de los migrantes y de otras poblaciones vulnerables.<\/p>\n<p>El jefe espiritual de 1.400 millones de cat\u00f3licos denunci\u00f3 el trato que se est\u00e1 dando a los migrantes en Estados Unidos bajo la presidencia de Donald Trump. El mes pasado, dijo que era \u00abextremadamente irrespetuoso\u00bb.<\/p>\n<p>Asimismo, Le\u00f3n XIV, que pas\u00f3 casi veinte a\u00f1os como misionero en Per\u00fa, conmemor\u00f3 el d\u00e9cimo aniversario de la beatificaci\u00f3n de los m\u00e1rtires de Chimbote, en Per\u00fa: los misioneros Micha\u0142 Tomaszek y Zbigniew Strza\u0142kowski, de Polonia, y el italiano Alessandro Dordi, asesinados por la guerrilla mao\u00edsta Sendero Luminoso en agosto de 1991.<\/p>\n<p>Consider\u00f3 que \u00absus vidas, as\u00ed como su martirio, pueden ser hoy una llamada a la unidad y a la misi\u00f3n para la Iglesia universal\u00bb.<\/p>\n<p>\u00abEn un tiempo marcado por sensibilidades diversas en el que con facilidad se cae en dicotom\u00edas o dial\u00e9cticas est\u00e9riles, los Beatos de Chimbote nos recuerdan que el Se\u00f1or es capaz de unir lo que nuestra l\u00f3gica humana tiende a separar\u00bb, recalc\u00f3.<\/p>\n<p>Los nuevos embajadores acreditados el s\u00e1bado, recibidos en audiencia en el Vaticano, provienen de Uzbekist\u00e1n, Moldavia, Bahr\u00e9in, Sri Lanka, Pakist\u00e1n, Liberia, Tailandia, Lesoto, Sud\u00e1frica, Fiyi, Micronesia, Letonia y Finlandia.<\/p>\n<p><h3 class=\"jp-relatedposts-headline\"><em>Relacionado<\/em><\/h3>\n<\/p>\n<p>\t\t\t\t\t\t<!-- .entry-footer --><br \/>\n\t\t\t\t\t\t<!-- \n\n<div data-type=\"_mgwidget\" data-widget-id=\"1743501\"><\/div>\n\n  -->\n\t\t\t\t\t<\/div>\n","protected":false},"excerpt":{"rendered":"<p>VATICANO.- El papa Le\u00f3n XIV declar\u00f3 este s\u00e1bado a los nuevos embajadores ante la Santa Sede, que el Vaticano no permanecer\u00e1 \u00abde brazos cruzados\u00bb frente a las violaciones de los derechos humanos en el mundo. \u00abQuiero reafirmar que la Santa Sede no permanecer\u00e1 de brazos cruzados frente a las graves desigualdades, las injusticias y las<\/p>\n","protected":false},"author":1,"featured_media":7645,"comment_status":"open","ping_status":"open","sticky":false,"template":"","format":"standard","meta":{"footnotes":""},"categories":[3],"tags":[],"class_list":["post-7644","post","type-post","status-publish","format-standard","has-post-thumbnail","hentry","category-internacionales"],"_links":{"self":[{"href":"https:\/\/acronoticias.com\/index.php\/wp-json\/wp\/v2\/posts\/7644","targetHints":{"allow":["GET"]}}],"collection":[{"href":"https:\/\/acronoticias.com\/index.php\/wp-json\/wp\/v2\/posts"}],"about":[{"href":"https:\/\/acronoticias.com\/index.php\/wp-json\/wp\/v2\/types\/post"}],"author":[{"embeddable":true,"href":"https:\/\/acronoticias.com\/index.php\/wp-json\/wp\/v2\/users\/1"}],"replies":[{"embeddable":true,"href":"https:\/\/acronoticias.com\/index.php\/wp-json\/wp\/v2\/comments?post=7644"}],"version-history":[{"count":0,"href":"https:\/\/acronoticias.com\/index.php\/wp-json\/wp\/v2\/posts\/7644\/revisions"}],"wp:featuredmedia":[{"embeddable":true,"href":"https:\/\/acronoticias.com\/index.php\/wp-json\/wp\/v2\/media\/7645"}],"wp:attachment":[{"href":"https:\/\/acronoticias.com\/index.php\/wp-json\/wp\/v2\/media?parent=7644"}],"wp:term":[{"taxonomy":"category","embeddable":true,"href":"https:\/\/acronoticias.com\/index.php\/wp-json\/wp\/v2\/categories?post=7644"},{"taxonomy":"post_tag","embeddable":true,"href":"https:\/\/acronoticias.com\/index.php\/wp-json\/wp\/v2\/tags?post=7644"}],"curies":[{"name":"wp","href":"https:\/\/api.w.org\/{rel}","templated":true}]}}