{"id":7258,"date":"2025-12-04T22:40:41","date_gmt":"2025-12-04T22:40:41","guid":{"rendered":"https:\/\/acronoticias.com\/index.php\/2025\/12\/04\/tras-muerte-de-nina-en-excursion-obispo-castro-marte-llama-a-cumplir-protocolos-y-crear-conciencia-antes-de-que-sea-tarde\/"},"modified":"2025-12-04T22:40:41","modified_gmt":"2025-12-04T22:40:41","slug":"tras-muerte-de-nina-en-excursion-obispo-castro-marte-llama-a-cumplir-protocolos-y-crear-conciencia-antes-de-que-sea-tarde","status":"publish","type":"post","link":"https:\/\/acronoticias.com\/index.php\/2025\/12\/04\/tras-muerte-de-nina-en-excursion-obispo-castro-marte-llama-a-cumplir-protocolos-y-crear-conciencia-antes-de-que-sea-tarde\/","title":{"rendered":"Tras muerte de ni\u00f1a en excursi\u00f3n, Obispo Castro Marte llama a cumplir protocolos y \u00abcrear conciencia antes de que sea tarde\u00bb"},"content":{"rendered":"<p><i class=\"bi bi-camera-fill\" style=\"font-size:18px; color:var(--rojo)\"\/> Ilustraci\u00f3n El Nuevo Diario.<\/p>\n<div>\n<p>EL NUEVO DIARIO, SANTO DOMINGO.\u2013 El obispo de la Di\u00f3cesis Nuestra Se\u00f1ora de la Altagracia en Hig\u00fcey, Jes\u00fas Castro Marte, llam\u00f3 este jueves a que las instituciones escolares del pa\u00eds cumplan de manera estricta los protocolos establecidos por el Ministerio de Educaci\u00f3n (MINERD) para la movilidad de ni\u00f1os, ni\u00f1as y adolescentes fuera del aula y \u00abcrear conciencia antes de que sea tarde\u00bb.<\/p>\n<p>A trav\u00e9s de cuenta de X, el prelado expres\u00f3 que, en su rol pastoral y administrativo, se mantiene como \u201cun abanderado del cumplimiento de todos los requisitos\u201d establecidos para cualquier actividad educativa fuera del plantel escolar.\u00a0Record\u00f3 que el Minerd exige que toda salida cuente con un objetivo curricular claro, consentimiento escrito de los padres o tutores, adem\u00e1s de la comunicaci\u00f3n formal y el visto bueno de la direcci\u00f3n del Distrito Educativo correspondiente, con notificaci\u00f3n a la Regional.<\/p>\n<p>\u201cEl Ministerio es muy claro al establecer que si se va a sacar a los ni\u00f1os, ni\u00f1as y adolescentes del ambiente \u00e1ulico y\/o del Centro Educativo, debe haber un objetivo curricular para ello\u2026 y debe existir la autorizaci\u00f3n debida. Cada vez son m\u00e1s vulnerables nuestros estudiantes, y nos toca cumplir y crear conciencia antes de que sea tarde\u201d, manifest\u00f3.<\/p>\n<blockquote class=\"twitter-tweet\">\n<p dir=\"ltr\" lang=\"es\">En mi condici\u00f3n de obispo de la Di\u00f3cesis Nuestra Se\u00f1ora de la Altagracia, y en mis funciones de Regente de centros educativos, soy un abanderado del cumplimiento de todos los requisitos con respecto a las movilidades de ni\u00f1os, ni\u00f1as y adolescentes a actividades fuera de lo\u2026<\/p>\n<p>\u2014 Obispo Castro Marte (@Jesuscastro126) <a href=\"https:\/\/twitter.com\/Jesuscastro126\/status\/1996536696905642284?ref_src=twsrc%5Etfw\">December 4, 2025<\/a><\/p>\n<\/blockquote>\n<p>Sus declaraciones surgen tras la muerte de Stephora Anne-Mircie Joseph, una estudiante de 11 a\u00f1os, que perdi\u00f3 la vida durante una excursi\u00f3n escolar en Santiago. El caso ha expuesto un cruce cr\u00edtico entre racismo anti-haitiano, violencia escolar y fallas sist\u00e9micas en la protecci\u00f3n infantil en la Rep\u00fablica Dominicana, seg\u00fan denuncias de su familia.<\/p>\n<p>Parientes de la menor aseguran que enfrentan retrasos en la entrega de evidencias y falta de claridad en la investigaci\u00f3n, mientras contin\u00faan saliendo a la luz alegaciones de que la ni\u00f1a era v\u00edctima de acoso racista en el centro educativo.<\/p>\n<p><h3 class=\"jp-relatedposts-headline\"><em>Relacionado<\/em><\/h3>\n<\/p>\n<p>\t\t\t\t\t\t<!-- .entry-footer --><br \/>\n\t\t\t\t\t\t<!-- \n\n<div data-type=\"_mgwidget\" data-widget-id=\"1743501\"><\/div>\n\n  -->\n\t\t\t\t\t<\/div>\n<p><script async src=\"\/\/platform.twitter.com\/widgets.js\" charset=\"utf-8\"><\/script><\/p>\n","protected":false},"excerpt":{"rendered":"<p>Ilustraci\u00f3n El Nuevo Diario. EL NUEVO DIARIO, SANTO DOMINGO.\u2013 El obispo de la Di\u00f3cesis Nuestra Se\u00f1ora de la Altagracia en Hig\u00fcey, Jes\u00fas Castro Marte, llam\u00f3 este jueves a que las instituciones escolares del pa\u00eds cumplan de manera estricta los protocolos establecidos por el Ministerio de Educaci\u00f3n (MINERD) para la movilidad de ni\u00f1os, ni\u00f1as y adolescentes<\/p>\n","protected":false},"author":1,"featured_media":7259,"comment_status":"open","ping_status":"open","sticky":false,"template":"","format":"standard","meta":{"footnotes":""},"categories":[1],"tags":[],"class_list":["post-7258","post","type-post","status-publish","format-standard","has-post-thumbnail","hentry","category-nacionales"],"_links":{"self":[{"href":"https:\/\/acronoticias.com\/index.php\/wp-json\/wp\/v2\/posts\/7258","targetHints":{"allow":["GET"]}}],"collection":[{"href":"https:\/\/acronoticias.com\/index.php\/wp-json\/wp\/v2\/posts"}],"about":[{"href":"https:\/\/acronoticias.com\/index.php\/wp-json\/wp\/v2\/types\/post"}],"author":[{"embeddable":true,"href":"https:\/\/acronoticias.com\/index.php\/wp-json\/wp\/v2\/users\/1"}],"replies":[{"embeddable":true,"href":"https:\/\/acronoticias.com\/index.php\/wp-json\/wp\/v2\/comments?post=7258"}],"version-history":[{"count":0,"href":"https:\/\/acronoticias.com\/index.php\/wp-json\/wp\/v2\/posts\/7258\/revisions"}],"wp:featuredmedia":[{"embeddable":true,"href":"https:\/\/acronoticias.com\/index.php\/wp-json\/wp\/v2\/media\/7259"}],"wp:attachment":[{"href":"https:\/\/acronoticias.com\/index.php\/wp-json\/wp\/v2\/media?parent=7258"}],"wp:term":[{"taxonomy":"category","embeddable":true,"href":"https:\/\/acronoticias.com\/index.php\/wp-json\/wp\/v2\/categories?post=7258"},{"taxonomy":"post_tag","embeddable":true,"href":"https:\/\/acronoticias.com\/index.php\/wp-json\/wp\/v2\/tags?post=7258"}],"curies":[{"name":"wp","href":"https:\/\/api.w.org\/{rel}","templated":true}]}}