{"id":7218,"date":"2025-12-04T18:28:22","date_gmt":"2025-12-04T18:28:22","guid":{"rendered":"https:\/\/acronoticias.com\/index.php\/2025\/12\/04\/infotep-gradua-1416-nuevos-tecnicos-docentes-y-especialistas-en-la-region-sur-el-nuevo-diario-republica-dominicana\/"},"modified":"2025-12-04T18:28:22","modified_gmt":"2025-12-04T18:28:22","slug":"infotep-gradua-1416-nuevos-tecnicos-docentes-y-especialistas-en-la-region-sur-el-nuevo-diario-republica-dominicana","status":"publish","type":"post","link":"https:\/\/acronoticias.com\/index.php\/2025\/12\/04\/infotep-gradua-1416-nuevos-tecnicos-docentes-y-especialistas-en-la-region-sur-el-nuevo-diario-republica-dominicana\/","title":{"rendered":"Infotep grad\u00faa 1,416 nuevos t\u00e9cnicos, docentes y especialistas en la regi\u00f3n sur \u2013 El Nuevo Diario (Rep\u00fablica Dominicana)"},"content":{"rendered":"<p><i class=\"bi bi-camera-fill\" style=\"font-size:18px; color:var(--rojo)\"\/> Graduaci\u00f3n de Infotep. (Foto: Infotep)<\/p>\n<div>\n<p>EL NUEVO DIARIO, SAN JUAN.- El Instituto Nacional de Formaci\u00f3n T\u00e9cnico Profesional (Infotep) gradu\u00f3 1,416 nuevos t\u00e9cnicos, docentes y especialistas en 17 ocupaciones de alta demanda, en la ceremonia ordinaria correspondiente a la regi\u00f3n sur del pa\u00eds.<\/p>\n<p>El director general del Infotep, profesor Rafael Santos Bad\u00eda, afirm\u00f3 que esta promoci\u00f3n fortalece la productividad y la generaci\u00f3n de empleos en todo el sur profundo.<\/p>\n<p>\u00abCada uno de estos graduandos representa una oportunidad real de transformar sus comunidades, aportando talento, creatividad y soluciones innovadoras a los sectores productivos locales\u00bb, expres\u00f3.<\/p>\n<figure id=\"attachment_2923841\" aria-describedby=\"caption-attachment-2923841\" style=\"width: 1185px\" class=\"wp-caption alignnone\"><img loading=\"lazy\" data-recalc-dims=\"1\" data-dominant-color=\"a59f9d\" data-has-transparency=\"false\" style=\"--dominant-color: #a59f9d;\" decoding=\"async\" class=\"size-full wp-image-2923841 not-transparent\" src=\"https:\/\/i0.wp.com\/nuevodiario-assets.s3.us-east-2.amazonaws.com\/wp-content\/uploads\/2025\/12\/Graduacion-de-Infotep-Region-Sur-.jpg?resize=640%2C361&amp;quality=100&amp;ssl=1\" alt=\"\" width=\"640\" height=\"361\" srcset=\"https:\/\/nuevodiario-assets.s3.us-east-2.amazonaws.com\/wp-content\/uploads\/2025\/12\/Graduacion-de-Infotep-Region-Sur-.jpg 1185w, https:\/\/nuevodiario-assets.s3.us-east-2.amazonaws.com\/wp-content\/uploads\/2025\/12\/Graduacion-de-Infotep-Region-Sur-.jpg 400w, https:\/\/nuevodiario-assets.s3.us-east-2.amazonaws.com\/wp-content\/uploads\/2025\/12\/Graduacion-de-Infotep-Region-Sur-.jpg 800w, https:\/\/nuevodiario-assets.s3.us-east-2.amazonaws.com\/wp-content\/uploads\/2025\/12\/Graduacion-de-Infotep-Region-Sur-.jpg 768w, https:\/\/nuevodiario-assets.s3.us-east-2.amazonaws.com\/wp-content\/uploads\/2025\/12\/Graduacion-de-Infotep-Region-Sur-.jpg 355w, https:\/\/nuevodiario-assets.s3.us-east-2.amazonaws.com\/wp-content\/uploads\/2025\/12\/Graduacion-de-Infotep-Region-Sur-.jpg 600w\" sizes=\"auto, (max-width: 640px) 100vw, 640px\"\/><figcaption id=\"caption-attachment-2923841\" class=\"wp-caption-text\"><em><strong>Graduaci\u00f3n de Infotep regi\u00f3n sur. (Foto: Infotep)<\/strong><\/em><\/figcaption><\/figure>\n<p>De acuerdo a una nota de prensa, del total de graduados, 1,108 corresponden a t\u00e9cnicos, 609 son mujeres y 499 hombres de los cuales el 54.96 % responde a la participaci\u00f3n femenina en la formaci\u00f3n t\u00e9cnico profesional. Asimismo, 177 docentes recibieron certificados que fortalecen la capacidad pedag\u00f3gica del instituto, y 131 trabajadores fueron certificados por competencias laborales.<\/p>\n<h3>Impacto territorial en el sur profundo<\/h3>\n<p>Santos Bad\u00eda destac\u00f3 que la distribuci\u00f3n territorial de los graduandos refleja el compromiso permanente del Infotep de llevar formaci\u00f3n a cada rinc\u00f3n del sur, garantizando acceso a oportunidades reales de empleabilidad.<\/p>\n<p>Los participantes provienen de las provincias San Juan, El\u00edas Pi\u00f1a, Azua, Barahona, Bahoruco, Independencia, Pedernales, San Jos\u00e9 de Ocoa, Peravia (Ban\u00ed) y San Crist\u00f3bal, as\u00ed como de comunidades como Vallejuelo, Bohech\u00edo, Hondo Valle y El Cercado.<\/p>\n<figure id=\"attachment_2923840\" aria-describedby=\"caption-attachment-2923840\" style=\"width: 854px\" class=\"wp-caption alignnone\"><img data-recalc-dims=\"1\" data-dominant-color=\"c1c0d7\" data-has-transparency=\"false\" style=\"--dominant-color: #c1c0d7;\" loading=\"lazy\" decoding=\"async\" class=\"size-full wp-image-2923840 not-transparent\" src=\"https:\/\/i0.wp.com\/nuevodiario-assets.s3.us-east-2.amazonaws.com\/wp-content\/uploads\/2025\/12\/Rafael-Santos-Badia-director-de-INFOTEP-en-graduacion-Region-Sur.jpg?resize=640%2C959&amp;quality=100&amp;ssl=1\" alt=\"\" width=\"640\" height=\"959\" srcset=\"https:\/\/nuevodiario-assets.s3.us-east-2.amazonaws.com\/wp-content\/uploads\/2025\/12\/Rafael-Santos-Badia-director-de-INFOTEP-en-graduacion-Region-Sur.jpg 854w, https:\/\/nuevodiario-assets.s3.us-east-2.amazonaws.com\/wp-content\/uploads\/2025\/12\/Rafael-Santos-Badia-director-de-INFOTEP-en-graduacion-Region-Sur.jpg 267w, https:\/\/nuevodiario-assets.s3.us-east-2.amazonaws.com\/wp-content\/uploads\/2025\/12\/Rafael-Santos-Badia-director-de-INFOTEP-en-graduacion-Region-Sur.jpg 534w, https:\/\/nuevodiario-assets.s3.us-east-2.amazonaws.com\/wp-content\/uploads\/2025\/12\/Rafael-Santos-Badia-director-de-INFOTEP-en-graduacion-Region-Sur.jpg 768w, https:\/\/nuevodiario-assets.s3.us-east-2.amazonaws.com\/wp-content\/uploads\/2025\/12\/Rafael-Santos-Badia-director-de-INFOTEP-en-graduacion-Region-Sur.jpg 600w\" sizes=\"auto, (max-width: 640px) 100vw, 640px\"\/><figcaption id=\"caption-attachment-2923840\" class=\"wp-caption-text\"><strong><em>Rafael Santos Bad\u00eda, director de Infotep en graduaci\u00f3n regi\u00f3n sur. (Foto: Infotep)<\/em><\/strong><\/figcaption><\/figure>\n<p>\u201cCada t\u00e9cnico, docente o especialista que hoy recibe su certificaci\u00f3n es un motor de desarrollo econ\u00f3mico en su provincia\u201d, subray\u00f3.<\/p>\n<p>Agreg\u00f3 que esta preparaci\u00f3n incrementar\u00e1 la productividad, generar\u00e1 empleos de calidad, impulsar\u00e1 nuevos emprendimientos y fortalecer\u00e1 los encadenamientos productivos, especialmente en sectores clave como la agricultura, la hosteler\u00eda, el comercio y los servicios.<\/p>\n<h3>\u00c1reas formativas y ocupaciones<\/h3>\n<p>Los participantes recibieron certificaciones en ocupaciones como arte culinario, asistencia en farmacia, auxiliar de enfermer\u00eda, bar y restaurante, belleza y peluquer\u00eda, community manager, construcciones met\u00e1licas, instalaci\u00f3n y mantenimiento el\u00e9ctrico industrial, masaje corporal y terap\u00e9utico, mantenimiento de veh\u00edculos de motor, entre otras.<\/p>\n<figure id=\"attachment_2923838\" aria-describedby=\"caption-attachment-2923838\" style=\"width: 1280px\" class=\"wp-caption alignnone\"><img data-recalc-dims=\"1\" data-dominant-color=\"9d9694\" data-has-transparency=\"false\" style=\"--dominant-color: #9d9694;\" loading=\"lazy\" decoding=\"async\" class=\"size-full wp-image-2923838 not-transparent\" src=\"https:\/\/i0.wp.com\/nuevodiario-assets.s3.us-east-2.amazonaws.com\/wp-content\/uploads\/2025\/12\/INFOTEP-gradua-1416-nuevos-tecnicos-docentes-y-especialistas-en-la-Region-Sur-fortaleciendo-la-productividad-y-el-empleo.jpg?resize=640%2C427&amp;quality=100&amp;ssl=1\" alt=\"\" width=\"640\" height=\"427\" srcset=\"https:\/\/nuevodiario-assets.s3.us-east-2.amazonaws.com\/wp-content\/uploads\/2025\/12\/INFOTEP-gradua-1416-nuevos-tecnicos-docentes-y-especialistas-en-la-Region-Sur-fortaleciendo-la-productividad-y-el-empleo.jpg 1280w, https:\/\/nuevodiario-assets.s3.us-east-2.amazonaws.com\/wp-content\/uploads\/2025\/12\/INFOTEP-gradua-1416-nuevos-tecnicos-docentes-y-especialistas-en-la-Region-Sur-fortaleciendo-la-productividad-y-el-empleo.jpg 400w, https:\/\/nuevodiario-assets.s3.us-east-2.amazonaws.com\/wp-content\/uploads\/2025\/12\/INFOTEP-gradua-1416-nuevos-tecnicos-docentes-y-especialistas-en-la-Region-Sur-fortaleciendo-la-productividad-y-el-empleo.jpg 800w, https:\/\/nuevodiario-assets.s3.us-east-2.amazonaws.com\/wp-content\/uploads\/2025\/12\/INFOTEP-gradua-1416-nuevos-tecnicos-docentes-y-especialistas-en-la-Region-Sur-fortaleciendo-la-productividad-y-el-empleo.jpg 768w, https:\/\/nuevodiario-assets.s3.us-east-2.amazonaws.com\/wp-content\/uploads\/2025\/12\/INFOTEP-gradua-1416-nuevos-tecnicos-docentes-y-especialistas-en-la-Region-Sur-fortaleciendo-la-productividad-y-el-empleo.jpg 410w, https:\/\/nuevodiario-assets.s3.us-east-2.amazonaws.com\/wp-content\/uploads\/2025\/12\/INFOTEP-gradua-1416-nuevos-tecnicos-docentes-y-especialistas-en-la-Region-Sur-fortaleciendo-la-productividad-y-el-empleo.jpg 600w\" sizes=\"auto, (max-width: 640px) 100vw, 640px\"\/><figcaption id=\"caption-attachment-2923838\" class=\"wp-caption-text\"><em><strong>Rafael Santos Bad\u00eda, director de Infotep en graduaci\u00f3n regi\u00f3n sur. (Foto: Infotep)<\/strong><\/em><\/figcaption><\/figure>\n<p>Tambi\u00e9n se certificaron en operaci\u00f3n y mantenimiento de plantas generadoras de energ\u00eda el\u00e9ctrica, plomer\u00eda, producci\u00f3n agr\u00edcola, programaci\u00f3n de bases de datos, mantenimiento de equipos de refrigeraci\u00f3n y aire acondicionado, reposter\u00eda y ventas de productos y servicios.<\/p>\n<h3>Empresas, emprendedores y agroindustria<\/h3>\n<p>Durante su intervenci\u00f3n, Santos Bad\u00eda inform\u00f3 que solo este a\u00f1o el Infotep acompa\u00f1\u00f3 a 689 empresas en procesos de capacitaci\u00f3n e innovaci\u00f3n, y form\u00f3 a 2,019 emprendedores en gesti\u00f3n empresarial, formalizaci\u00f3n y desarrollo de ideas de negocio.<\/p>\n<p>Asimismo, explic\u00f3 que en los \u00faltimos cuatro a\u00f1os se ha fortalecido el sector agroindustrial mediante programas de habilitaci\u00f3n y complementaci\u00f3n para 225 agricultores, adem\u00e1s de evaluar las competencias laborales de otros agricultores con miras a su certificaci\u00f3n plena.<\/p>\n<h3>Transformaci\u00f3n productiva y liderazgo femenino<\/h3>\n<p>Entre 2020 y 2025, en las provincias de San Juan y El\u00edas Pi\u00f1a, el Infotep ha capacitado a m\u00e1s de 125,345 personas, de las cuales 70,800 son mujeres. Santos Bad\u00eda resalt\u00f3 que las mujeres lideran cada vez m\u00e1s la transformaci\u00f3n productiva de sus comunidades, fortaleciendo la competitividad regional y abriendo espacios de desarrollo sostenible.<\/p>\n<figure id=\"attachment_2923836\" aria-describedby=\"caption-attachment-2923836\" style=\"width: 2560px\" class=\"wp-caption alignnone\"><img data-recalc-dims=\"1\" data-dominant-color=\"8e878d\" data-has-transparency=\"false\" style=\"--dominant-color: #8e878d;\" loading=\"lazy\" decoding=\"async\" class=\"size-full wp-image-2923836 not-transparent\" src=\"https:\/\/i0.wp.com\/nuevodiario-assets.s3.us-east-2.amazonaws.com\/wp-content\/uploads\/2025\/12\/Graduacion-del-Infotep-en-la-Region-Sur-scaled.jpg?resize=640%2C331&amp;quality=100&amp;ssl=1\" alt=\"\" width=\"640\" height=\"331\" srcset=\"https:\/\/nuevodiario-assets.s3.us-east-2.amazonaws.com\/wp-content\/uploads\/2025\/12\/Graduacion-del-Infotep-en-la-Region-Sur-scaled.jpg 2560w, https:\/\/nuevodiario-assets.s3.us-east-2.amazonaws.com\/wp-content\/uploads\/2025\/12\/Graduacion-del-Infotep-en-la-Region-Sur-scaled.jpg 400w, https:\/\/nuevodiario-assets.s3.us-east-2.amazonaws.com\/wp-content\/uploads\/2025\/12\/Graduacion-del-Infotep-en-la-Region-Sur-scaled.jpg 800w, https:\/\/nuevodiario-assets.s3.us-east-2.amazonaws.com\/wp-content\/uploads\/2025\/12\/Graduacion-del-Infotep-en-la-Region-Sur-scaled.jpg 768w, https:\/\/nuevodiario-assets.s3.us-east-2.amazonaws.com\/wp-content\/uploads\/2025\/12\/Graduacion-del-Infotep-en-la-Region-Sur-scaled.jpg 1536w, https:\/\/nuevodiario-assets.s3.us-east-2.amazonaws.com\/wp-content\/uploads\/2025\/12\/Graduacion-del-Infotep-en-la-Region-Sur-scaled.jpg 2048w, https:\/\/nuevodiario-assets.s3.us-east-2.amazonaws.com\/wp-content\/uploads\/2025\/12\/Graduacion-del-Infotep-en-la-Region-Sur-scaled.jpg 600w, https:\/\/nuevodiario-assets.s3.us-east-2.amazonaws.com\/wp-content\/uploads\/2025\/12\/Graduacion-del-Infotep-en-la-Region-Sur-scaled.jpg 1280w, https:\/\/nuevodiario-assets.s3.us-east-2.amazonaws.com\/wp-content\/uploads\/2025\/12\/Graduacion-del-Infotep-en-la-Region-Sur-scaled.jpg 1920w\" sizes=\"auto, (max-width: 640px) 100vw, 640px\"\/><figcaption id=\"caption-attachment-2923836\" class=\"wp-caption-text\"><em><strong>(Foto: Infotep)<\/strong><\/em><\/figcaption><\/figure>\n<p>Exhort\u00f3 adem\u00e1s a los graduandos a convertirse en agentes activos del crecimiento de sus comunidades y aplicar lo aprendido con excelencia, orgullo y responsabilidad.<\/p>\n<p>La ceremonia cont\u00f3 con la presencia de la gobernadora de la provincia, Ana Mar\u00eda Castillo; el alcalde de San Juan, Len\u00edn de la Rosa; el presidente del Plan de Desarrollo Econ\u00f3mico de San Juan de la Maguana, Luis Bonilla, y Ram\u00f3n Octavio Villegas, presidente de la Asociaci\u00f3n de Profesionales de Administraci\u00f3n y Negocios de San Juan.<\/p>\n<p>Tambi\u00e9n particip\u00f3 Maira Morla, sub directora general del Infotep, Santa Cuevas, directora regional Sur; Odelis Matos, director regional Valdesia y Jos\u00e9 Rafael Croussett, director de Formaci\u00f3n Profesional.<\/p>\n<p>La ceremonia se realiz\u00f3 en el recinto de la Universidad Aut\u00f3noma de Santo Domingo (UASD), en San Juan de la Maguana, y cont\u00f3 con la presencia de autoridades, empresarios y representantes comunitarios.<\/p>\n<p><h3 class=\"jp-relatedposts-headline\"><em>Relacionado<\/em><\/h3>\n<\/p>\n<p>\t\t\t\t\t\t<!-- .entry-footer --><br \/>\n\t\t\t\t\t\t<!-- \n\n<div data-type=\"_mgwidget\" data-widget-id=\"1743501\"><\/div>\n\n  -->\n\t\t\t\t\t<\/div>\n","protected":false},"excerpt":{"rendered":"<p>Graduaci\u00f3n de Infotep. (Foto: Infotep) EL NUEVO DIARIO, SAN JUAN.- El Instituto Nacional de Formaci\u00f3n T\u00e9cnico Profesional (Infotep) gradu\u00f3 1,416 nuevos t\u00e9cnicos, docentes y especialistas en 17 ocupaciones de alta demanda, en la ceremonia ordinaria correspondiente a la regi\u00f3n sur del pa\u00eds. El director general del Infotep, profesor Rafael Santos Bad\u00eda, afirm\u00f3 que esta promoci\u00f3n<\/p>\n","protected":false},"author":1,"featured_media":7219,"comment_status":"open","ping_status":"open","sticky":false,"template":"","format":"standard","meta":{"footnotes":""},"categories":[1],"tags":[],"class_list":["post-7218","post","type-post","status-publish","format-standard","has-post-thumbnail","hentry","category-nacionales"],"_links":{"self":[{"href":"https:\/\/acronoticias.com\/index.php\/wp-json\/wp\/v2\/posts\/7218","targetHints":{"allow":["GET"]}}],"collection":[{"href":"https:\/\/acronoticias.com\/index.php\/wp-json\/wp\/v2\/posts"}],"about":[{"href":"https:\/\/acronoticias.com\/index.php\/wp-json\/wp\/v2\/types\/post"}],"author":[{"embeddable":true,"href":"https:\/\/acronoticias.com\/index.php\/wp-json\/wp\/v2\/users\/1"}],"replies":[{"embeddable":true,"href":"https:\/\/acronoticias.com\/index.php\/wp-json\/wp\/v2\/comments?post=7218"}],"version-history":[{"count":0,"href":"https:\/\/acronoticias.com\/index.php\/wp-json\/wp\/v2\/posts\/7218\/revisions"}],"wp:featuredmedia":[{"embeddable":true,"href":"https:\/\/acronoticias.com\/index.php\/wp-json\/wp\/v2\/media\/7219"}],"wp:attachment":[{"href":"https:\/\/acronoticias.com\/index.php\/wp-json\/wp\/v2\/media?parent=7218"}],"wp:term":[{"taxonomy":"category","embeddable":true,"href":"https:\/\/acronoticias.com\/index.php\/wp-json\/wp\/v2\/categories?post=7218"},{"taxonomy":"post_tag","embeddable":true,"href":"https:\/\/acronoticias.com\/index.php\/wp-json\/wp\/v2\/tags?post=7218"}],"curies":[{"name":"wp","href":"https:\/\/api.w.org\/{rel}","templated":true}]}}