{"id":7000,"date":"2025-12-03T18:20:08","date_gmt":"2025-12-03T18:20:08","guid":{"rendered":"https:\/\/acronoticias.com\/index.php\/2025\/12\/03\/jimani-define-obras-comunitarias-para-2026-en-asamblea-de-presupuesto-participativo-el-nuevo-diario-republica-dominicana\/"},"modified":"2025-12-03T18:20:08","modified_gmt":"2025-12-03T18:20:08","slug":"jimani-define-obras-comunitarias-para-2026-en-asamblea-de-presupuesto-participativo-el-nuevo-diario-republica-dominicana","status":"publish","type":"post","link":"https:\/\/acronoticias.com\/index.php\/2025\/12\/03\/jimani-define-obras-comunitarias-para-2026-en-asamblea-de-presupuesto-participativo-el-nuevo-diario-republica-dominicana\/","title":{"rendered":"Jiman\u00ed define obras comunitarias para 2026 en asamblea de Presupuesto Participativo \u2013 El Nuevo Diario (Rep\u00fablica Dominicana)"},"content":{"rendered":"<div>\n<p>EL NUEVO DIARIO, JIMAN\u00cd.- Una asamblea de bloques, celebrada en la zona Sur Oeste (Bloque B), prioriz\u00f3 proyectos de mejora para el pr\u00f3ximo a\u00f1o 2026 en Jiman\u00ed, con una inversi\u00f3n de RD$ 355,480.80. La iniciativa forma parte del programa de ejecuci\u00f3n de obras del Presupuesto Participativo Municipal (PPM) impulsado por la alcald\u00eda.<\/p>\n<p>Esta segunda asamblea busca que organizaciones comunitarias, sociedad civil y otros actores sociales identifiquen las obras prioritarias para sus territorios.<\/p>\n<p>Entre las propuestas destacaron la instalaci\u00f3n de zafacones en puntos estrat\u00e9gicos del Bloque B, el mejoramiento de la iluminaci\u00f3n y la b\u00fasqueda de soluci\u00f3n a las aguas negras en el sector de Villa Solidaridad.<\/p>\n<p>El encuentro reuni\u00f3 a representantes de los sectores El Invi, Los Espartillos, Jiman\u00ed Viejo, Jiman\u00ed Nuevo, Barrio San Jos\u00e9 y Villa Armon\u00eda en el sal\u00f3n de actos del Ayuntamiento Municipal.<\/p>\n<figure id=\"attachment_2922466\" aria-describedby=\"caption-attachment-2922466\" style=\"width: 1440px\" class=\"wp-caption alignnone\"><img loading=\"lazy\" data-recalc-dims=\"1\" data-dominant-color=\"868580\" data-has-transparency=\"false\" style=\"--dominant-color: #868580;\" decoding=\"async\" class=\"size-full wp-image-2922466 not-transparent\" src=\"https:\/\/i0.wp.com\/nuevodiario-assets.s3.us-east-2.amazonaws.com\/wp-content\/uploads\/2025\/12\/Asamblea-1.jpeg?resize=640%2C480&amp;quality=100&amp;ssl=1\" alt=\"\" width=\"640\" height=\"480\" srcset=\"https:\/\/nuevodiario-assets.s3.us-east-2.amazonaws.com\/wp-content\/uploads\/2025\/12\/Asamblea-1.jpeg 1440w, https:\/\/nuevodiario-assets.s3.us-east-2.amazonaws.com\/wp-content\/uploads\/2025\/12\/Asamblea-1.jpeg 400w, https:\/\/nuevodiario-assets.s3.us-east-2.amazonaws.com\/wp-content\/uploads\/2025\/12\/Asamblea-1.jpeg 800w, https:\/\/nuevodiario-assets.s3.us-east-2.amazonaws.com\/wp-content\/uploads\/2025\/12\/Asamblea-1.jpeg 768w, https:\/\/nuevodiario-assets.s3.us-east-2.amazonaws.com\/wp-content\/uploads\/2025\/12\/Asamblea-1.jpeg 600w, https:\/\/nuevodiario-assets.s3.us-east-2.amazonaws.com\/wp-content\/uploads\/2025\/12\/Asamblea-1.jpeg 1280w\" sizes=\"auto, (max-width: 640px) 100vw, 640px\"\/><figcaption id=\"caption-attachment-2922466\" class=\"wp-caption-text\">Asamblea Bloque B en Jiman\u00ed (Foto: Ram\u00f3n Antonio Medina)<\/figcaption><\/figure>\n<p>Durante la actividad, fueron seleccionados Luis Emilio D\u00edaz y Carmen Cuevas V\u00f3lquez como delegados para representar al bloque ante el Comit\u00e9 de Seguimiento y Control Municipal, junto al equipo t\u00e9cnico del Ayuntamiento.<\/p>\n<p>Los regidores Jos\u00e9 Ricardo Matos y Yenni Tomasa M\u00e9ndez P\u00e9rez, presidente de la Sala Capitular, tambi\u00e9n estuvieron presentes y reafirmaron su compromiso de apoyar las iniciativas comunitarias.<\/p>\n<p>\u00a0<\/p>\n<p>JSB\/<\/p>\n<p><h3 class=\"jp-relatedposts-headline\"><em>Relacionado<\/em><\/h3>\n<\/p>\n<p>\t\t\t\t\t\t<!-- .entry-footer --><br \/>\n\t\t\t\t\t\t<!-- \n\n<div data-type=\"_mgwidget\" data-widget-id=\"1743501\"><\/div>\n\n  -->\n\t\t\t\t\t<\/div>\n","protected":false},"excerpt":{"rendered":"<p>EL NUEVO DIARIO, JIMAN\u00cd.- Una asamblea de bloques, celebrada en la zona Sur Oeste (Bloque B), prioriz\u00f3 proyectos de mejora para el pr\u00f3ximo a\u00f1o 2026 en Jiman\u00ed, con una inversi\u00f3n de RD$ 355,480.80. La iniciativa forma parte del programa de ejecuci\u00f3n de obras del Presupuesto Participativo Municipal (PPM) impulsado por la alcald\u00eda. Esta segunda asamblea<\/p>\n","protected":false},"author":1,"featured_media":7001,"comment_status":"open","ping_status":"open","sticky":false,"template":"","format":"standard","meta":{"footnotes":""},"categories":[1],"tags":[],"class_list":["post-7000","post","type-post","status-publish","format-standard","has-post-thumbnail","hentry","category-nacionales"],"_links":{"self":[{"href":"https:\/\/acronoticias.com\/index.php\/wp-json\/wp\/v2\/posts\/7000","targetHints":{"allow":["GET"]}}],"collection":[{"href":"https:\/\/acronoticias.com\/index.php\/wp-json\/wp\/v2\/posts"}],"about":[{"href":"https:\/\/acronoticias.com\/index.php\/wp-json\/wp\/v2\/types\/post"}],"author":[{"embeddable":true,"href":"https:\/\/acronoticias.com\/index.php\/wp-json\/wp\/v2\/users\/1"}],"replies":[{"embeddable":true,"href":"https:\/\/acronoticias.com\/index.php\/wp-json\/wp\/v2\/comments?post=7000"}],"version-history":[{"count":0,"href":"https:\/\/acronoticias.com\/index.php\/wp-json\/wp\/v2\/posts\/7000\/revisions"}],"wp:featuredmedia":[{"embeddable":true,"href":"https:\/\/acronoticias.com\/index.php\/wp-json\/wp\/v2\/media\/7001"}],"wp:attachment":[{"href":"https:\/\/acronoticias.com\/index.php\/wp-json\/wp\/v2\/media?parent=7000"}],"wp:term":[{"taxonomy":"category","embeddable":true,"href":"https:\/\/acronoticias.com\/index.php\/wp-json\/wp\/v2\/categories?post=7000"},{"taxonomy":"post_tag","embeddable":true,"href":"https:\/\/acronoticias.com\/index.php\/wp-json\/wp\/v2\/tags?post=7000"}],"curies":[{"name":"wp","href":"https:\/\/api.w.org\/{rel}","templated":true}]}}