{"id":67810,"date":"2026-09-06T22:29:39","date_gmt":"2026-09-06T22:29:39","guid":{"rendered":"https:\/\/acronoticias.com\/index.php\/2026\/09\/06\/nauru-abrira-embajada-en-jerusalen-y-sera-la-novena-nacion\/"},"modified":"2026-09-06T22:29:39","modified_gmt":"2026-09-06T22:29:39","slug":"nauru-abrira-embajada-en-jerusalen-y-sera-la-novena-nacion","status":"publish","type":"post","link":"https:\/\/acronoticias.com\/index.php\/2026\/09\/06\/nauru-abrira-embajada-en-jerusalen-y-sera-la-novena-nacion\/","title":{"rendered":"Nauru abrir\u00e1 embajada en Jerusal\u00e9n y ser\u00e1 la novena naci\u00f3n"},"content":{"rendered":"<div id=\"nota-texto\">\n<p><strong>Jerusal\u00e9n<\/strong>.- El ministro de <a href=\"https:\/\/noticiassin.com\/tag\/asuntos-exteriores\/\" class=\"nsin-auto-tag-link\">Asuntos Exteriores<\/a> israel\u00ed, <strong><a rel=\"nofollow\" href=\"https:\/\/www.gov.il\/en\/departments\/ministry_of_foreign_affairs\">Gideon Saar<\/a><\/strong>, anunci\u00f3 este domingo que la <strong>Rep\u00fablica de Nauru<\/strong>, la naci\u00f3n insular m\u00e1s peque\u00f1a del mundo, abrir\u00e1 ma\u00f1ana su embajada en <strong>Jerusal\u00e9n<\/strong> -cuya parte este es igualmente reclamada por los palestinos como su capital- y se convertir\u00e1 en el noveno pa\u00eds del mundo en dar este paso.<\/p>\n<p><strong>Nauru<\/strong> es un verdadero amigo de <strong>Israel<\/strong>, que consistentemente se mantiene a nuestro lado en la escena internacional. Esta noche, discutimos una serie de formas de profundizar y fortalecer los lazos entre nuestros pa\u00edses. \u00a1Continuar\u00e9 trabajando para avanzar en el reconocimiento internacional de <strong>Jerusal\u00e9n<\/strong> como capital de <strong>Israel<\/strong>!\u00bb, escribi\u00f3 <strong>Saar<\/strong> en su cuenta de X.<\/p>\n<p>El titular de Exteriores israel\u00ed se reuni\u00f3 este domingo para ello con <strong>Lionel Aingimea<\/strong>, vicepresidente y ministro de Asuntos Exteriores de <strong>Nauru<\/strong>.<\/p>\n<figure class=\"wp-block-image size-full\"><img decoding=\"async\" src=\"https:\/\/multimedia.noticiassin.com\/wp-content\/uploads\/2026\/09\/borrador-automatico-20260906-211407-0Eje.webp\" alt=\"Ceremonia con bandera de Nauru mientras el pa\u00eds anuncia la apertura de su embajada en Jerusal\u00e9n\" class=\"wp-image-2109754\"\/><figcaption class=\"wp-element-caption\">Ceremonia oficial con la bandera de Nauru, pa\u00eds que abrir\u00e1 su embajada en Jerusal\u00e9n y se convertir\u00e1 en el noveno en hacerlo.<\/figcaption><\/figure>\n<h2 id=\"nauru-abrira-su-embajada-en-jerusalen\" class=\"wp-block-heading\">Nauru abrir\u00e1 su embajada en Jerusal\u00e9n<\/h2>\n<p>El tercer Estado soberano m\u00e1s peque\u00f1o del mundo, por detr\u00e1s de <strong>Ciudad del Vaticano<\/strong> y <strong>M\u00f3naco<\/strong>, se unir\u00e1 a <strong>Somalilandia<\/strong>, <strong>EE. UU.<\/strong>, <strong>Guatemala<\/strong>, <strong>Honduras<\/strong>, <strong>Kosovo<\/strong>, <strong><a href=\"https:\/\/noticiassin.com\/tag\/papua-nueva-guinea\/\" class=\"nsin-auto-tag-link\">Pap\u00faa Nueva Guinea<\/a><\/strong>, <strong>Paraguay<\/strong> y <strong>Fiyi<\/strong>, que cuentan ya con embajadas abiertas en <strong>Jerusal\u00e9n<\/strong>.<\/p>\n<p>Otros pa\u00edses como <strong>Argentina<\/strong> o <strong>Colombia<\/strong> tambi\u00e9n han manifestado su deseo de fortalecer su relaci\u00f3n con <strong>Israel<\/strong> a trav\u00e9s de esta misma medida.<\/p>\n<div class=\"nbs-subscribe-box \">\n<p>Suscribete al newsletter de Noticias SIN<\/p>\n<\/div>\n<h2 id=\"jerusalen-foco-de-disputa-diplomatica\" class=\"wp-block-heading\">Jerusal\u00e9n, foco de disputa diplom\u00e1tica<\/h2>\n<p><strong>Israel<\/strong> considera <strong>Jerusal\u00e9n<\/strong> (incluida su parte este, ocupada en 1967 y anexionada unilateralmente en 1980) como su capital \u00fanica e indivisible, algo que no reconoce la comunidad internacional, mientras que los palestinos reclaman <strong><a href=\"https:\/\/noticiassin.com\/tag\/jerusalen-este\/\" class=\"nsin-auto-tag-link\">Jerusal\u00e9n Este<\/a><\/strong> como su capital.<\/p>\n<p>La mayor\u00eda de naciones tienen su embajada en <strong><a href=\"https:\/\/noticiassin.com\/tag\/tel-aviv\/\" class=\"nsin-auto-tag-link\">Tel Aviv<\/a><\/strong> y cuentan con oficinas o consulados en <strong>Jerusal\u00e9n<\/strong>; algunos, como el de <strong>Espa\u00f1a<\/strong>, establecidos antes del nacimiento del <strong><a href=\"https:\/\/noticiassin.com\/tag\/estado-de-israel\/\" class=\"nsin-auto-tag-link\">Estado de Israel<\/a><\/strong>, en 1948, sirven para dar servicio a los palestinos.<\/p>\n<p>En diciembre de 2017, el presidente de <strong>Estados Unidos<\/strong>, <strong><a href=\"https:\/\/noticiassin.com\/persona\/donald-trump\/\" class=\"nsin-auto-tag-link\">Donald Trump<\/a><\/strong>, anunci\u00f3 oficialmente el reconocimiento de <strong>Jerusal\u00e9n<\/strong> como capital de <strong>Israel<\/strong>, y en 2018 traslad\u00f3 all\u00ed la embajada estadounidense, provocando un terremoto pol\u00edtico en la regi\u00f3n de <strong><a href=\"https:\/\/noticiassin.com\/tag\/oriente-medio\/\" class=\"nsin-auto-tag-link\">Oriente Medio<\/a><\/strong>.\u00a0<\/p>\n<ul class=\"wp-block-list\">\n<li>El estatus de <strong>Jerusal\u00e9n<\/strong> es uno de los asuntos m\u00e1s sensibles del conflicto israel\u00ed-palestino. <strong>Israel considera a toda Jerusal\u00e9n como su capital<\/strong>, incluida la parte oriental de la ciudad, mientras que los <strong>palestinos reclaman Jerusal\u00e9n Este como capital de un futuro Estado palestino<\/strong>.<\/li>\n<li>La <strong>ONU no reconoce la anexi\u00f3n israel\u00ed de Jerusal\u00e9n Este<\/strong> y mantiene que su estatus definitivo debe resolverse mediante negociaciones.<\/li>\n<\/ul>\n<p>Israel ocup\u00f3 <strong>Jerusal\u00e9n Este en 1967<\/strong> y posteriormente extendi\u00f3 all\u00ed su legislaci\u00f3n y administraci\u00f3n. En <strong>1980<\/strong>, aprob\u00f3 una ley que proclam\u00f3 a Jerusal\u00e9n como su capital \u201ccompleta y unida\u201d, una decisi\u00f3n que fue rechazada por el <strong>Consejo de Seguridad de Naciones Unidas<\/strong>, que pidi\u00f3 a los pa\u00edses retirar sus misiones diplom\u00e1ticas de la ciudad.<\/p>\n<p>Un cambio importante se produjo en <strong>diciembre de 2017<\/strong>, cuando el entonces presidente estadounidense <strong>Donald Trump<\/strong> reconoci\u00f3 oficialmente a Jerusal\u00e9n como capital de Israel. En <strong>mayo de 2018<\/strong>, Estados Unidos traslad\u00f3 su embajada desde Tel Aviv hasta Jerusal\u00e9n, rompiendo con d\u00e9cadas de pol\u00edtica diplom\u00e1tica estadounidense.<\/p>\n<p>Despu\u00e9s de la decisi\u00f3n de Washington, otros pa\u00edses siguieron el mismo camino. Entre los Estados que han establecido embajadas en Jerusal\u00e9n figuran <strong>Guatemala, Honduras, Kosovo, Pap\u00faa Nueva Guinea, Paraguay y Fiyi<\/strong>, adem\u00e1s de otras naciones que han anunciado planes similares.<\/p>\n<p>\u00abLa mayor\u00eda de los pa\u00edses, sin embargo, mantienen sus embajadas en el \u00e1rea de <strong>Tel Aviv<\/strong> debido a la disputa sobre el estatus de Jerusal\u00e9n\u00bb.<\/p>\n<section class=\"article-topics\" aria-labelledby=\"article-topics-title\">\n<h3 id=\"article-topics-title\"><span id=\"temas\">Temas<\/span><\/h3>\n<p><a class=\"topic-chip\" href=\"https:\/\/noticiassin.com\/tag\/embajada-en-jerusalen\/\">embajada en jerusal\u00e9n<\/a><a class=\"topic-chip\" href=\"https:\/\/noticiassin.com\/tag\/gideon-saar\/\">gideon saar<\/a><a class=\"topic-chip\" href=\"https:\/\/noticiassin.com\/tag\/israel\/\">israel<\/a><a class=\"topic-chip\" href=\"https:\/\/noticiassin.com\/tag\/jerusalen\/\">jerusal\u00e9n<\/a><a class=\"topic-chip\" href=\"https:\/\/noticiassin.com\/tag\/nauru\/\">nauru<\/a><a class=\"topic-chip\" href=\"https:\/\/noticiassin.com\/tag\/tel-aviv\/\">tel aviv<\/a><\/section>\n<\/div>\n","protected":false},"excerpt":{"rendered":"Jerusal\u00e9n.- El ministro de Asuntos Exteriores israel\u00ed, Gideon Saar, anunci\u00f3 este domingo&hellip;\n","protected":false},"author":1,"featured_media":67811,"comment_status":"open","ping_status":"open","sticky":false,"template":"","format":"standard","meta":{"footnotes":""},"categories":[3],"tags":[],"class_list":["post-67810","post","type-post","status-publish","format-standard","has-post-thumbnail","category-internacionales"],"_links":{"self":[{"href":"https:\/\/acronoticias.com\/index.php\/wp-json\/wp\/v2\/posts\/67810","targetHints":{"allow":["GET"]}}],"collection":[{"href":"https:\/\/acronoticias.com\/index.php\/wp-json\/wp\/v2\/posts"}],"about":[{"href":"https:\/\/acronoticias.com\/index.php\/wp-json\/wp\/v2\/types\/post"}],"author":[{"embeddable":true,"href":"https:\/\/acronoticias.com\/index.php\/wp-json\/wp\/v2\/users\/1"}],"replies":[{"embeddable":true,"href":"https:\/\/acronoticias.com\/index.php\/wp-json\/wp\/v2\/comments?post=67810"}],"version-history":[{"count":0,"href":"https:\/\/acronoticias.com\/index.php\/wp-json\/wp\/v2\/posts\/67810\/revisions"}],"wp:featuredmedia":[{"embeddable":true,"href":"https:\/\/acronoticias.com\/index.php\/wp-json\/wp\/v2\/media\/67811"}],"wp:attachment":[{"href":"https:\/\/acronoticias.com\/index.php\/wp-json\/wp\/v2\/media?parent=67810"}],"wp:term":[{"taxonomy":"category","embeddable":true,"href":"https:\/\/acronoticias.com\/index.php\/wp-json\/wp\/v2\/categories?post=67810"},{"taxonomy":"post_tag","embeddable":true,"href":"https:\/\/acronoticias.com\/index.php\/wp-json\/wp\/v2\/tags?post=67810"}],"curies":[{"name":"wp","href":"https:\/\/api.w.org\/{rel}","templated":true}]}}