{"id":67800,"date":"2026-09-06T21:30:41","date_gmt":"2026-09-06T21:30:41","guid":{"rendered":"https:\/\/acronoticias.com\/index.php\/2026\/09\/06\/frente-amplio-realiza-octava-caminata-en-sdo-contra-alto-costo-de-vida-y-apagones\/"},"modified":"2026-09-06T21:30:41","modified_gmt":"2026-09-06T21:30:41","slug":"frente-amplio-realiza-octava-caminata-en-sdo-contra-alto-costo-de-vida-y-apagones","status":"publish","type":"post","link":"https:\/\/acronoticias.com\/index.php\/2026\/09\/06\/frente-amplio-realiza-octava-caminata-en-sdo-contra-alto-costo-de-vida-y-apagones\/","title":{"rendered":"Frente Amplio realiza octava caminata en SDO contra alto costo de vida y apagones"},"content":{"rendered":"<p><img loading=\"lazy\" decoding=\"async\" width=\"355\" height=\"200\" src=\"https:\/\/nuevodiario-assets.s3.us-east-2.amazonaws.com\/wp-content\/uploads\/2026\/02\/Maria-Teresa-355x200.jpeg\" class=\"webfeedsFeaturedVisual wp-post-image\" alt=\"\" style=\"display: block;margin-bottom: 5px;clear:both;max-width: 100%\" \/><\/p>\n<p class=\"isSelectedEnd\">EL NUEVO DIARIO, SANTO DOMINGO.<strong>\u2013<\/strong> El Frente Amplio realiz\u00f3 este domingo su octava caminata-protesta en Santo Domingo Oeste para exigir al Gobierno medidas urgentes que permitan reducir el alto costo de la vida, los precios de los alimentos y medicamentos, as\u00ed como poner fin a los apagones que afectan a la poblaci\u00f3n.<\/p>\n<p class=\"isSelectedEnd\">La movilizaci\u00f3n parti\u00f3 a las 9:30 de la ma\u00f1ana desde la avenida Isabel Aguiar con M\u00e9xico, donde los participantes recorrieron las calles del municipio portando banderas y pancartas con mensajes alusivos a sus reclamos.<\/p>\n<p class=\"isSelectedEnd\">Carlos Rosario, presidente del Comit\u00e9 Municipal del Frente Amplio en Santo Domingo Oeste, afirm\u00f3 que persiste el deterioro del poder adquisitivo de las familias dominicanas, debido al incremento de los precios y al limitado alcance de los ingresos.<\/p>\n<p class=\"isSelectedEnd\">\u201cLa poblaci\u00f3n siente que su salario cada vez alcanza menos. Hoy, las familias tienen que comprar menos alimentos, sustituir productos esenciales y limitar sus gastos porque el dinero ya no rinde. Esa es una realidad que nadie puede ocultar\u201d, expres\u00f3 Rosario.<\/p>\n<p class=\"isSelectedEnd\">El dirigente pol\u00edtico reiter\u00f3 el llamado a la poblaci\u00f3n a organizarse y participar en las acciones de protesta para reclamar al Gobierno respuestas frente al costo de la vida y los dem\u00e1s problemas se\u00f1alados por la organizaci\u00f3n.<\/p>\n<p class=\"isSelectedEnd\">Durante la jornada, el Frente Amplio tambi\u00e9n demand\u00f3 una reducci\u00f3n en los precios de los medicamentos y el cese de los apagones.<\/p>\n<p class=\"isSelectedEnd\">La caminata concit\u00f3 la atenci\u00f3n de residentes de la zona, algunos de los cuales observaron el recorrido y manifestaron su identificaci\u00f3n con las demandas planteadas por los participantes.<\/p>\n<p class=\"isSelectedEnd\">El Frente Amplio indic\u00f3 que estas movilizaciones forman parte de una agenda que desarrolla desde hace m\u00e1s de un a\u00f1o en distintos municipios del pa\u00eds, en defensa del poder adquisitivo de la poblaci\u00f3n y de los derechos democr\u00e1ticos.<\/p>\n<p class=\"isSelectedEnd\">La organizaci\u00f3n llam\u00f3 a los residentes de Santo Domingo Oeste, juntas de vecinos, organizaciones comunitarias, comerciantes, trabajadores, j\u00f3venes y mujeres a integrarse a las movilizaciones y mantener la participaci\u00f3n ciudadana.<\/p>\n<p>El partido sostuvo que la participaci\u00f3n de la poblaci\u00f3n es necesaria para impulsar pol\u00edticas p\u00fablicas dirigidas a proteger el poder adquisitivo de las familias dominicanas.<\/p>\n<p>La entrada <a href=\"https:\/\/elnuevodiario.com.do\/frente-amplio-realiza-octava-caminata-en-sdo-contra-alto-costo-de-vida-y-apagones\/\">Frente Amplio realiza octava caminata en SDO contra alto costo de vida y apagones<\/a> se public\u00f3 primero en <a href=\"https:\/\/elnuevodiario.com.do\">El Nuevo Diario (Rep\u00fablica Dominicana)<\/a>.<\/p>\n","protected":false},"excerpt":{"rendered":"EL NUEVO DIARIO, SANTO DOMINGO.\u2013 El Frente Amplio realiz\u00f3 este domingo su&hellip;\n","protected":false},"author":1,"featured_media":67801,"comment_status":"open","ping_status":"open","sticky":false,"template":"","format":"standard","meta":{"footnotes":""},"categories":[1],"tags":[],"class_list":["post-67800","post","type-post","status-publish","format-standard","has-post-thumbnail","category-nacionales"],"_links":{"self":[{"href":"https:\/\/acronoticias.com\/index.php\/wp-json\/wp\/v2\/posts\/67800","targetHints":{"allow":["GET"]}}],"collection":[{"href":"https:\/\/acronoticias.com\/index.php\/wp-json\/wp\/v2\/posts"}],"about":[{"href":"https:\/\/acronoticias.com\/index.php\/wp-json\/wp\/v2\/types\/post"}],"author":[{"embeddable":true,"href":"https:\/\/acronoticias.com\/index.php\/wp-json\/wp\/v2\/users\/1"}],"replies":[{"embeddable":true,"href":"https:\/\/acronoticias.com\/index.php\/wp-json\/wp\/v2\/comments?post=67800"}],"version-history":[{"count":0,"href":"https:\/\/acronoticias.com\/index.php\/wp-json\/wp\/v2\/posts\/67800\/revisions"}],"wp:featuredmedia":[{"embeddable":true,"href":"https:\/\/acronoticias.com\/index.php\/wp-json\/wp\/v2\/media\/67801"}],"wp:attachment":[{"href":"https:\/\/acronoticias.com\/index.php\/wp-json\/wp\/v2\/media?parent=67800"}],"wp:term":[{"taxonomy":"category","embeddable":true,"href":"https:\/\/acronoticias.com\/index.php\/wp-json\/wp\/v2\/categories?post=67800"},{"taxonomy":"post_tag","embeddable":true,"href":"https:\/\/acronoticias.com\/index.php\/wp-json\/wp\/v2\/tags?post=67800"}],"curies":[{"name":"wp","href":"https:\/\/api.w.org\/{rel}","templated":true}]}}