{"id":67798,"date":"2026-09-06T21:29:00","date_gmt":"2026-09-06T21:29:00","guid":{"rendered":"https:\/\/acronoticias.com\/index.php\/2026\/09\/06\/directora-regional-del-pma-llega-a-honduras-para-evaluar-impacto-de-la-sequia-por-el-nino\/"},"modified":"2026-09-06T21:29:00","modified_gmt":"2026-09-06T21:29:00","slug":"directora-regional-del-pma-llega-a-honduras-para-evaluar-impacto-de-la-sequia-por-el-nino","status":"publish","type":"post","link":"https:\/\/acronoticias.com\/index.php\/2026\/09\/06\/directora-regional-del-pma-llega-a-honduras-para-evaluar-impacto-de-la-sequia-por-el-nino\/","title":{"rendered":"Directora regional del PMA llega a Honduras para evaluar impacto de la sequ\u00eda por El Ni\u00f1o"},"content":{"rendered":"<p><strong>Tegucigalpa<\/strong>.- La directora regional para <strong>Latinoam\u00e9rica<\/strong> y el <strong>Caribe<\/strong> del <a rel=\"nofollow\" href=\"https:\/\/es.wfp.org\/\"><strong>Programa Mundial de Alimentos<\/strong> (<strong>PMA<\/strong>)<\/a>, <strong>Lena Savelli<\/strong>, lleg\u00f3 este domingo a <strong>Honduras<\/strong> para evaluar el impacto de la sequ\u00eda derivada del fen\u00f3meno clim\u00e1tico de <strong>El Ni\u00f1o<\/strong> y reunirse con el presidente del pa\u00eds, <strong>Nasry \u2018Tito\u2019 Asfura<\/strong>.<\/p>\n<p>Una fuente de la agencia de las <strong>Naciones Unidas<\/strong> confirm\u00f3 a <strong>EFE<\/strong> el arribo de <strong>Savelli<\/strong> a <strong>Tegucigalpa<\/strong>, donde este lunes mantendr\u00e1 un encuentro con <strong>Asfura<\/strong> para coordinar acciones ante la crisis h\u00eddrica que golpea la zona m\u00e1s \u00e1rida del pa\u00eds centroamericano.<\/p>\n<p>\u00ab\u200bSu visita al pa\u00eds reafirma el compromiso del<strong> Programa Mundial de Alimentos <\/strong>de continuar apoyando los esfuerzos del Gobierno de Honduras para apoyar a las familias m\u00e1s vulnerables, trabajando juntos por aquellos que m\u00e1s lo necesitan\u00bb, subray\u00f3 la misma fuente.<\/p>\n<figure class=\"wp-block-image size-full\"><img decoding=\"async\" src=\"https:\/\/multimedia.noticiassin.com\/wp-content\/uploads\/2026\/09\/el-83-de-empresas-peruanas-toma-previsiones-ante-fenomeno-el-nino-segun-encue-20260905-173449-VzIf.webp\" alt=\"El 83 % de empresas peruanas toma previsiones ante fen\u00f3meno El Ni\u00f1o, seg\u00fan encuesta\" class=\"wp-image-2109360\" \/><figcaption class=\"wp-element-caption\">El 83 % de empresas peruanas toma previsiones ante fen\u00f3meno El Ni\u00f1o, seg\u00fan encuesta<\/figcaption><\/figure>\n<h2 id=\"agenda-del-pma-en-honduras\" class=\"wp-block-heading\">Agenda del PMA en Honduras<\/h2>\n<p>Durante su agenda, la alta funcionaria visitar\u00e1 iniciativas de asistencia t\u00e9cnica y acceso a mercados para peque\u00f1os productores, enmarcadas en el programa <strong>\u2013<\/strong>, orientado a reforzar la alimentaci\u00f3n escolar en los municipios m\u00e1s castigados por la falta de lluvias.<\/p>\n<p><strong>Honduras<\/strong> es uno de los pa\u00edses centroamericanos donde el fen\u00f3meno clim\u00e1tico comienza a sentirse \u00abcon mayor intensidad\u00bb, con p\u00e9rdidas sustanciales en las cosechas que comprometen la subsistencia de miles de familias agricultoras, enfatiz\u00f3 el <strong>PMA<\/strong>.<\/p>\n<h2 id=\"sequia-alertas-y-deficit-de-lluvias\" class=\"wp-block-heading\">Sequ\u00eda, alertas y d\u00e9ficit de lluvias<\/h2>\n<p>Actualmente, las autoridades hondure\u00f1as mantienen en alerta roja a<strong> 103 de los 298 municipios <\/strong>del pa\u00eds debido a una sequ\u00eda que afecta tanto a la agricultura y la ganader\u00eda como al abastecimiento de agua potable para uso dom\u00e9stico.<\/p>\n<p>Seg\u00fan los datos del <strong>Centro Nacional de Estudios Atmosf\u00e9ricos, Oceanogr\u00e1ficos y S\u00edsmicos<\/strong> (<strong>Cenaos<\/strong>), el pa\u00eds registra \u00abcondiciones m\u00e1s c\u00e1lidas y secas de lo normal, asociadas a un evento de <strong>El Ni\u00f1o<\/strong> fuerte\u00bb, con un d\u00e9ficit de precipitaci\u00f3n acumulado de entre 100 y 200 mil\u00edmetros.<\/p>\n<p>Esta prolongada escasez de lluvias ha obligado, adem\u00e1s, a endurecer los racionamientos de agua en <strong>Tegucigalpa<\/strong>, la capital, ante el cr\u00edtico descenso en las reservas de sus principales embalses.<\/p>\n<p><strong>Honduras<\/strong> forma parte del <strong>Corredor Seco centroamericano<\/strong>, una zona especialmente vulnerable a per\u00edodos prolongados de sequ\u00eda, lluvias irregulares y p\u00e9rdidas agr\u00edcolas. Estas condiciones afectan con mayor fuerza a los peque\u00f1os productores que dependen de cultivos b\u00e1sicos como <strong>ma\u00edz y frijoles<\/strong> para su alimentaci\u00f3n y sus ingresos.<\/p>\n<ul class=\"wp-block-list\">\n<li>El <strong>Programa Mundial de Alimentos (PMA)<\/strong> se\u00f1ala que la inseguridad alimentaria en Honduras est\u00e1 vinculada, entre otros factores, a los <strong>choques clim\u00e1ticos, la pobreza, la desigualdad y el acceso limitado a servicios b\u00e1sicos<\/strong>. <\/li>\n<li>Seg\u00fan el organismo, el <strong>63 % de la poblaci\u00f3n hondure\u00f1a vive en situaci\u00f3n de pobreza<\/strong> y las comunidades rurales figuran entre las m\u00e1s expuestas a las alteraciones del clima.<\/li>\n<\/ul>\n<p>En los \u00faltimos a\u00f1os, el pa\u00eds ya ha enfrentado <strong>sequ\u00edas prolongadas y patrones irregulares de lluvia<\/strong> que han afectado la producci\u00f3n agr\u00edcola y los ingresos de los hogares. El PMA indica que estas dificultades fueron especialmente notorias durante <strong>2024 y 2025<\/strong>, principalmente entre poblaciones rurales y comunidades vulnerables.<\/p>\n<p>La situaci\u00f3n ha vuelto a generar preocupaci\u00f3n en <strong>2026<\/strong> por el fortalecimiento del fen\u00f3meno de <strong>El Ni\u00f1o<\/strong>. El PMA inform\u00f3 que las condiciones asociadas a este fen\u00f3meno ya est\u00e1n presentes y existe una probabilidad de entre <strong>80 % y 90 %<\/strong> de que se intensifiquen durante el a\u00f1o, con posibles efectos sobre las precipitaciones, las temperaturas y los ciclos agr\u00edcolas.<\/p>\n","protected":false},"excerpt":{"rendered":"Tegucigalpa.- La directora regional para Latinoam\u00e9rica y el Caribe del Programa Mundial&hellip;\n","protected":false},"author":1,"featured_media":67799,"comment_status":"open","ping_status":"open","sticky":false,"template":"","format":"standard","meta":{"footnotes":""},"categories":[3],"tags":[],"class_list":["post-67798","post","type-post","status-publish","format-standard","has-post-thumbnail","category-internacionales"],"_links":{"self":[{"href":"https:\/\/acronoticias.com\/index.php\/wp-json\/wp\/v2\/posts\/67798","targetHints":{"allow":["GET"]}}],"collection":[{"href":"https:\/\/acronoticias.com\/index.php\/wp-json\/wp\/v2\/posts"}],"about":[{"href":"https:\/\/acronoticias.com\/index.php\/wp-json\/wp\/v2\/types\/post"}],"author":[{"embeddable":true,"href":"https:\/\/acronoticias.com\/index.php\/wp-json\/wp\/v2\/users\/1"}],"replies":[{"embeddable":true,"href":"https:\/\/acronoticias.com\/index.php\/wp-json\/wp\/v2\/comments?post=67798"}],"version-history":[{"count":0,"href":"https:\/\/acronoticias.com\/index.php\/wp-json\/wp\/v2\/posts\/67798\/revisions"}],"wp:featuredmedia":[{"embeddable":true,"href":"https:\/\/acronoticias.com\/index.php\/wp-json\/wp\/v2\/media\/67799"}],"wp:attachment":[{"href":"https:\/\/acronoticias.com\/index.php\/wp-json\/wp\/v2\/media?parent=67798"}],"wp:term":[{"taxonomy":"category","embeddable":true,"href":"https:\/\/acronoticias.com\/index.php\/wp-json\/wp\/v2\/categories?post=67798"},{"taxonomy":"post_tag","embeddable":true,"href":"https:\/\/acronoticias.com\/index.php\/wp-json\/wp\/v2\/tags?post=67798"}],"curies":[{"name":"wp","href":"https:\/\/api.w.org\/{rel}","templated":true}]}}