{"id":67796,"date":"2026-09-06T21:14:41","date_gmt":"2026-09-06T21:14:41","guid":{"rendered":"https:\/\/acronoticias.com\/index.php\/2026\/09\/06\/david-collado-asegura-que-aun-no-da-pasos-como-aspirante-presidencial\/"},"modified":"2026-09-06T21:14:41","modified_gmt":"2026-09-06T21:14:41","slug":"david-collado-asegura-que-aun-no-da-pasos-como-aspirante-presidencial","status":"publish","type":"post","link":"https:\/\/acronoticias.com\/index.php\/2026\/09\/06\/david-collado-asegura-que-aun-no-da-pasos-como-aspirante-presidencial\/","title":{"rendered":"David Collado asegura que a\u00fan no da pasos como aspirante presidencial"},"content":{"rendered":"<p>Santo Domingo.- El ministro de Turismo,<a rel=\"nofollow\" href=\"https:\/\/www.instagram.com\/davidcolladom\/?hl=es\"><strong>David Collado<\/strong><\/a>, asegur\u00f3 este domingo que todav\u00eda no ha iniciado recorridos ni actividades como aspirante a la candidatura presidencial del <strong>Partido Revolucionario Moderno (PRM)<\/strong> y afirm\u00f3 que se mantiene concentrado en sus funciones al frente del Ministerio de Turismo.<\/p>\n<p>\u201c<strong>No he dado un solo paso todav\u00eda, ni un solo recorrido como aspirante. Estoy concentrado en ser ministro de turismo y seguir\u00e9 respetando el ministerio de turismo<\/strong>\u201d, expres\u00f3 Collado tras participar en la convenci\u00f3n del PRM.<\/p>\n<p>El dirigente oficialista sostuvo que continuar\u00e1 enfocado en su gesti\u00f3n y en las metas del sector tur\u00edstico. \u201c<strong>Aumentando, llegando a 12 millones de turistas como vamos a llegar en este a\u00f1o, y concentrado en mi administraci\u00f3n, y recibiendo el cari\u00f1o de la base del partido<\/strong>\u201d, agreg\u00f3.<\/p>\n<figure class=\"wp-block-image size-full\"><img decoding=\"async\" src=\"https:\/\/multimedia.noticiassin.com\/wp-content\/uploads\/2026\/09\/david-enciende-la-convencion-del-prm-a-su-llegada-20260906-164242-we43.webp\" alt=\"David enciende la convenci\u00f3n del PRM a su llegada\" class=\"wp-image-2109606\" \/><figcaption class=\"wp-element-caption\">David enciende la convenci\u00f3n del PRM a su llegada<\/figcaption><\/figure>\n<h2 id=\"valora-unidad-del-prm\" class=\"wp-block-heading\">Valora unidad del PRM<\/h2>\n<p>Sobre la convenci\u00f3n, Collado felicit\u00f3 que el presidente <strong>Luis Abinader<\/strong> asuma la presidencia del partido acompa\u00f1ado de <strong>Juan Garrig\u00f3<\/strong> y <strong>Gloria Reyes<\/strong>, al considerar que el proceso dej\u00f3 una se\u00f1al de unidad interna.<\/p>\n<p>\u201c<strong>Una se\u00f1al de demostraci\u00f3n, el partido sale unido, sale fuerte, fortalecido, y vimos una muestra de madurez y de unidad<\/strong>\u201d, manifest\u00f3.<\/p>\n<p>Al ser preguntado sobre el respaldo que recibe de la militancia, respondi\u00f3: \u201c<strong>Con amor, igual, con gratitud, quiz\u00e1s no me lo merezco<\/strong>\u201d.<\/p>\n<h2 id=\"gloria-reyes-plantea-como-reto-la-unidad-para-2028\" class=\"wp-block-heading\">Gloria Reyes plantea como reto la unidad para 2028<\/h2>\n<p>De su lado, <strong>Gloria Reyes<\/strong>, designada secretaria de Organizaci\u00f3n del PRM, afirm\u00f3 que asume la posici\u00f3n con compromiso y agradeci\u00f3 la confianza depositada en ella.<\/p>\n<p>\u201c<strong>Bueno, con un gran compromiso, es un honor servir al partido desde esta posici\u00f3n. Agradecida de la militancia al presidente Luis Abinader, mis hermanos David Collado y Yayo Sandovat\u00f3n por confiar en m\u00ed y proponerme para esta posici\u00f3n<\/strong>\u201d, expres\u00f3.<\/p>\n<p>Reyes consider\u00f3 que la capacidad de llegar a consensos refleja la evoluci\u00f3n de la organizaci\u00f3n pol\u00edtica. \u201c<strong>El PRM es una organizaci\u00f3n que tiene mucho presente y futuro en la Rep\u00fablica Dominicana<\/strong>\u201d, sostuvo.<\/p>\n<p>Sobre su principal reto en la Secretar\u00eda de Organizaci\u00f3n, indic\u00f3 que ser\u00e1 trabajar por la<strong> unidad interna <\/strong>de cara a las pr\u00f3ximas elecciones.<\/p>\n<p>\u201c<strong>Bueno, el reto ahora es lograr que todos nos unamos en una misma direcci\u00f3n hacia lograr el triunfo en el 2028 en nuestro partido. Ese es el principal reto, que lo hagamos juntos<\/strong>\u201d, afirm\u00f3.<\/p>\n<ul class=\"wp-block-list\">\n<li>El <strong>Partido Revolucionario Moderno (PRM)<\/strong> inici\u00f3 en 2026 un proceso de renovaci\u00f3n de sus principales autoridades. <\/li>\n<li>En junio, su Comit\u00e9 Nacional aprob\u00f3 que la escogencia se realizara mediante una <strong>convenci\u00f3n de delegados<\/strong>, mecanismo utilizado para definir la presidencia, vicepresidencias, secretar\u00eda general y otras posiciones de direcci\u00f3n.<\/li>\n<\/ul>\n<p>El 9 de agosto, <strong>Luis Abinader<\/strong> fue electo presidente del PRM para el per\u00edodo <strong>2026-2030<\/strong> mediante una plancha \u00fanica consensuada previamente por la dirigencia partidaria. En esa misma estructura fueron escogidos <strong>Deligne Ascenci\u00f3n<\/strong> como primer vicepresidente ejecutivo, <strong>Juan Garrig\u00f3 Mej\u00eda<\/strong> como secretario general y <strong>Gloria Reyes<\/strong> como secretaria nacional de Organizaci\u00f3n.<\/p>\n<p>La nueva direcci\u00f3n fue proclamada formalmente el <strong>6 de septiembre de 2026<\/strong>, cuando Abinader asumi\u00f3 la presidencia de la organizaci\u00f3n. <\/p>\n<p>Durante su discurso, el mandatario plante\u00f3 que su responsabilidad al frente del partido no ser\u00e1 escoger a quien lo suceda en la Presidencia de la Rep\u00fablica ni imponer una candidatura, en momentos en que el PRM comienza a organizar su ruta pol\u00edtica hacia las <strong>elecciones de 2028<\/strong>.<\/p>\n<p><script async src=\"\/\/www.instagram.com\/embed.js\"><\/script><\/p>\n","protected":false},"excerpt":{"rendered":"Santo Domingo.- El ministro de Turismo,David Collado, asegur\u00f3 este domingo que todav\u00eda&hellip;\n","protected":false},"author":1,"featured_media":67797,"comment_status":"open","ping_status":"open","sticky":false,"template":"","format":"standard","meta":{"footnotes":""},"categories":[1],"tags":[],"class_list":["post-67796","post","type-post","status-publish","format-standard","has-post-thumbnail","category-nacionales"],"_links":{"self":[{"href":"https:\/\/acronoticias.com\/index.php\/wp-json\/wp\/v2\/posts\/67796","targetHints":{"allow":["GET"]}}],"collection":[{"href":"https:\/\/acronoticias.com\/index.php\/wp-json\/wp\/v2\/posts"}],"about":[{"href":"https:\/\/acronoticias.com\/index.php\/wp-json\/wp\/v2\/types\/post"}],"author":[{"embeddable":true,"href":"https:\/\/acronoticias.com\/index.php\/wp-json\/wp\/v2\/users\/1"}],"replies":[{"embeddable":true,"href":"https:\/\/acronoticias.com\/index.php\/wp-json\/wp\/v2\/comments?post=67796"}],"version-history":[{"count":0,"href":"https:\/\/acronoticias.com\/index.php\/wp-json\/wp\/v2\/posts\/67796\/revisions"}],"wp:featuredmedia":[{"embeddable":true,"href":"https:\/\/acronoticias.com\/index.php\/wp-json\/wp\/v2\/media\/67797"}],"wp:attachment":[{"href":"https:\/\/acronoticias.com\/index.php\/wp-json\/wp\/v2\/media?parent=67796"}],"wp:term":[{"taxonomy":"category","embeddable":true,"href":"https:\/\/acronoticias.com\/index.php\/wp-json\/wp\/v2\/categories?post=67796"},{"taxonomy":"post_tag","embeddable":true,"href":"https:\/\/acronoticias.com\/index.php\/wp-json\/wp\/v2\/tags?post=67796"}],"curies":[{"name":"wp","href":"https:\/\/api.w.org\/{rel}","templated":true}]}}