{"id":67794,"date":"2026-09-06T20:59:00","date_gmt":"2026-09-06T20:59:00","guid":{"rendered":"https:\/\/acronoticias.com\/index.php\/2026\/09\/06\/teleferico-de-los-alcarrizos-queda-temporalmente-fuera-de-servicio-por-mantenimiento-preventivo\/"},"modified":"2026-09-06T20:59:00","modified_gmt":"2026-09-06T20:59:00","slug":"teleferico-de-los-alcarrizos-queda-temporalmente-fuera-de-servicio-por-mantenimiento-preventivo","status":"publish","type":"post","link":"https:\/\/acronoticias.com\/index.php\/2026\/09\/06\/teleferico-de-los-alcarrizos-queda-temporalmente-fuera-de-servicio-por-mantenimiento-preventivo\/","title":{"rendered":"Telef\u00e9rico de Los Alcarrizos queda temporalmente fuera de servicio por mantenimiento preventivo"},"content":{"rendered":"<p><img loading=\"lazy\" decoding=\"async\" width=\"355\" height=\"200\" src=\"https:\/\/nuevodiario-assets.s3.us-east-2.amazonaws.com\/wp-content\/uploads\/2025\/06\/Teleferico-de-Los-Alcarrizos-Foto-Fitram--355x200.jpeg\" class=\"webfeedsFeaturedVisual wp-post-image\" alt=\"\" style=\"display: block;margin-bottom: 5px;clear:both;max-width: 100%\" \/><\/p>\n<p>EL NUEVO DIARIO, SANTO DOMINGO.\u2013 La Empresa Metropolitana de Transporte (EMT) inform\u00f3 este domingo que la l\u00ednea 2 del Telef\u00e9rico de Santo Domingo, en Los Alcarrizos, se encuentra temporalmente fuera de servicio debido a trabajos de mantenimiento preventivo.<\/p>\n<p>La entidad explic\u00f3 que durante las labores de inspecci\u00f3n y mantenimiento programadas para la noche del s\u00e1bado fue identificada una condici\u00f3n en uno de los componentes primarios del sistema, por lo que se determin\u00f3 la necesidad de sustituirlo para garantizar el funcionamiento seguro de la infraestructura.<\/p>\n<p>\u201cEn consecuencia, se ha determinado la necesidad de sustituir uno de sus componentes para garantizar el cumplimiento de los est\u00e1ndares de seguridad y confiabilidad operacional\u201d, indic\u00f3 la EMT en una nota informativa.<\/p>\n<p>De acuerdo con la instituci\u00f3n, un equipo t\u00e9cnico especializado trabaja en las correcciones correspondientes para realizar las operaciones \u00f3ptimas del sistema. Una vez concluyan estas labores, se llevar\u00e1n a cabo las pruebas mec\u00e1nicas y operativas necesarias antes de reanudar el servicio.<\/p>\n<p>La EMT precis\u00f3 que el telef\u00e9rico ser\u00e1 puesto nuevamente en funcionamiento luego de comprobar que cumple satisfactoriamente con todas las condiciones de seguridad requeridas.<\/p>\n<p>Mientras duren los trabajos, las unidades de autobuses de la Oficina Metropolitana de Servicios de Autobuses (OMSA) estar\u00e1n disponibles para los usuarios como alternativa de transporte.<\/p>\n<p>La instituci\u00f3n exhort\u00f3 a los pasajeros a planificar sus viajes y mantenerse atentos a las actualizaciones difundidas a trav\u00e9s de sus canales oficiales sobre la disponibilidad del servicio.<\/p>\n<p>La EMT reiter\u00f3 que la suspensi\u00f3n responde a una medida preventiva y asegur\u00f3 que mantiene su compromiso con \u201cla seguridad, la confiabilidad y la continuidad del servicio\u201d.<\/p>\n<p>La entrada <a href=\"https:\/\/elnuevodiario.com.do\/teleferico-de-los-alcarrizos-queda-temporalmente-fuera-de-servicio-por-mantenimiento-preventivo\/\">Telef\u00e9rico de Los Alcarrizos queda temporalmente fuera de servicio por mantenimiento preventivo<\/a> se public\u00f3 primero en <a href=\"https:\/\/elnuevodiario.com.do\">El Nuevo Diario (Rep\u00fablica Dominicana)<\/a>.<\/p>\n","protected":false},"excerpt":{"rendered":"EL NUEVO DIARIO, SANTO DOMINGO.\u2013 La Empresa Metropolitana de Transporte (EMT) inform\u00f3&hellip;\n","protected":false},"author":1,"featured_media":67795,"comment_status":"open","ping_status":"open","sticky":false,"template":"","format":"standard","meta":{"footnotes":""},"categories":[1],"tags":[],"class_list":["post-67794","post","type-post","status-publish","format-standard","has-post-thumbnail","category-nacionales"],"_links":{"self":[{"href":"https:\/\/acronoticias.com\/index.php\/wp-json\/wp\/v2\/posts\/67794","targetHints":{"allow":["GET"]}}],"collection":[{"href":"https:\/\/acronoticias.com\/index.php\/wp-json\/wp\/v2\/posts"}],"about":[{"href":"https:\/\/acronoticias.com\/index.php\/wp-json\/wp\/v2\/types\/post"}],"author":[{"embeddable":true,"href":"https:\/\/acronoticias.com\/index.php\/wp-json\/wp\/v2\/users\/1"}],"replies":[{"embeddable":true,"href":"https:\/\/acronoticias.com\/index.php\/wp-json\/wp\/v2\/comments?post=67794"}],"version-history":[{"count":0,"href":"https:\/\/acronoticias.com\/index.php\/wp-json\/wp\/v2\/posts\/67794\/revisions"}],"wp:featuredmedia":[{"embeddable":true,"href":"https:\/\/acronoticias.com\/index.php\/wp-json\/wp\/v2\/media\/67795"}],"wp:attachment":[{"href":"https:\/\/acronoticias.com\/index.php\/wp-json\/wp\/v2\/media?parent=67794"}],"wp:term":[{"taxonomy":"category","embeddable":true,"href":"https:\/\/acronoticias.com\/index.php\/wp-json\/wp\/v2\/categories?post=67794"},{"taxonomy":"post_tag","embeddable":true,"href":"https:\/\/acronoticias.com\/index.php\/wp-json\/wp\/v2\/tags?post=67794"}],"curies":[{"name":"wp","href":"https:\/\/api.w.org\/{rel}","templated":true}]}}