{"id":67792,"date":"2026-09-06T20:43:17","date_gmt":"2026-09-06T20:43:17","guid":{"rendered":"https:\/\/acronoticias.com\/index.php\/2026\/09\/06\/deligne-ascencion-llama-a-preservar-la-unidad-del-prm-rumbo-a-2028\/"},"modified":"2026-09-06T20:43:17","modified_gmt":"2026-09-06T20:43:17","slug":"deligne-ascencion-llama-a-preservar-la-unidad-del-prm-rumbo-a-2028","status":"publish","type":"post","link":"https:\/\/acronoticias.com\/index.php\/2026\/09\/06\/deligne-ascencion-llama-a-preservar-la-unidad-del-prm-rumbo-a-2028\/","title":{"rendered":"Deligne Ascenci\u00f3n llama a preservar la unidad del PRM rumbo a 2028"},"content":{"rendered":"<p><strong>Santo Domingo.\u2013 Deligne Ascenci\u00f3n asumi\u00f3 este domingo la vicepresidencia ejecutiva del Partido Revolucionario Moderno <a rel=\"nofollow\" href=\"https:\/\/prm.org.do\/\">(PRM)<\/a><\/strong> con un llamado a fortalecer la <strong>unidad interna<\/strong>, mantener al partido conectado con la sociedad y trabajar desde ahora de cara a los pr\u00f3ximos desaf\u00edos electorales.<\/p>\n<p>Durante el cierre de la <strong>XXIV Convenci\u00f3n Nacional Ordinaria<\/strong>, Ascenci\u00f3n sostuvo que ninguna aspiraci\u00f3n personal debe colocarse por encima del inter\u00e9s colectivo de la organizaci\u00f3n ni del compromiso que, dijo, mantiene el partido con el pa\u00eds.<\/p>\n<ul class=\"wp-block-list\">\n<li><strong>Pidi\u00f3 cuidar la cohesi\u00f3n interna del PRM.<\/strong><\/li>\n<li><strong>Afirm\u00f3 que 2028 puede ser mejor que 2024.<\/strong><\/li>\n<\/ul>\n<figure class=\"wp-block-image size-full\"><img decoding=\"async\" src=\"https:\/\/multimedia.noticiassin.com\/wp-content\/uploads\/2026\/09\/borrador-automatico-20260906-201216-1Onn.webp\" alt=\"Hombre con camisa blanca y gafas habla en un podio ante un p\u00fablico en un acto p\u00fablico\" class=\"wp-image-2109715\" \/><figcaption class=\"wp-element-caption\">Un hombre vestido de blanco ofrece un discurso desde un podio ante asistentes en un recinto cerrado.<\/figcaption><\/figure>\n<h2 id=\"unidad-por-encima-de-aspiraciones\" class=\"wp-block-heading\">Unidad por encima de aspiraciones<\/h2>\n<p>\u201c<strong>Esa unidad no podemos darla nunca por sentada. Tenemos que cuidarla, fortalecerla y entender que, independientemente de las aspiraciones que puedan surgir en el futuro, siempre habr\u00e1 algo que estar\u00e1 por encima de cualquiera de nosotros: el partido y su compromiso con el pa\u00eds<\/strong>\u201d, expres\u00f3.<\/p>\n<p>El nuevo vicepresidente ejecutivo plante\u00f3 que esta etapa del <strong>PRM<\/strong> requiere mayor organizaci\u00f3n, capacidad de escucha y una relaci\u00f3n m\u00e1s cercana con la poblaci\u00f3n, especialmente por tratarse de una organizaci\u00f3n que actualmente dirige el Gobierno.<\/p>\n<p>Ascenci\u00f3n consider\u00f3 que el partido debe acompa\u00f1ar la <strong>gesti\u00f3n p\u00fablica <\/strong>y promover sus ejecutorias, pero tambi\u00e9n servir como un canal de comunicaci\u00f3n entre las autoridades y la ciudadan\u00eda.<\/p>\n<p>En ese sentido, se\u00f1al\u00f3 que escuchar a la <strong>militancia<\/strong>, las comunidades y tambi\u00e9n a personas que no forman parte de la organizaci\u00f3n pol\u00edtica permitir\u00e1 conocer los aciertos, identificar errores y entender las principales preocupaciones de la poblaci\u00f3n.<\/p>\n<h2 id=\"el-28-puede-ser-todavia-mejor\" class=\"wp-block-heading\">\u201cEl 28 puede ser todav\u00eda mejor\u201d<\/h2>\n<p>Al referirse al escenario electoral de <strong>2028<\/strong>, Ascenci\u00f3n cit\u00f3 una expresi\u00f3n que, seg\u00fan dijo, ha escuchado con frecuencia: \u201c<strong>El 28 no es el 24<\/strong>\u201d.<\/p>\n<p>\u201c<strong>\u00a1Y tienen toda la raz\u00f3n! El 28 no es el 24. \u00a1El 28 puede ser todav\u00eda mejor!<\/strong>\u201d, afirm\u00f3.<\/p>\n<p>El dirigente sostuvo que los resultados electorales no se producen de manera autom\u00e1tica y asegur\u00f3 que para alcanzarlos ser\u00e1 necesario mantener el trabajo pol\u00edtico, la <strong>transparencia<\/strong>, la escucha y la cohesi\u00f3n partidaria.<\/p>\n<p>Ascenci\u00f3n cerr\u00f3 su intervenci\u00f3n se\u00f1alando que el reto de las nuevas autoridades ser\u00e1 mantener un <strong>PRM unido, organizado y conectado con la gente<\/strong>, adem\u00e1s de acompa\u00f1ar al Gobierno y responder a las demandas de la sociedad dominicana.<\/p>\n<p>El <strong>Partido Revolucionario Moderno (PRM)<\/strong> qued\u00f3 formalmente establecido con ese nombre en <strong>2014<\/strong>, cuando la <strong>Junta Central Electoral (JCE)<\/strong> autoriz\u00f3 que la antigua Alianza Social Dominicana pasara a denominarse Partido Revolucionario Moderno. La decisi\u00f3n tambi\u00e9n estableci\u00f3 que el PRM ser\u00eda, para fines legales, el continuador jur\u00eddico de esa organizaci\u00f3n.<\/p>\n<p>Desde entonces, el partido se convirti\u00f3 en una de las principales fuerzas pol\u00edticas de la <strong>Rep\u00fablica Dominicana<\/strong> y lleg\u00f3 al poder en las elecciones de <strong>2020<\/strong>, con <strong>Luis Abinader<\/strong> como candidato presidencial. El PRM volvi\u00f3 a ganar las elecciones presidenciales de <strong>2024<\/strong>, manteniendo el control del Poder Ejecutivo.<\/p>\n<p><strong>Deligne Ascenci\u00f3n<\/strong> ha ocupado durante a\u00f1os posiciones de direcci\u00f3n dentro del PRM. Antes de asumir su nueva funci\u00f3n, se desempe\u00f1aba como <strong>secretario nacional de Organizaci\u00f3n<\/strong>, miembro de la <strong>Direcci\u00f3n Ejecutiva<\/strong> y presidente de la <strong>Comisi\u00f3n Nacional de Elecciones Internas (CNEI)<\/strong>.<\/p>\n","protected":false},"excerpt":{"rendered":"Santo Domingo.\u2013 Deligne Ascenci\u00f3n asumi\u00f3 este domingo la vicepresidencia ejecutiva del Partido&hellip;\n","protected":false},"author":1,"featured_media":67793,"comment_status":"open","ping_status":"open","sticky":false,"template":"","format":"standard","meta":{"footnotes":""},"categories":[1],"tags":[],"class_list":["post-67792","post","type-post","status-publish","format-standard","has-post-thumbnail","category-nacionales"],"_links":{"self":[{"href":"https:\/\/acronoticias.com\/index.php\/wp-json\/wp\/v2\/posts\/67792","targetHints":{"allow":["GET"]}}],"collection":[{"href":"https:\/\/acronoticias.com\/index.php\/wp-json\/wp\/v2\/posts"}],"about":[{"href":"https:\/\/acronoticias.com\/index.php\/wp-json\/wp\/v2\/types\/post"}],"author":[{"embeddable":true,"href":"https:\/\/acronoticias.com\/index.php\/wp-json\/wp\/v2\/users\/1"}],"replies":[{"embeddable":true,"href":"https:\/\/acronoticias.com\/index.php\/wp-json\/wp\/v2\/comments?post=67792"}],"version-history":[{"count":0,"href":"https:\/\/acronoticias.com\/index.php\/wp-json\/wp\/v2\/posts\/67792\/revisions"}],"wp:featuredmedia":[{"embeddable":true,"href":"https:\/\/acronoticias.com\/index.php\/wp-json\/wp\/v2\/media\/67793"}],"wp:attachment":[{"href":"https:\/\/acronoticias.com\/index.php\/wp-json\/wp\/v2\/media?parent=67792"}],"wp:term":[{"taxonomy":"category","embeddable":true,"href":"https:\/\/acronoticias.com\/index.php\/wp-json\/wp\/v2\/categories?post=67792"},{"taxonomy":"post_tag","embeddable":true,"href":"https:\/\/acronoticias.com\/index.php\/wp-json\/wp\/v2\/tags?post=67792"}],"curies":[{"name":"wp","href":"https:\/\/api.w.org\/{rel}","templated":true}]}}