{"id":67786,"date":"2026-09-06T20:26:48","date_gmt":"2026-09-06T20:26:48","guid":{"rendered":"https:\/\/acronoticias.com\/index.php\/2026\/09\/06\/opm-reporta-avances-en-construccion-de-verja-perimetral-y-vigilancia-fronteriza\/"},"modified":"2026-09-06T20:26:48","modified_gmt":"2026-09-06T20:26:48","slug":"opm-reporta-avances-en-construccion-de-verja-perimetral-y-vigilancia-fronteriza","status":"publish","type":"post","link":"https:\/\/acronoticias.com\/index.php\/2026\/09\/06\/opm-reporta-avances-en-construccion-de-verja-perimetral-y-vigilancia-fronteriza\/","title":{"rendered":"OPM reporta avances en construcci\u00f3n de verja perimetral y vigilancia fronteriza"},"content":{"rendered":"<p><img decoding=\"async\" width=\"355\" height=\"200\" src=\"https:\/\/nuevodiario-assets.s3.us-east-2.amazonaws.com\/wp-content\/uploads\/2026\/09\/OPM-reporta-avances-en-construccion-de-verja-perimetral-y-vigilancia-fronteriza-5-355x200.jpeg\" class=\"webfeedsFeaturedVisual wp-post-image\" alt=\"\" style=\"display: block;margin-bottom: 5px;clear:both;max-width: 100%\" loading=\"lazy\" \/><\/p>\n<p class=\"isSelectedEnd\">EL NUEVO DIARIO, SANTO DOMINGO.\u2013 El Observatorio de Pol\u00edticas Migratorias (OPM) report\u00f3 avances en las acciones de vigilancia y control de la zona fronteriza, tras un recorrido realizado este fin de semana por \u00e1reas de Jiman\u00ed, provincia Independencia, y Dajab\u00f3n.<\/p>\n<p class=\"isSelectedEnd\">El informe, elaborado por la Comisi\u00f3n T\u00e9cnica del OPM, se\u00f1ala que la construcci\u00f3n de un tramo de verja perimetral de 14.5 kil\u00f3metros en Jiman\u00ed ya inici\u00f3, mientras que el segmento correspondiente a Dajab\u00f3n presenta un avance de 70 % y se proyecta su terminaci\u00f3n para diciembre de este a\u00f1o, seg\u00fan detalla un comunicado de prensa.<\/p>\n<p class=\"isSelectedEnd\">Durante el recorrido, la comisi\u00f3n tambi\u00e9n constat\u00f3 que los 168 destacamentos ubicados entre Manzanillo y Cabo Rojo est\u00e1n intercomunicados mediante fibra \u00f3ptica, radio e internet.<\/p>\n<figure id=\"attachment_3266959\" aria-describedby=\"caption-attachment-3266959\" style=\"width: 1688px\" class=\"wp-caption alignnone\"><img loading=\"lazy\" decoding=\"async\" data-recalc-dims=\"1\" class=\" wp-image-3266959\" src=\"https:\/\/i0.wp.com\/nuevodiario-assets.s3.us-east-2.amazonaws.com\/wp-content\/uploads\/2026\/09\/OPM-reporta-avances-en-construccion-de-verja-perimetral-y-vigilancia-fronteriza-2.jpeg?resize=640%2C427&quality=100&ssl=1\" alt=\"\" width=\"640\" height=\"427\" \/><figcaption id=\"caption-attachment-3266959\" class=\"wp-caption-text\"><strong>Al centro residente del OPM y director de List\u00edn Diario, Miguel Franjul junto a ministro de Defensa, Carlos Antonio Fern\u00e1ndez Onofre. (Foto: OPM).<\/strong><\/figcaption><\/figure>\n<p class=\"isSelectedEnd\">El reporte indica que en la l\u00ednea fronteriza se realizan labores de vigilancia con patrullas militares, unidades motorizadas y drones, adem\u00e1s de recorridos a\u00e9reos dos veces al d\u00eda mediante aeronaves ensambladas en el pa\u00eds.<\/p>\n<p class=\"isSelectedEnd\">La misi\u00f3n estuvo encabezada por el presidente del OPM y director de List\u00edn Diario, Miguel Franjul, quien estuvo acompa\u00f1ado por miembros del organismo, entre ellos Alliet Ortega Rabassa, Feliciano Lacen, Jacinto Pichardo e Igor Bucarelly.<\/p>\n<p class=\"isSelectedEnd\">En el recorrido tambi\u00e9n participaron Adri\u00e1n Franjul, encargado de los equipos audiovisuales y drones; Shiny Abbott, asistente administrativa y digital, y Wilson G\u00f3mez Ram\u00edrez, presidente del Instituto Duartiano, como invitado.<\/p>\n<h3 id=\"avances-en-jimani\">Avances en Jiman\u00ed<\/h3>\n<p class=\"isSelectedEnd\">En Jiman\u00ed, la comisi\u00f3n particip\u00f3 en el acto de inicio de la construcci\u00f3n de una verja perimetral de 14.5 kil\u00f3metros, a la altura de la pir\u00e1mide 246, que delimita el territorio nacional.<\/p>\n<p><img loading=\"lazy\" decoding=\"async\" data-recalc-dims=\"1\" class=\"alignnone  wp-image-3266958\" src=\"https:\/\/i0.wp.com\/nuevodiario-assets.s3.us-east-2.amazonaws.com\/wp-content\/uploads\/2026\/09\/OPM-reporta-avances-en-construccion-de-verja-perimetral-y-vigilancia-fronteriza-3.jpeg?resize=640%2C427&quality=100&ssl=1\" alt=\"\" width=\"640\" height=\"427\" \/><\/p>\n<p class=\"isSelectedEnd\">El ministro de Defensa, teniente general Carlos Antonio Fern\u00e1ndez Onofre, explic\u00f3 que la obra contar\u00e1 con seis torres de vigilancia, 35 alcantarillas, una altura total de 13 pies y caminos de vigilancia de siete metros de ancho, distribuidos en 3.5 metros a cada lado.<\/p>\n<p class=\"isSelectedEnd\">Fern\u00e1ndez Onofre indic\u00f3 que la construcci\u00f3n est\u00e1 prevista para concluir en un per\u00edodo de 12 meses y que forma parte del denominado plan frontera fuerte, que contempla presencia militar, infraestructura, tecnolog\u00eda, vigilancia, movilidad, coordinaci\u00f3n interinstitucional y control territorial.<\/p>\n<h3 id=\"tramo-de-dajabon\">Tramo de Dajab\u00f3n<\/h3>\n<p class=\"isSelectedEnd\">En Dajab\u00f3n, la comisi\u00f3n verific\u00f3 el avance de 70 % del tramo de verja fronteriza de 13.5 kil\u00f3metros, cuya construcci\u00f3n comenz\u00f3 el 20 de junio de 2025.<\/p>\n<p><img decoding=\"async\" data-recalc-dims=\"1\" loading=\"lazy\" class=\"alignnone size-full wp-image-3266957\" src=\"https:\/\/i0.wp.com\/nuevodiario-assets.s3.us-east-2.amazonaws.com\/wp-content\/uploads\/2026\/09\/OPM-reporta-avances-en-construccion-de-verja-perimetral-y-vigilancia-fronteriza-4-scaled.jpeg?resize=640%2C427&quality=100&ssl=1\" alt=\"\" width=\"640\" height=\"427\" \/><\/p>\n<p class=\"isSelectedEnd\">Seg\u00fan el informe, la terminaci\u00f3n e inauguraci\u00f3n de la obra est\u00e1n previstas para diciembre de este a\u00f1o. El retraso registrado en los trabajos fue atribuido a las lluvias que han afectado la zona y a dificultades log\u00edsticas.<\/p>\n<p class=\"isSelectedEnd\">La comisi\u00f3n tambi\u00e9n observ\u00f3 la construcci\u00f3n de tres puentes en diferentes etapas en la ruta de la verja fronteriza entre Montecristi y Capotillo. De acuerdo con lo informado, estas estructuras permitir\u00e1n reducir de 38 a 18 minutos el tiempo de recorrido de ese tramo una vez concluidas.<\/p>\n<p><img decoding=\"async\" data-recalc-dims=\"1\" loading=\"lazy\" class=\"alignnone  wp-image-3266960\" src=\"https:\/\/i0.wp.com\/nuevodiario-assets.s3.us-east-2.amazonaws.com\/wp-content\/uploads\/2026\/09\/OPM-reporta-avances-en-construccion-de-verja-perimetral-y-vigilancia-fronteriza-1.jpeg?resize=640%2C427&quality=100&ssl=1\" alt=\"\" width=\"640\" height=\"427\" \/><\/p>\n<p class=\"isSelectedEnd\">Durante la visita a Dajab\u00f3n, la comisi\u00f3n estuvo acompa\u00f1ada por la gobernadora provincial, Severina Gil Carreras, quien afirm\u00f3 que los robos de ganado y veh\u00edculos se han reducido hasta un 95 % desde la construcci\u00f3n de la verja.<\/p>\n<p>La misi\u00f3n cont\u00f3 adem\u00e1s con el acompa\u00f1amiento del comandante general del Ej\u00e9rcito, mayor general Jimmy Arias Grull\u00f3n; el director del Cesfront, mayor general Enrique Armando Aguilera Trujillo; el comandante de la quinta brigada, general de brigada Freddy Soto; el supervisor general de la construcci\u00f3n de la verja perimetral fronteriza, general de brigada Luis Alberto Abreu, y la gobernadora de Independencia, Mercedes Novas.<\/p>\n<p>NLP\/<\/p>\n<p>La entrada <a href=\"https:\/\/elnuevodiario.com.do\/opm-reporta-avances-en-construccion-de-verja-perimetral-y-vigilancia-fronteriza\/\">OPM reporta avances en construcci\u00f3n de verja perimetral y vigilancia fronteriza<\/a> se public\u00f3 primero en <a href=\"https:\/\/elnuevodiario.com.do\">El Nuevo Diario (Rep\u00fablica Dominicana)<\/a>.<\/p>\n","protected":false},"excerpt":{"rendered":"EL NUEVO DIARIO, SANTO DOMINGO.\u2013 El Observatorio de Pol\u00edticas Migratorias (OPM) report\u00f3&hellip;\n","protected":false},"author":1,"featured_media":67787,"comment_status":"open","ping_status":"open","sticky":false,"template":"","format":"standard","meta":{"footnotes":""},"categories":[1],"tags":[],"class_list":["post-67786","post","type-post","status-publish","format-standard","has-post-thumbnail","category-nacionales"],"_links":{"self":[{"href":"https:\/\/acronoticias.com\/index.php\/wp-json\/wp\/v2\/posts\/67786","targetHints":{"allow":["GET"]}}],"collection":[{"href":"https:\/\/acronoticias.com\/index.php\/wp-json\/wp\/v2\/posts"}],"about":[{"href":"https:\/\/acronoticias.com\/index.php\/wp-json\/wp\/v2\/types\/post"}],"author":[{"embeddable":true,"href":"https:\/\/acronoticias.com\/index.php\/wp-json\/wp\/v2\/users\/1"}],"replies":[{"embeddable":true,"href":"https:\/\/acronoticias.com\/index.php\/wp-json\/wp\/v2\/comments?post=67786"}],"version-history":[{"count":0,"href":"https:\/\/acronoticias.com\/index.php\/wp-json\/wp\/v2\/posts\/67786\/revisions"}],"wp:featuredmedia":[{"embeddable":true,"href":"https:\/\/acronoticias.com\/index.php\/wp-json\/wp\/v2\/media\/67787"}],"wp:attachment":[{"href":"https:\/\/acronoticias.com\/index.php\/wp-json\/wp\/v2\/media?parent=67786"}],"wp:term":[{"taxonomy":"category","embeddable":true,"href":"https:\/\/acronoticias.com\/index.php\/wp-json\/wp\/v2\/categories?post=67786"},{"taxonomy":"post_tag","embeddable":true,"href":"https:\/\/acronoticias.com\/index.php\/wp-json\/wp\/v2\/tags?post=67786"}],"curies":[{"name":"wp","href":"https:\/\/api.w.org\/{rel}","templated":true}]}}