{"id":67784,"date":"2026-09-06T20:10:46","date_gmt":"2026-09-06T20:10:46","guid":{"rendered":"https:\/\/acronoticias.com\/index.php\/2026\/09\/06\/frente-amplio-realiza-octava-caminata-protesta-en-sdo-contra-el-alto-costo-de-la-vida-y-los-apagones\/"},"modified":"2026-09-06T20:10:46","modified_gmt":"2026-09-06T20:10:46","slug":"frente-amplio-realiza-octava-caminata-protesta-en-sdo-contra-el-alto-costo-de-la-vida-y-los-apagones","status":"publish","type":"post","link":"https:\/\/acronoticias.com\/index.php\/2026\/09\/06\/frente-amplio-realiza-octava-caminata-protesta-en-sdo-contra-el-alto-costo-de-la-vida-y-los-apagones\/","title":{"rendered":"Frente Amplio realiza octava caminata-protesta en SDO contra el alto costo de la vida y los apagones"},"content":{"rendered":"<p><strong>Santo Domingo<\/strong>, <strong>RD<\/strong>. \u2013 El <strong>Frente Amplio<\/strong> realiz\u00f3 su octava caminata-protesta en <strong>Santo Domingo Oeste<\/strong>, con el prop\u00f3sito de exigir nueva vez al <strong>Gobierno<\/strong> medidas urgentes para reducir el alto costo de la vida, rebajar los precios de los alimentos, los medicamentos y el cese de los apagones.<\/p>\n<h2 id=\"reclamo-por-precios-medicamentos-y-apagones\" class=\"wp-block-heading\">Reclamo por precios, medicamentos y apagones<\/h2>\n<p><strong>Carlos Rosario<\/strong>, presidente del <strong>Comit\u00e9 Municipal<\/strong> de <strong>Santo Domingo Oeste<\/strong>, reiter\u00f3 que todav\u00eda persiste una terrible situaci\u00f3n que atraviesan miles de familias dominicanas ante el deterioro del poder adquisitivo de las familias dominicanas.<\/p>\n<p>La poblaci\u00f3n siente que su salario cada vez alcanza menos. Hoy, las familias tienen que comprar menos alimentos, sustituir productos esenciales y limitar sus gastos porque el dinero ya no rinde. Esa es una realidad que nadie puede ocultar\u00bb, expres\u00f3 el dirigente pol\u00edtico.<\/p>\n<p>En ese sentido, la organizaci\u00f3n insisti\u00f3 en la necesidad de que el pueblo se organice y participe en las acciones de lucha para obligar al <strong>Gobierno<\/strong> a atender sus reclamos.<\/p>\n<figure class=\"wp-block-image size-full\"><img decoding=\"async\" src=\"https:\/\/multimedia.noticiassin.com\/wp-content\/uploads\/2026\/09\/borrador-automatico-20260906-194152-p6EZ.webp\" alt=\"Militantes del Frente Amplio marchan con banderas y pancartas en Santo Domingo Oeste contra el alto costo de vida y los apagones.\" class=\"wp-image-2109702\" \/><figcaption class=\"wp-element-caption\">Participantes de la octava caminata del Frente Amplio recorren una calle de Santo Domingo Oeste con banderas y pancartas para exigir medidas ante el alto costo de vida y los apagones.<\/figcaption><\/figure>\n<p>La caminata concit\u00f3 la atenci\u00f3n de las personas que observaron y mostraron su identificaci\u00f3n con la demanda de la caminata.<\/p>\n<h2 id=\"movilizacion-del-frente-amplio-en-sdo\" class=\"wp-block-heading\">Movilizaci\u00f3n del Frente Amplio en SDO<\/h2>\n<p>La octava caminata-protesta parti\u00f3 a las 9:30 a. m. desde la <strong>Isabel Aguiar<\/strong> con <strong>M\u00e9xico<\/strong>, como parte de una jornada de movilizaciones que desarrolla el <strong>Frente Amplio<\/strong>, desde hace m\u00e1s de un a\u00f1o, en distintos municipios del pa\u00eds, en defensa del poder adquisitivo de la poblaci\u00f3n y de los derechos democr\u00e1ticos.<\/p>\n<p>La organizaci\u00f3n hizo un llamado a los residentes de <strong>Santo Domingo Oeste<\/strong>, juntas de vecinos, organizaciones comunitarias, comerciantes, trabajadores, j\u00f3venes y mujeres a continuar la movilizaci\u00f3n, reiterando que solo mediante la participaci\u00f3n ciudadana ser\u00e1 posible impulsar pol\u00edticas p\u00fablicas orientadas a proteger el poder de compra de las familias dominicanas.<\/p>\n","protected":false},"excerpt":{"rendered":"Santo Domingo, RD. \u2013 El Frente Amplio realiz\u00f3 su octava caminata-protesta en&hellip;\n","protected":false},"author":1,"featured_media":67785,"comment_status":"open","ping_status":"open","sticky":false,"template":"","format":"standard","meta":{"footnotes":""},"categories":[1],"tags":[],"class_list":["post-67784","post","type-post","status-publish","format-standard","has-post-thumbnail","category-nacionales"],"_links":{"self":[{"href":"https:\/\/acronoticias.com\/index.php\/wp-json\/wp\/v2\/posts\/67784","targetHints":{"allow":["GET"]}}],"collection":[{"href":"https:\/\/acronoticias.com\/index.php\/wp-json\/wp\/v2\/posts"}],"about":[{"href":"https:\/\/acronoticias.com\/index.php\/wp-json\/wp\/v2\/types\/post"}],"author":[{"embeddable":true,"href":"https:\/\/acronoticias.com\/index.php\/wp-json\/wp\/v2\/users\/1"}],"replies":[{"embeddable":true,"href":"https:\/\/acronoticias.com\/index.php\/wp-json\/wp\/v2\/comments?post=67784"}],"version-history":[{"count":0,"href":"https:\/\/acronoticias.com\/index.php\/wp-json\/wp\/v2\/posts\/67784\/revisions"}],"wp:featuredmedia":[{"embeddable":true,"href":"https:\/\/acronoticias.com\/index.php\/wp-json\/wp\/v2\/media\/67785"}],"wp:attachment":[{"href":"https:\/\/acronoticias.com\/index.php\/wp-json\/wp\/v2\/media?parent=67784"}],"wp:term":[{"taxonomy":"category","embeddable":true,"href":"https:\/\/acronoticias.com\/index.php\/wp-json\/wp\/v2\/categories?post=67784"},{"taxonomy":"post_tag","embeddable":true,"href":"https:\/\/acronoticias.com\/index.php\/wp-json\/wp\/v2\/tags?post=67784"}],"curies":[{"name":"wp","href":"https:\/\/api.w.org\/{rel}","templated":true}]}}