{"id":67782,"date":"2026-09-06T19:54:35","date_gmt":"2026-09-06T19:54:35","guid":{"rendered":"https:\/\/acronoticias.com\/index.php\/2026\/09\/06\/realizan-primer-conversatorio-con-jovenes-aspirantes-a-la-policia-auxiliar-en-jarabacoa\/"},"modified":"2026-09-06T19:54:35","modified_gmt":"2026-09-06T19:54:35","slug":"realizan-primer-conversatorio-con-jovenes-aspirantes-a-la-policia-auxiliar-en-jarabacoa","status":"publish","type":"post","link":"https:\/\/acronoticias.com\/index.php\/2026\/09\/06\/realizan-primer-conversatorio-con-jovenes-aspirantes-a-la-policia-auxiliar-en-jarabacoa\/","title":{"rendered":"Realizan Primer conversatorio con j\u00f3venes aspirantes a la Polic\u00eda Auxiliar en Jarabacoa"},"content":{"rendered":"<p><img decoding=\"async\" width=\"355\" height=\"200\" src=\"https:\/\/nuevodiario-assets.s3.us-east-2.amazonaws.com\/wp-content\/uploads\/2026\/09\/825a4c64-6fd1-4277-9d8d-5539e2210d67-355x200.jpeg\" class=\"webfeedsFeaturedVisual wp-post-image\" alt=\"\" style=\"display: block;margin-bottom: 5px;clear:both;max-width: 100%\" loading=\"lazy\" \/><\/p>\n<p><strong>Por Roberto Ure\u00f1a<\/strong><\/p>\n<p>EL NUEVO DIARIO, JARABACOA. \u2013 Con la participaci\u00f3n de j\u00f3venes de distintos sectores del municipio, se realiz\u00f3 este domingo el primer conversatorio entre el director de la Polic\u00eda Auxiliar, coronel Jos\u00e9 Hern\u00e1ndez, y aspirantes que se encuentran en el proceso de aplicaci\u00f3n para formar parte de ese organismo en Jarabacoa y sus distritos municipales.<\/p>\n<p>En este primer encuentro participaron 16 j\u00f3venes, quienes recibieron orientaciones e informaciones relacionadas con el proceso y las responsabilidades que conlleva formar parte de esa instituci\u00f3n.<\/p>\n<p>Como parte de esta iniciativa, se realizar\u00e1 adem\u00e1s el reclutamiento de 34 j\u00f3venes adicionales, con lo que se proyecta alcanzar un total de 50 j\u00f3venes integrados a este proceso en esta localidad.<\/p>\n<figure id=\"attachment_3266924\" aria-describedby=\"caption-attachment-3266924\" style=\"width: 1600px\" class=\"wp-caption alignnone\"><img loading=\"lazy\" decoding=\"async\" data-recalc-dims=\"1\" class=\"size-full wp-image-3266924\" src=\"https:\/\/i0.wp.com\/nuevodiario-assets.s3.us-east-2.amazonaws.com\/wp-content\/uploads\/2026\/09\/7d29084c-59f3-4f76-95c4-b73e7f6cea94.jpeg?resize=640%2C480&quality=100&ssl=1\" alt=\"\" width=\"640\" height=\"480\" \/><figcaption id=\"caption-attachment-3266924\" class=\"wp-caption-text\"><strong>16 j\u00f3venes, quienes recibieron orientaciones e informaciones relacionadas con el proceso (Foto: Fuente Externa)<\/strong><\/figcaption><\/figure>\n<p>Esta importante iniciativa llega a Jarabacoa gracias a la gesti\u00f3n de Gerardo Garc\u00eda, colaborador del Ministerio de Interior y Polic\u00eda (MIP), bajo la direcci\u00f3n del Sr. Luis Bello, Director de Convivencia Ciudadana y Cultura Pac\u00edfica del MIP.<\/p>\n<p>La incorporaci\u00f3n de estos j\u00f3venes representa una oportunidad para continuar fortaleciendo las acciones de prevenci\u00f3n, convivencia ciudadana y servicio a la comunidad, al mismo tiempo que se generan nuevas oportunidades de integraci\u00f3n y desarrollo para la juventud del municipio.<\/p>\n<figure id=\"attachment_3266927\" aria-describedby=\"caption-attachment-3266927\" style=\"width: 1600px\" class=\"wp-caption alignnone\"><img loading=\"lazy\" decoding=\"async\" data-recalc-dims=\"1\" class=\"size-full wp-image-3266927\" src=\"https:\/\/i0.wp.com\/nuevodiario-assets.s3.us-east-2.amazonaws.com\/wp-content\/uploads\/2026\/09\/6bfef8cd-8c94-4931-8092-7598337753e3.jpeg?resize=640%2C480&quality=100&ssl=1\" alt=\"\" width=\"640\" height=\"480\" \/><figcaption id=\"caption-attachment-3266927\" class=\"wp-caption-text\"><strong>16 j\u00f3venes, quienes recibieron orientaciones e informaciones relacionadas con el proceso (Foto: Fuente Externa)<\/strong><\/figcaption><\/figure>\n<p><strong>Agradecimientos<\/strong><\/p>\n<p>En el encuentra se agradeci\u00f3 a la Ministra de Interior y Polic\u00eda, Faride Raful, por su respaldo a las iniciativas dirigidas a fortalecer la seguridad y la convivencia ciudadana.<\/p>\n<p>Tambi\u00e9n se resalt\u00f3 el trabajo y dedicaci\u00f3n del Coronel Jos\u00e9 Hern\u00e1ndez, Director de la Polic\u00eda Auxiliar, por su disposici\u00f3n, orientaci\u00f3n y acompa\u00f1amiento durante este primer encuentro con los j\u00f3venes aspirantes.<\/p>\n<p>La entrada <a href=\"https:\/\/elnuevodiario.com.do\/realizan-primer-conversatorio-con-jovenes-aspirantes-a-la-policia-auxiliar-en-jarabacoa\/\">Realizan Primer conversatorio con j\u00f3venes aspirantes a la Polic\u00eda Auxiliar en Jarabacoa<\/a> se public\u00f3 primero en <a href=\"https:\/\/elnuevodiario.com.do\">El Nuevo Diario (Rep\u00fablica Dominicana)<\/a>.<\/p>\n","protected":false},"excerpt":{"rendered":"Por Roberto Ure\u00f1a EL NUEVO DIARIO, JARABACOA. \u2013 Con la participaci\u00f3n de&hellip;\n","protected":false},"author":1,"featured_media":67783,"comment_status":"open","ping_status":"open","sticky":false,"template":"","format":"standard","meta":{"footnotes":""},"categories":[1],"tags":[],"class_list":["post-67782","post","type-post","status-publish","format-standard","has-post-thumbnail","category-nacionales"],"_links":{"self":[{"href":"https:\/\/acronoticias.com\/index.php\/wp-json\/wp\/v2\/posts\/67782","targetHints":{"allow":["GET"]}}],"collection":[{"href":"https:\/\/acronoticias.com\/index.php\/wp-json\/wp\/v2\/posts"}],"about":[{"href":"https:\/\/acronoticias.com\/index.php\/wp-json\/wp\/v2\/types\/post"}],"author":[{"embeddable":true,"href":"https:\/\/acronoticias.com\/index.php\/wp-json\/wp\/v2\/users\/1"}],"replies":[{"embeddable":true,"href":"https:\/\/acronoticias.com\/index.php\/wp-json\/wp\/v2\/comments?post=67782"}],"version-history":[{"count":0,"href":"https:\/\/acronoticias.com\/index.php\/wp-json\/wp\/v2\/posts\/67782\/revisions"}],"wp:featuredmedia":[{"embeddable":true,"href":"https:\/\/acronoticias.com\/index.php\/wp-json\/wp\/v2\/media\/67783"}],"wp:attachment":[{"href":"https:\/\/acronoticias.com\/index.php\/wp-json\/wp\/v2\/media?parent=67782"}],"wp:term":[{"taxonomy":"category","embeddable":true,"href":"https:\/\/acronoticias.com\/index.php\/wp-json\/wp\/v2\/categories?post=67782"},{"taxonomy":"post_tag","embeddable":true,"href":"https:\/\/acronoticias.com\/index.php\/wp-json\/wp\/v2\/tags?post=67782"}],"curies":[{"name":"wp","href":"https:\/\/api.w.org\/{rel}","templated":true}]}}