{"id":67780,"date":"2026-09-06T19:39:00","date_gmt":"2026-09-06T19:39:00","guid":{"rendered":"https:\/\/acronoticias.com\/index.php\/2026\/09\/06\/efemerides-patrias-honra-en-el-163-aniversario-de-la-batalla-restauradora-de-santiago-a-sus-combatientes\/"},"modified":"2026-09-06T19:39:00","modified_gmt":"2026-09-06T19:39:00","slug":"efemerides-patrias-honra-en-el-163-aniversario-de-la-batalla-restauradora-de-santiago-a-sus-combatientes","status":"publish","type":"post","link":"https:\/\/acronoticias.com\/index.php\/2026\/09\/06\/efemerides-patrias-honra-en-el-163-aniversario-de-la-batalla-restauradora-de-santiago-a-sus-combatientes\/","title":{"rendered":"Efem\u00e9rides Patrias honra en el 163 aniversario de la Batalla Restauradora de Santiago a sus combatientes"},"content":{"rendered":"<p><img decoding=\"async\" width=\"355\" height=\"200\" src=\"https:\/\/nuevodiario-assets.s3.us-east-2.amazonaws.com\/wp-content\/uploads\/2026\/09\/Efemerides-Patrias-honra-en-el-163-aniversario-de-la-Batalla-Restauradora-de-Santiago-a-sus-combatientes-4-355x200.jpeg\" class=\"webfeedsFeaturedVisual wp-post-image\" alt=\"\" style=\"display: block;margin-bottom: 5px;clear:both;max-width: 100%\" loading=\"lazy\" \/><\/p>\n<p>EL NUEVO DIARIO, SANTIAGO.- La Presidencia de la Rep\u00fablica, a trav\u00e9s de la Comisi\u00f3n Permanente de Efem\u00e9rides Patrias, el Ministerio de Defensa, el Ministerio de Educaci\u00f3n, la Gobernaci\u00f3n provincial de Santiago y la Alcald\u00eda de Santiago realizaron un emotivo acto patri\u00f3tico por el 163 aniversario de la Batalla de Santiago por la Restauraci\u00f3n de la Rep\u00fablica.<\/p>\n<p>El acto inici\u00f3 en la Fortaleza San Luis a las 8:00 de la ma\u00f1ana con el enhestamiento de la Bandera Nacional e interpretaci\u00f3n del Himno Nacional a cargo de la Banda de M\u00fasica de la 2da. Brigada ERD, seguido de la invocaci\u00f3n religiosa a cargo del Monse\u00f1or H\u00e9ctor Rafael Rodr\u00edguez Rodr\u00edguez, Arzobispo Metropolitano de Santiago de los Caballeros, la lectura de la orden del d\u00eda, los honores militares de estilo y salva de 15 ca\u00f1onazos en honor a los h\u00e9roes de la Batalla de Santiago y el dep\u00f3sito de ofrendas florales por diferentes instituciones, al comp\u00e1s con el toque de ofrenda.<\/p>\n<p>Las palabras de bienvenida fueron pronunciadas por Mariana Moreno, vicealcaldesa del Municipio de Santiago, tambi\u00e9n se dirigieron a los presentes Pedro Pablo Marte, director Regional de Educaci\u00f3n de Santiago y Juan Madera, en representaci\u00f3n de la Gobernaci\u00f3n de la ciudad de Santiago.<\/p>\n<p><a href=\"https:\/\/elnuevodiario.com.do\/efemerides-patrias-honra-en-el-163-aniversario-de-la-batalla-restauradora-de-santiago-a-sus-combatientes\/efemerides-patrias-honra-en-el-163-aniversario-de-la-batalla-restauradora-de-santiago-a-sus-combatientes-5\/\"><img loading=\"lazy\" decoding=\"async\" data-recalc-dims=\"1\" width=\"640\" height=\"360\" src=\"https:\/\/i0.wp.com\/nuevodiario-assets.s3.us-east-2.amazonaws.com\/wp-content\/uploads\/2026\/09\/Efemerides-Patrias-honra-en-el-163-aniversario-de-la-Batalla-Restauradora-de-Santiago-a-sus-combatientes-5.jpeg?resize=640%2C360&quality=100&ssl=1\" class=\"attachment-full size-full\" alt=\"\" \/><\/a><\/p>\n<p>Por su parte, el coronel historiador, S\u00f3crates Suazo Ruiz, director de Historia del Ministerio de Defensa ley\u00f3 la rese\u00f1a de la gesta restauradora y el General Paracaidista Mauricio Ludovino Fern\u00e1ndez (FARD) comandante del Comando Conjunto Norte del MIDE, pronunci\u00f3 las palabras de agradecimiento por realizarse un acto de tan alta significaci\u00f3n en la hist\u00f3rica Fortaleza San Luis.<\/p>\n<p>El presidente de la Comisi\u00f3n Permanente de Efem\u00e9rides Patrias, Juan Pablo Uribe, ofreci\u00f3 las palabras centrales del acto se\u00f1alando que \u201cla gloriosa jornada de liberaci\u00f3n nacional, que se conoce en nuestra historia como la Restauraci\u00f3n de la Rep\u00fablica, porque la misma persigui\u00f3 con determinaci\u00f3n patri\u00f3tica restablecer la Independencia Nacional y con ella los atributos propios de la Rep\u00fablica Dominicana que se hab\u00edan perdido con la traici\u00f3n pol\u00edtica y la anexi\u00f3n al imperio espa\u00f1ol, tuvo en la Batalla Restauradora de Santiago el 6 de septiembre de 1863, uno de sus cap\u00edtulos m\u00e1s formidables en el esp\u00edritu \u00a0nacionalista, el mismo que debe marcar las pautas de nuestro comportamiento colectivo como dominicanos con celo y racionalidad, defendiendo la soberan\u00eda, la autodeterminaci\u00f3n, la integridad territorial, demogr\u00e1fica y la identidad como naci\u00f3n\u201d.<\/p>\n<p><a href=\"https:\/\/elnuevodiario.com.do\/efemerides-patrias-honra-en-el-163-aniversario-de-la-batalla-restauradora-de-santiago-a-sus-combatientes\/efemerides-patrias-honra-en-el-163-aniversario-de-la-batalla-restauradora-de-santiago-a-sus-combatientes-3\/\"><img loading=\"lazy\" decoding=\"async\" data-recalc-dims=\"1\" width=\"640\" height=\"360\" src=\"https:\/\/i0.wp.com\/nuevodiario-assets.s3.us-east-2.amazonaws.com\/wp-content\/uploads\/2026\/09\/Efemerides-Patrias-honra-en-el-163-aniversario-de-la-Batalla-Restauradora-de-Santiago-a-sus-combatientes-3.jpeg?resize=640%2C360&quality=100&ssl=1\" class=\"attachment-full size-full\" alt=\"\" \/><\/a><\/p>\n<p>Uribe sigui\u00f3 diciendo que fueron varios d\u00edas de combate intenso que convirtieron a la ciudad de Santiago en una epopeya de fuego literalmente hablando, en la que el ej\u00e9rcito imperial espa\u00f1ol fue desalojado y se instal\u00f3 el 14 de septiembre, horas despu\u00e9s de la batalla, la nueva capital revolucionaria, desde donde se dirigieron las operaciones militares, pol\u00edticas y administrativas de la Rep\u00fablica en Armas.<\/p>\n<p>Concluy\u00f3 su alocuci\u00f3n destacando que: \u201cLa Batalla del 6 de septiembre, nos confirma para la posteridad que los dominicanos actuando unidos, sin divisionismos desgarradores, sin pesimismo que nos impida ver con claridad positiva y triunfal el presente y el futuro, logramos grandes cosas en la construcci\u00f3n de un mejor pa\u00eds cada d\u00eda, y as\u00ed ser\u00e1 en nombre de Dios y de los restauradores\u201d.<\/p>\n<p><a href=\"https:\/\/elnuevodiario.com.do\/efemerides-patrias-honra-en-el-163-aniversario-de-la-batalla-restauradora-de-santiago-a-sus-combatientes\/efemerides-patrias-honra-en-el-163-aniversario-de-la-batalla-restauradora-de-santiago-a-sus-combatientes-1\/\"><img decoding=\"async\" data-recalc-dims=\"1\" loading=\"lazy\" width=\"640\" height=\"360\" src=\"https:\/\/i0.wp.com\/nuevodiario-assets.s3.us-east-2.amazonaws.com\/wp-content\/uploads\/2026\/09\/Efemerides-Patrias-honra-en-el-163-aniversario-de-la-Batalla-Restauradora-de-Santiago-a-sus-combatientes-1.jpeg?resize=640%2C360&quality=100&ssl=1\" class=\"attachment-full size-full\" alt=\"\" \/><\/a><\/p>\n<p>La entrada <a href=\"https:\/\/elnuevodiario.com.do\/efemerides-patrias-honra-en-el-163-aniversario-de-la-batalla-restauradora-de-santiago-a-sus-combatientes\/\">Efem\u00e9rides Patrias honra en el 163 aniversario de la Batalla Restauradora de Santiago a sus combatientes<\/a> se public\u00f3 primero en <a href=\"https:\/\/elnuevodiario.com.do\">El Nuevo Diario (Rep\u00fablica Dominicana)<\/a>.<\/p>\n","protected":false},"excerpt":{"rendered":"EL NUEVO DIARIO, SANTIAGO.- La Presidencia de la Rep\u00fablica, a trav\u00e9s de&hellip;\n","protected":false},"author":1,"featured_media":67781,"comment_status":"open","ping_status":"open","sticky":false,"template":"","format":"standard","meta":{"footnotes":""},"categories":[1],"tags":[],"class_list":["post-67780","post","type-post","status-publish","format-standard","has-post-thumbnail","category-nacionales"],"_links":{"self":[{"href":"https:\/\/acronoticias.com\/index.php\/wp-json\/wp\/v2\/posts\/67780","targetHints":{"allow":["GET"]}}],"collection":[{"href":"https:\/\/acronoticias.com\/index.php\/wp-json\/wp\/v2\/posts"}],"about":[{"href":"https:\/\/acronoticias.com\/index.php\/wp-json\/wp\/v2\/types\/post"}],"author":[{"embeddable":true,"href":"https:\/\/acronoticias.com\/index.php\/wp-json\/wp\/v2\/users\/1"}],"replies":[{"embeddable":true,"href":"https:\/\/acronoticias.com\/index.php\/wp-json\/wp\/v2\/comments?post=67780"}],"version-history":[{"count":0,"href":"https:\/\/acronoticias.com\/index.php\/wp-json\/wp\/v2\/posts\/67780\/revisions"}],"wp:featuredmedia":[{"embeddable":true,"href":"https:\/\/acronoticias.com\/index.php\/wp-json\/wp\/v2\/media\/67781"}],"wp:attachment":[{"href":"https:\/\/acronoticias.com\/index.php\/wp-json\/wp\/v2\/media?parent=67780"}],"wp:term":[{"taxonomy":"category","embeddable":true,"href":"https:\/\/acronoticias.com\/index.php\/wp-json\/wp\/v2\/categories?post=67780"},{"taxonomy":"post_tag","embeddable":true,"href":"https:\/\/acronoticias.com\/index.php\/wp-json\/wp\/v2\/tags?post=67780"}],"curies":[{"name":"wp","href":"https:\/\/api.w.org\/{rel}","templated":true}]}}