{"id":67778,"date":"2026-09-06T19:29:38","date_gmt":"2026-09-06T19:29:38","guid":{"rendered":"https:\/\/acronoticias.com\/index.php\/2026\/09\/06\/gloria-reyes-asume-secretaria-de-organizacion-del-prm-con-el-reto-de-fortalecer-las-bases\/"},"modified":"2026-09-06T19:29:38","modified_gmt":"2026-09-06T19:29:38","slug":"gloria-reyes-asume-secretaria-de-organizacion-del-prm-con-el-reto-de-fortalecer-las-bases","status":"publish","type":"post","link":"https:\/\/acronoticias.com\/index.php\/2026\/09\/06\/gloria-reyes-asume-secretaria-de-organizacion-del-prm-con-el-reto-de-fortalecer-las-bases\/","title":{"rendered":"Gloria Reyes asume Secretar\u00eda de Organizaci\u00f3n del PRM con el reto de fortalecer las bases"},"content":{"rendered":"<div>\n<div class=\"c-detail__author full\">\n<div>\n<div class=\"c-detail__author__thumb\">\n<figure>\n                                <picture src=\"https:\/\/imagenes.hoy.com.do\/files\/image_square_xs\/uploads\/2025\/11\/10\/6911b3b5d935b.png\" data-size=\"w:40,h:40\">\n                                    <img decoding=\"async\" loading=\"lazy\" alt=\"Hoy .\" width=\"40\" height=\"40\" src=\"https:\/\/imagenes.hoy.com.do\/files\/image_square_xs\/uploads\/2025\/11\/10\/6911b3b5d935b.png\"\/>\n                                <\/picture>\n                                <\/figure>\n<\/div>\n<\/div>\n<\/div>\n<p>                                                                                            <!-- --><\/p>\n<p class=\"paragraph\"><b>Gloria Reyes<\/b> asumi\u00f3 este domingo la Secretar\u00eda Nacional de Organizaci\u00f3n del Partido Revolucionario Moderno (<b>PRM<\/b>), con el compromiso de dar continuidad al fortalecimiento de las bases, consolidar la estructura partidaria y seguir impulsando un partido m\u00e1s unido, organizado y cercano a su militancia.<\/p>\n<p class=\"paragraph\">Reyes fue juramentada durante un acto celebrado en el Club San Carlos, junto al presidente de la Rep\u00fablica y presidente del PRM, Luis Abinader, y el secretario general de la organizaci\u00f3n, Juan Garrig\u00f3 Mej\u00eda, como parte de las nuevas autoridades nacionales del partido para el per\u00edodo 2026-2030.<\/p>\n<p class=\"paragraph\">Al asumir esta responsabilidad, <b>Reyes <\/b>agradeci\u00f3 al presidente<b> Luis Abinader <\/b>por la confianza depositada en ella y por la oportunidad de continuar aportando al fortalecimiento del partido desde esta nueva responsabilidad. Asimismo, valor\u00f3 el respaldo de la direcci\u00f3n y de la militancia del PRM, y afirm\u00f3 que asume esta tarea con sentido de compromiso, responsabilidad y disposici\u00f3n de trabajar junto a todos los organismos de la organizaci\u00f3n.<\/p>\n<p class=\"paragraph\"><b>\u201cAsumo esta responsabilidad con la firme convicci\u00f3n de que un partido fuerte se construye desde sus bases, con organizaci\u00f3n, unidad, participaci\u00f3n y cercan\u00eda con su gente\u201d, expres\u00f3.<\/b><\/p>\n<p class=\"paragraph\">La nueva secretaria nacional de Organizaci\u00f3n sostuvo que su gesti\u00f3n estar\u00e1 enfocada en fortalecer la estructura partidaria en todo el territorio nacional, acompa\u00f1ar a los dirigentes y militantes y promover una mayor articulaci\u00f3n entre los distintos niveles de la organizaci\u00f3n.<\/p>\n<p class=\"paragraph\">\u201cOrganizar un partido es mucho m\u00e1s que administrar una estructura. Es escuchar, integrar, formar y acompa\u00f1ar a nuestra militancia. Queremos que cada organismo funcione y que cada militante encuentre en el partido un espacio para participar y aportar\u201d, afirm\u00f3.<\/p>\n<p class=\"paragraph\">Reyes consider\u00f3 que el fortalecimiento del PRM debe comenzar desde las bases y las comunidades, con una estructura capaz de responder a los nuevos desaf\u00edos pol\u00edticos y sociales del pa\u00eds y de mantener una conexi\u00f3n permanente con la ciudadan\u00eda.<\/p>\n<p class=\"paragraph\">La <b>dirigente <\/b>pol\u00edtica asegur\u00f3 que ejercer\u00e1 sus nuevas funciones con apertura, di\u00e1logo y disposici\u00f3n para trabajar junto a las estructuras nacionales, provinciales, municipales y zonales, con el prop\u00f3sito de seguir construyendo un partido fuerte, din\u00e1mico y preparado para los desaf\u00edos del presente y del futuro.<\/p>\n<div class=\"c-detail__box \">\n<article class=\"c-detail__sumario \">\n<figure class=\"c-detail__sumario__thumb\" style=\"display: block;\">\n            <a href=\"#\" title=\"\">\n                <picture data-size=\"w:140,h:140\" loading=\"lazy\" src=\"https:\/\/imagenes.hoy.com.do\/files\/related_image\/uploads\/2026\/09\/06\/6a9d91de98df6.png\" data-full-src=\"https:\/\/imagenes.hoy.com.do\/uploads\/2026\/09\/06\/6a9d91de98df6.png\">\n                    <img loading=\"lazy\" decoding=\"async\" width=\"140\" height=\"140\" alt=\"Luis Abinader al ser juramentado como presidente del PRM\" src=\"https:\/\/imagenes.hoy.com.do\/uploads\/2026\/09\/06\/6a9d91de98df6.png\"\/>\n                <\/picture>\n            <\/a><br \/>\n        <\/figure>\n<\/article>\n<\/div><\/div>\n","protected":false},"excerpt":{"rendered":"Gloria Reyes asumi\u00f3 este domingo la Secretar\u00eda Nacional de Organizaci\u00f3n del Partido&hellip;\n","protected":false},"author":1,"featured_media":67779,"comment_status":"open","ping_status":"open","sticky":false,"template":"","format":"standard","meta":{"footnotes":""},"categories":[2],"tags":[],"class_list":["post-67778","post","type-post","status-publish","format-standard","has-post-thumbnail","category-deporte"],"_links":{"self":[{"href":"https:\/\/acronoticias.com\/index.php\/wp-json\/wp\/v2\/posts\/67778","targetHints":{"allow":["GET"]}}],"collection":[{"href":"https:\/\/acronoticias.com\/index.php\/wp-json\/wp\/v2\/posts"}],"about":[{"href":"https:\/\/acronoticias.com\/index.php\/wp-json\/wp\/v2\/types\/post"}],"author":[{"embeddable":true,"href":"https:\/\/acronoticias.com\/index.php\/wp-json\/wp\/v2\/users\/1"}],"replies":[{"embeddable":true,"href":"https:\/\/acronoticias.com\/index.php\/wp-json\/wp\/v2\/comments?post=67778"}],"version-history":[{"count":0,"href":"https:\/\/acronoticias.com\/index.php\/wp-json\/wp\/v2\/posts\/67778\/revisions"}],"wp:featuredmedia":[{"embeddable":true,"href":"https:\/\/acronoticias.com\/index.php\/wp-json\/wp\/v2\/media\/67779"}],"wp:attachment":[{"href":"https:\/\/acronoticias.com\/index.php\/wp-json\/wp\/v2\/media?parent=67778"}],"wp:term":[{"taxonomy":"category","embeddable":true,"href":"https:\/\/acronoticias.com\/index.php\/wp-json\/wp\/v2\/categories?post=67778"},{"taxonomy":"post_tag","embeddable":true,"href":"https:\/\/acronoticias.com\/index.php\/wp-json\/wp\/v2\/tags?post=67778"}],"curies":[{"name":"wp","href":"https:\/\/api.w.org\/{rel}","templated":true}]}}