{"id":67772,"date":"2026-09-06T19:07:04","date_gmt":"2026-09-06T19:07:04","guid":{"rendered":"https:\/\/acronoticias.com\/index.php\/2026\/09\/06\/juan-hubieres-pide-intervencion-de-las-autoridades-en-monte-plata-por-aumento-de-la-delincuencia\/"},"modified":"2026-09-06T19:07:04","modified_gmt":"2026-09-06T19:07:04","slug":"juan-hubieres-pide-intervencion-de-las-autoridades-en-monte-plata-por-aumento-de-la-delincuencia","status":"publish","type":"post","link":"https:\/\/acronoticias.com\/index.php\/2026\/09\/06\/juan-hubieres-pide-intervencion-de-las-autoridades-en-monte-plata-por-aumento-de-la-delincuencia\/","title":{"rendered":"Juan Hubieres pide intervenci\u00f3n de las autoridades en Monte Plata por aumento de la delincuencia"},"content":{"rendered":"<p><img decoding=\"async\" width=\"355\" height=\"200\" src=\"https:\/\/nuevodiario-assets.s3.us-east-2.amazonaws.com\/wp-content\/uploads\/2026\/09\/dd2d6cce-aa77-4e61-bcbf-395a7d005fb7-1-355x200.jpeg\" class=\"webfeedsFeaturedVisual wp-post-image\" alt=\"\" style=\"display: block;margin-bottom: 5px;clear:both;max-width: 100%\" loading=\"lazy\" \/><\/p>\n<p>EL NUEVO DIARIO, MONTE PLATA. \u2013 El presidente del movimiento Rebelde (MR), Juan Hubieres, denunci\u00f3 este domingo que la provincia Monte Plata registra una tasa de 11.39 homicidios por cada 100 mil habitantes, lo que la convierte en una demarcaci\u00f3n insegura para su habitantes y visitantes.<\/p>\n<p>En tal sentido, el exdiputado demand\u00f3 a declarar en estado de emergencia a la demarcaci\u00f3n, debido a que la delincuencia se ha propagado peor que una enfermedad.<\/p>\n<p>Hubieres asegur\u00f3 que esta cifra ubica a la provincia por encima del promedio nacional (7.41), posicion\u00e1ndose como una de las demarcaciones que requiere mayor intervenci\u00f3n focalizada por las autoridades.<\/p>\n<p>El dirigente pol\u00edtico y sindical del transporte p\u00fablico de pasajeros, destac\u00f3 que el municipio Bayaguana en los \u00faltimos meses ha sido afectada por una ola de cr\u00edmenes, cuatrerismo, atracos y asesinatos, los cuales no han tenido respuestas de las autoridades.<\/p>\n<p>Expuso que lastimosamente, la afectaci\u00f3n directa de la criminalidad, afecta directamente a nuestra gente trabajadora, pac\u00edfica y productiva que no quiere entrar a la industria del crimen y que ante el incremento de la inseguridad ven vulnerados los frutos de sus esfuerzos, sin que se apliquen las sanciones correspondientes a los actores de los hechos.<\/p>\n<p>Juan Hubieres asever\u00f3 que la creciente criminalidad en los municipios como Monte Plata, Bayaguana, Yamas\u00e1, Sabana Grande de Boy\u00e1 ha provocado la paralizaci\u00f3n y afectado el desarrollo local como por ejemplo el comercio y el ecoturismo, as\u00ed como el constre\u00f1imiento de miles de familias a vivir encerradas por temor a ser v\u00edctimas de hechos violentos y atroces.<\/p>\n<p>Exdiputado de Monte Plata sostuvo que la provincia Monte Plata enfrenta una din\u00e1mica delictiva particular, marcada por la dispersi\u00f3n geogr\u00e1fica, el abigeato (robo de ganado, el microtr\u00e1fico de sustancias controladas en zonas urbanas y rurales), as\u00ed como una reducida capacidad de respuesta policial por falta de equipamiento y personal calificado.<\/p>\n<p>En ese sentido, Juan Hubieres se\u00f1al\u00f3 que en la provincia Monte Plata hace urgente la creaci\u00f3n de programas focalizados de capacitaci\u00f3n t\u00e9cnica y deportiva en sectores vinculables de Yamas\u00e1, Monte Plata, Bayaguana, Sabana Grande de Boy\u00e1 y Peralvillo, a los fines de contrarrestar el reclutamiento por parte del microtr\u00e1fico y de otros agentes delictivos que operan en detrimento de nuestro j\u00f3venes y ciudadanos.<\/p>\n<p>El l\u00edder del Movimiento Rebelde hizo el llamado sobre los indicadores estad\u00edsticos de la seguridad ciudadana en la provincia Monte Plata, los cuales calific\u00f3 de alarmante, con una tasa porcentual que, de manera detallada demanda la intervenci\u00f3n masiva de las autoridades competentes.<\/p>\n<p>En tal raz\u00f3n, Juan Hubieres solicit\u00f3 de manera urgente y concreta una mesa de trabajo comunitaria, estrategia integral de seguridad, patrullajes inteligente por cuadrante en zona rural y urbana, un centro de control regional y aumento del personal policial.<\/p>\n<p>ENV\/<\/p>\n<p>La entrada <a href=\"https:\/\/elnuevodiario.com.do\/juan-hubieres-pide-intervencion-de-las-autoridades-en-monte-plata-por-aumento-de-la-delincuencia\/\">Juan Hubieres pide intervenci\u00f3n de las autoridades en Monte Plata por aumento de la delincuencia<\/a> se public\u00f3 primero en <a href=\"https:\/\/elnuevodiario.com.do\">El Nuevo Diario (Rep\u00fablica Dominicana)<\/a>.<\/p>\n","protected":false},"excerpt":{"rendered":"EL NUEVO DIARIO, MONTE PLATA. \u2013 El presidente del movimiento Rebelde (MR),&hellip;\n","protected":false},"author":1,"featured_media":67773,"comment_status":"open","ping_status":"open","sticky":false,"template":"","format":"standard","meta":{"footnotes":""},"categories":[1],"tags":[],"class_list":["post-67772","post","type-post","status-publish","format-standard","has-post-thumbnail","category-nacionales"],"_links":{"self":[{"href":"https:\/\/acronoticias.com\/index.php\/wp-json\/wp\/v2\/posts\/67772","targetHints":{"allow":["GET"]}}],"collection":[{"href":"https:\/\/acronoticias.com\/index.php\/wp-json\/wp\/v2\/posts"}],"about":[{"href":"https:\/\/acronoticias.com\/index.php\/wp-json\/wp\/v2\/types\/post"}],"author":[{"embeddable":true,"href":"https:\/\/acronoticias.com\/index.php\/wp-json\/wp\/v2\/users\/1"}],"replies":[{"embeddable":true,"href":"https:\/\/acronoticias.com\/index.php\/wp-json\/wp\/v2\/comments?post=67772"}],"version-history":[{"count":0,"href":"https:\/\/acronoticias.com\/index.php\/wp-json\/wp\/v2\/posts\/67772\/revisions"}],"wp:featuredmedia":[{"embeddable":true,"href":"https:\/\/acronoticias.com\/index.php\/wp-json\/wp\/v2\/media\/67773"}],"wp:attachment":[{"href":"https:\/\/acronoticias.com\/index.php\/wp-json\/wp\/v2\/media?parent=67772"}],"wp:term":[{"taxonomy":"category","embeddable":true,"href":"https:\/\/acronoticias.com\/index.php\/wp-json\/wp\/v2\/categories?post=67772"},{"taxonomy":"post_tag","embeddable":true,"href":"https:\/\/acronoticias.com\/index.php\/wp-json\/wp\/v2\/tags?post=67772"}],"curies":[{"name":"wp","href":"https:\/\/api.w.org\/{rel}","templated":true}]}}