{"id":67770,"date":"2026-09-06T18:50:39","date_gmt":"2026-09-06T18:50:39","guid":{"rendered":"https:\/\/acronoticias.com\/index.php\/2026\/09\/06\/cdp-celebra-asamblea-nacional-destaca-remodelacion-codigo-penal-y-titulacion-de-periodistas\/"},"modified":"2026-09-06T18:50:39","modified_gmt":"2026-09-06T18:50:39","slug":"cdp-celebra-asamblea-nacional-destaca-remodelacion-codigo-penal-y-titulacion-de-periodistas","status":"publish","type":"post","link":"https:\/\/acronoticias.com\/index.php\/2026\/09\/06\/cdp-celebra-asamblea-nacional-destaca-remodelacion-codigo-penal-y-titulacion-de-periodistas\/","title":{"rendered":"CDP celebra Asamblea Nacional; destaca remodelaci\u00f3n, C\u00f3digo Penal y titulaci\u00f3n de periodistas"},"content":{"rendered":"<p><img decoding=\"async\" width=\"355\" height=\"200\" src=\"https:\/\/nuevodiario-assets.s3.us-east-2.amazonaws.com\/wp-content\/uploads\/2026\/09\/CDP-celebra-Asamblea-Nacional-destaca-remodelacion-Codigo-Penal-y-titulacion-de-periodistas-4-355x200.jpeg\" class=\"webfeedsFeaturedVisual wp-post-image\" alt=\"\" style=\"display: block;margin-bottom: 5px;clear:both;max-width: 100%\" loading=\"lazy\" \/><\/p>\n<p class=\"isSelectedEnd\">EL NUEVO DIARIO, SANTO DOMINGO.- El Colegio Dominicano de Periodistas (CDP) celebr\u00f3 su Asamblea Nacional Ordinaria, en la que present\u00f3 un informe sobre las principales ejecutorias desarrolladas durante los primeros 11 meses de la actual gesti\u00f3n, entre ellas el proceso de remodelaci\u00f3n de su edificio, las propuestas de modificaci\u00f3n al C\u00f3digo Penal y la puesta en marcha de un programa de titulaci\u00f3n dirigido a periodistas en ejercicio.<\/p>\n<p class=\"isSelectedEnd\">La asamblea, celebrada el s\u00e1bado 5 de septiembre, cont\u00f3 con la participaci\u00f3n presencial de delegados de 22 seccionales y representantes de otras cuatro de manera virtual.<\/p>\n<p class=\"isSelectedEnd\">Durante el encuentro se inform\u00f3 que la remodelaci\u00f3n del edificio principal del CDP ya fue licitada y adjudicada a una empresa, a la que le fue entregado el 20 % del monto correspondiente a la obra.<\/p>\n<p><a href=\"https:\/\/elnuevodiario.com.do\/cdp-celebra-asamblea-nacional-destaca-remodelacion-codigo-penal-y-titulacion-de-periodistas\/cdp-celebra-asamblea-nacional-destaca-remodelacion-codigo-penal-y-titulacion-de-periodistas-2\/\"><img loading=\"lazy\" decoding=\"async\" data-recalc-dims=\"1\" width=\"640\" height=\"480\" src=\"https:\/\/i0.wp.com\/nuevodiario-assets.s3.us-east-2.amazonaws.com\/wp-content\/uploads\/2026\/09\/CDP-celebra-Asamblea-Nacional-destaca-remodelacion-Codigo-Penal-y-titulacion-de-periodistas-2.jpeg?resize=640%2C480&quality=100&ssl=1\" class=\"attachment-full size-full\" alt=\"\" \/><\/a><\/p>\n<p class=\"isSelectedEnd\">Asimismo, se comunic\u00f3 que el presidente Luis Abinader acogi\u00f3 la propuesta de pensiones para periodistas presentada por el Instituto de Previsi\u00f3n y Protecci\u00f3n del Periodista (IPPP) y el CDP, por lo que se est\u00e1 a la espera de la publicaci\u00f3n del decreto.<\/p>\n<p class=\"isSelectedEnd\">Otro de los aspectos destacados fue la elecci\u00f3n de Luis P\u00e9rez, presidente del CDP, como vicepresidente de la Federaci\u00f3n Latinoamericana de Periodistas (FELAP), durante el congreso de esa organizaci\u00f3n celebrado del 5 al 8 de junio de 2026 en M\u00e9xico, donde particip\u00f3 en representaci\u00f3n del gremio dominicano.<\/p>\n<p><a href=\"https:\/\/elnuevodiario.com.do\/cdp-celebra-asamblea-nacional-destaca-remodelacion-codigo-penal-y-titulacion-de-periodistas\/cdp-celebra-asamblea-nacional-destaca-remodelacion-codigo-penal-y-titulacion-de-periodistas-3\/\"><img loading=\"lazy\" decoding=\"async\" data-recalc-dims=\"1\" width=\"640\" height=\"480\" src=\"https:\/\/i0.wp.com\/nuevodiario-assets.s3.us-east-2.amazonaws.com\/wp-content\/uploads\/2026\/09\/CDP-celebra-Asamblea-Nacional-destaca-remodelacion-Codigo-Penal-y-titulacion-de-periodistas-3.jpeg?resize=640%2C480&quality=100&ssl=1\" class=\"attachment-full size-full\" alt=\"\" \/><\/a><\/p>\n<p class=\"isSelectedEnd\">El informe presentado ante la asamblea tambi\u00e9n detall\u00f3 las gestiones realizadas para procurar el cumplimiento de la Ley 10-91, incluyendo encuentros con empresarios de la comunicaci\u00f3n como Jos\u00e9 Luis Corripio, Pep\u00edn, Juan Ram\u00f3n G\u00f3mez D\u00edaz, entre otros.<\/p>\n<p class=\"isSelectedEnd\">La direcci\u00f3n del gremio tambi\u00e9n hizo referencia a las situaciones generadas por el arrendamiento de m\u00e1s de la mitad del edificio del CDP durante la gesti\u00f3n encabezada por Aurelio Henr\u00edquez entre 2011 y 2013, inmueble que, seg\u00fan lo expuesto durante la asamblea, fue arrendado a una persona se\u00f1alada como reconocida delincuente.<\/p>\n<p class=\"isSelectedEnd\">Entre las acciones desarrolladas durante los 11 meses de gesti\u00f3n se mencionaron la pintura del edificio del CDP, la remodelaci\u00f3n de los ba\u00f1os y la instalaci\u00f3n de c\u00e1maras de vigilancia.<\/p>\n<p class=\"isSelectedEnd\">Tambi\u00e9n fueron citadas las jornadas de carnetizaci\u00f3n realizadas en las seccionales, la jornada de cedulaci\u00f3n dirigida a periodistas, la escogencia del Premio Nacional de Periodismo, el recorrido por las inmediaciones del Lago Enriquillo y la entrega del Premio de Periodismo a la Libertad de Expresi\u00f3n.<\/p>\n<p class=\"isSelectedEnd\">En el \u00e1mbito legislativo, el CDP entreg\u00f3 al Congreso Nacional un documento con propuestas de modificaci\u00f3n al C\u00f3digo Penal Dominicano y posteriormente organiz\u00f3 un conversatorio para analizar y debatir dichas propuestas.<\/p>\n<p><a href=\"https:\/\/elnuevodiario.com.do\/cdp-celebra-asamblea-nacional-destaca-remodelacion-codigo-penal-y-titulacion-de-periodistas\/cdp-celebra-asamblea-nacional-destaca-remodelacion-codigo-penal-y-titulacion-de-periodistas-1\/\"><img decoding=\"async\" data-recalc-dims=\"1\" loading=\"lazy\" width=\"640\" height=\"480\" src=\"https:\/\/i0.wp.com\/nuevodiario-assets.s3.us-east-2.amazonaws.com\/wp-content\/uploads\/2026\/09\/CDP-celebra-Asamblea-Nacional-destaca-remodelacion-Codigo-Penal-y-titulacion-de-periodistas-1.jpeg?resize=640%2C480&quality=100&ssl=1\" class=\"attachment-full size-full\" alt=\"\" \/><\/a><\/p>\n<p class=\"isSelectedEnd\">De igual manera, se present\u00f3 oficialmente el programa de titulaci\u00f3n para periodistas en ejercicio, como parte de las iniciativas impulsadas por la organizaci\u00f3n durante el per\u00edodo.<\/p>\n<p class=\"isSelectedEnd\">El Comit\u00e9 Ejecutivo inform\u00f3 adem\u00e1s sobre los encuentros sostenidos con el presidente Luis Abinader, la vicepresidenta Raquel Pe\u00f1a y el ministro de la Presidencia, Jos\u00e9 Ignacio Paliza, en los que fueron abordados temas relacionados con la remodelaci\u00f3n del edificio, las pensiones para periodistas, la renovaci\u00f3n del mobiliario de la instituci\u00f3n y la asistencia econ\u00f3mica a periodistas en situaci\u00f3n de precariedad de salud.<\/p>\n<h3 id=\"formacion-y-actividades-gremiales\">Formaci\u00f3n y actividades gremiales<\/h3>\n<p class=\"isSelectedEnd\">El informe incluy\u00f3 la celebraci\u00f3n de la fiesta de Navidad de 2025 y la organizaci\u00f3n de varias actividades formativas, entre ellas las conferencias sobre <strong>ciberseguridad en Rep\u00fablica Dominicana<\/strong>, realizada el 22 de abril; <strong>Desinformaci\u00f3n en la era de la Inteligencia Artificial<\/strong>, el 18 de junio; y <strong>La Inteligencia Artificial y su vinculaci\u00f3n al periodismo de actualidad<\/strong>, impartida el 8 de julio por An\u00edbal de Castro.<\/p>\n<p class=\"isSelectedEnd\">El Comit\u00e9 Ejecutivo del CDP tambi\u00e9n particip\u00f3, y en algunos casos sus integrantes fungieron como conferencistas, en actividades desarrolladas en San Francisco de Macor\u00eds, Mao, Miami, el Distrito Nacional, Punta Cana e Hig\u00fcey, entre otras localidades.<\/p>\n<p class=\"isSelectedEnd\">Durante la asamblea se presentaron, adem\u00e1s, los resultados de una auditor\u00eda realizada para determinar la situaci\u00f3n econ\u00f3mica del gremio al momento en que fue recibido por la actual direcci\u00f3n.<\/p>\n<h3 id=\"participacion-de-las-seccionales\">Participaci\u00f3n de las seccionales<\/h3>\n<p class=\"isSelectedEnd\">En la jornada participaron delegados presenciales de las seccionales del Distrito Nacional, Santiago de los Caballeros, La Vega, Duarte, Monse\u00f1or Nouel, Santiago Rodr\u00edguez, Montecristi-Dajab\u00f3n, Mar\u00eda Trinidad S\u00e1nchez-Saman\u00e1, S\u00e1nchez Ram\u00edrez, San Pedro de Macor\u00eds, La Romana, Monte Plata, La Altagracia, Haina, San Crist\u00f3bal, Peravia-Ocoa, Barahona, Bahoruco, Hermanas Mirabal, San Juan de la Maguana y Nueva York.<\/p>\n<p class=\"isSelectedEnd\">De manera virtual participaron representantes de Florida Central, New Jersey y Puerto Rico.<\/p>\n<p class=\"isSelectedEnd\">Al concluir la actividad, el Comit\u00e9 Ejecutivo del CDP realiz\u00f3 una rifa entre los asistentes, en la que fueron entregadas cuatro neveras, cuatro estufas, cuatro lavadoras y cuatro televisores.<\/p>\n<p class=\"isSelectedEnd\">La jornada concluy\u00f3 con un almuerzo ofrecido a los participantes, mientras que antes del inicio de la asamblea los delegados tuvieron acceso a desayuno, caf\u00e9, leche, chocolate, jugos y agua.<\/p>\n<p class=\"isSelectedEnd\">Durante el encuentro tambi\u00e9n se guard\u00f3 un minuto de silencio en homenaje a los periodistas fallecidos.<\/p>\n<p class=\"isSelectedEnd\"><strong>Pies de foto:<\/strong><\/p>\n<ol start=\"1\" data-spread=\"false\">\n<li>Luis P\u00e9rez, presidente del CDP, rinde informe ante la asamblea.<\/li>\n<li>Participantes en la Asamblea Nacional Ordinaria del CDP durante las discusiones.<\/li>\n<li>Los participantes guardan un minuto de silencio en homenaje a los periodistas fallecidos.<\/li>\n<li>Vista parcial de los asamble\u00edstas durante la jornada.<\/li>\n<\/ol>\n<p>La entrada <a href=\"https:\/\/elnuevodiario.com.do\/cdp-celebra-asamblea-nacional-destaca-remodelacion-codigo-penal-y-titulacion-de-periodistas\/\">CDP celebra Asamblea Nacional; destaca remodelaci\u00f3n, C\u00f3digo Penal y titulaci\u00f3n de periodistas<\/a> se public\u00f3 primero en <a href=\"https:\/\/elnuevodiario.com.do\">El Nuevo Diario (Rep\u00fablica Dominicana)<\/a>.<\/p>\n","protected":false},"excerpt":{"rendered":"EL NUEVO DIARIO, SANTO DOMINGO.- El Colegio Dominicano de Periodistas (CDP) celebr\u00f3&hellip;\n","protected":false},"author":1,"featured_media":67771,"comment_status":"open","ping_status":"open","sticky":false,"template":"","format":"standard","meta":{"footnotes":""},"categories":[1],"tags":[],"class_list":["post-67770","post","type-post","status-publish","format-standard","has-post-thumbnail","category-nacionales"],"_links":{"self":[{"href":"https:\/\/acronoticias.com\/index.php\/wp-json\/wp\/v2\/posts\/67770","targetHints":{"allow":["GET"]}}],"collection":[{"href":"https:\/\/acronoticias.com\/index.php\/wp-json\/wp\/v2\/posts"}],"about":[{"href":"https:\/\/acronoticias.com\/index.php\/wp-json\/wp\/v2\/types\/post"}],"author":[{"embeddable":true,"href":"https:\/\/acronoticias.com\/index.php\/wp-json\/wp\/v2\/users\/1"}],"replies":[{"embeddable":true,"href":"https:\/\/acronoticias.com\/index.php\/wp-json\/wp\/v2\/comments?post=67770"}],"version-history":[{"count":0,"href":"https:\/\/acronoticias.com\/index.php\/wp-json\/wp\/v2\/posts\/67770\/revisions"}],"wp:featuredmedia":[{"embeddable":true,"href":"https:\/\/acronoticias.com\/index.php\/wp-json\/wp\/v2\/media\/67771"}],"wp:attachment":[{"href":"https:\/\/acronoticias.com\/index.php\/wp-json\/wp\/v2\/media?parent=67770"}],"wp:term":[{"taxonomy":"category","embeddable":true,"href":"https:\/\/acronoticias.com\/index.php\/wp-json\/wp\/v2\/categories?post=67770"},{"taxonomy":"post_tag","embeddable":true,"href":"https:\/\/acronoticias.com\/index.php\/wp-json\/wp\/v2\/tags?post=67770"}],"curies":[{"name":"wp","href":"https:\/\/api.w.org\/{rel}","templated":true}]}}