{"id":67764,"date":"2026-09-06T18:26:34","date_gmt":"2026-09-06T18:26:34","guid":{"rendered":"https:\/\/acronoticias.com\/index.php\/2026\/09\/06\/defensoria-pide-a-de-la-espriella-no-competir-con-los-criminales-por-quien-es-mas-cruel\/"},"modified":"2026-09-06T18:26:34","modified_gmt":"2026-09-06T18:26:34","slug":"defensoria-pide-a-de-la-espriella-no-competir-con-los-criminales-por-quien-es-mas-cruel","status":"publish","type":"post","link":"https:\/\/acronoticias.com\/index.php\/2026\/09\/06\/defensoria-pide-a-de-la-espriella-no-competir-con-los-criminales-por-quien-es-mas-cruel\/","title":{"rendered":"Defensor\u00eda pide a De la Espriella no competir con los criminales por qui\u00e9n es \u00abm\u00e1s cruel\u00bb"},"content":{"rendered":"<p><strong>Bogot\u00e1<\/strong>.- La <strong><a rel=\"nofollow\" href=\"https:\/\/www.defensoria.gov.co\/\">Defensor\u00eda del Pueblo de Colombia<\/a><\/strong> le pidi\u00f3 este domingo al presidente de ese pa\u00eds, <strong>Abelardo de la Espriella<\/strong>, no competir con grupos armados ilegales por demostrar qui\u00e9n alcanza mayor nivel de crueldad, tras la escalada de enfrentamientos entre las <strong>Fuerzas Armadas<\/strong> y organizaciones criminales.<\/p>\n<p>El Estado y el Gobierno no pueden dejarse llevar por una competencia para demostrar qui\u00e9n puede ser m\u00e1s cruel. No pueden disputar con los grupos armados qui\u00e9n produce m\u00e1s miedo, qui\u00e9n humilla m\u00e1s al adversario o qui\u00e9n convierte la muerte en demostraci\u00f3n de poder\u00bb, dijo la defensora, <strong>Iris Mar\u00edn<\/strong>.<\/p>\n<figure class=\"wp-block-image size-full\"><img decoding=\"async\" src=\"https:\/\/multimedia.noticiassin.com\/wp-content\/uploads\/2026\/09\/borrador-automatico-20260906-175723-R3DG.webp\" alt=\"De la Espriella habla en un acto oficial junto a mandos militares, en medio de cr\u00edticas por exhibiciones de operativos\" class=\"wp-image-2109657\" \/><figcaption class=\"wp-element-caption\">De la Espriella ofrece declaraciones en un acto oficial acompa\u00f1ado por altos mandos militares, tras cuestionamientos por pol\u00e9micas exhibiciones de operativos en Colombia.<\/figcaption><\/figure>\n<h2 id=\"critica-por-exhibir-cuerpos-en-operativos\" class=\"wp-block-heading\">Cr\u00edtica por exhibir cuerpos en operativos<\/h2>\n<p>La entidad public\u00f3 un video en su cuenta de X en el que cuestiona la decisi\u00f3n de <strong>De la Espriella<\/strong> de mostrarse caminando entre los cad\u00e1veres embolsados de 23 supuestos disidentes de las antiguas <strong>FARC<\/strong>, muertos la semana pasada en una operaci\u00f3n militar en el departamento del <strong>Guaviare<\/strong> (centro-sur).<\/p>\n<p>Nuestro pa\u00eds lleva d\u00e9cadas enfrentando diferentes ciclos de conflictos armados y criminalidad organizada. Sin embargo, no recuerdo haber visto a un presidente caminando entre los muertos y sinti\u00e9ndose orgulloso de esas muertes\u00bb, dijo <strong>Mar\u00edn<\/strong>.<\/p>\n<p><strong>De la Espriella<\/strong>, quien prometi\u00f3 \u00abmano dura\u00bb en temas de seguridad, asegur\u00f3 este mi\u00e9rcoles que \u00abla paz verdadera se construye con la fuerza de las armas y las leyes de la <strong>Rep\u00fablica<\/strong>\u00bb y ratific\u00f3 que derrotar\u00e1 al crimen sin di\u00e1logo, ya sea \u00abpor la raz\u00f3n o por la fuerza\u00bb.<\/p>\n<p>El presidente repiti\u00f3 la imagen del <strong>Guaviare<\/strong> este viernes cuando present\u00f3 ante la prensa cuatro cuerpos cubiertos con lonas blancas, resultado de un operativo policial en <strong>Riohacha<\/strong> contra las <strong>Autodefensas Conquistadoras de la Sierra Nevada<\/strong> (<strong>ACSN<\/strong>), en el que muri\u00f3 uno de sus l\u00edderes, Na\u00edn Andr\u00e9s P\u00e9rez Toncel, alias Bendito Menor.<\/p>\n<p>Las im\u00e1genes y los s\u00edmbolos del poder p\u00fablico tambi\u00e9n importan. No deber\u00edamos normalizar que los cuerpos de personas muertas hagan parte de la escenograf\u00eda de una declaraci\u00f3n p\u00fablica ni que la muerte se convierta en una forma de exhibir autoridad\u00bb, indic\u00f3 la <strong>Defensor\u00eda<\/strong>.<\/p>\n<p>La entidad asegur\u00f3 que no desconoce ni cuestiona la legitimidad de las operaciones militares, sino m\u00e1s bien la manera en c\u00f3mo el \u00ab<strong>Estado<\/strong> ejerce el poder y comunica sus resultados\u00bb, ya que \u00abincluso en la guerra existen l\u00edmites\u00bb y los muertos deben ser \u00abrespetados y tratados dignamente\u00bb.<\/p>\n<h2 id=\"limites-del-estado-en-la-seguridad\" class=\"wp-block-heading\">L\u00edmites del Estado en la seguridad<\/h2>\n<p><strong>Mar\u00edn<\/strong> indic\u00f3 que recibieron informaci\u00f3n sobre un portal denominado \u00abLas Bajas del Tigre\u00bb, que no se ha confirmado que sea una p\u00e1gina oficial, en el que se cuentan los muertos y otros resultados de las operaciones militares desde la posesi\u00f3n de <strong>De la Espriella<\/strong>, el pasado 7 de agosto.<\/p>\n<ul class=\"wp-block-list\">\n<li>El Estado no necesita parecerse a quienes combate para demostrar su fortaleza. <\/li>\n<li>Su autoridad se afirma cuando enfrenta con decisi\u00f3n a quienes amenazan a la poblaci\u00f3n, pero conserva los l\u00edmites que impone la Constituci\u00f3n, la ley y, sobre todo, la humanidad\u00bb, concluy\u00f3 la <strong>Defensor\u00eda<\/strong>.\u00a0<\/li>\n<\/ul>\n<p><strong>Abelardo de la Espriella<\/strong> asumi\u00f3 la Presidencia de Colombia el <strong>7 de agosto de 2026<\/strong>. Desde el inicio de su mandato ha defendido una pol\u00edtica de <strong>mano dura contra los grupos armados ilegales<\/strong>, con mayor \u00e9nfasis en operaciones militares y bombardeos contra estructuras como el <strong>ELN y las disidencias de las FARC<\/strong>.<\/p>\n","protected":false},"excerpt":{"rendered":"Bogot\u00e1.- La Defensor\u00eda del Pueblo de Colombia le pidi\u00f3 este domingo al&hellip;\n","protected":false},"author":1,"featured_media":67765,"comment_status":"open","ping_status":"open","sticky":false,"template":"","format":"standard","meta":{"footnotes":""},"categories":[3],"tags":[],"class_list":["post-67764","post","type-post","status-publish","format-standard","has-post-thumbnail","category-internacionales"],"_links":{"self":[{"href":"https:\/\/acronoticias.com\/index.php\/wp-json\/wp\/v2\/posts\/67764","targetHints":{"allow":["GET"]}}],"collection":[{"href":"https:\/\/acronoticias.com\/index.php\/wp-json\/wp\/v2\/posts"}],"about":[{"href":"https:\/\/acronoticias.com\/index.php\/wp-json\/wp\/v2\/types\/post"}],"author":[{"embeddable":true,"href":"https:\/\/acronoticias.com\/index.php\/wp-json\/wp\/v2\/users\/1"}],"replies":[{"embeddable":true,"href":"https:\/\/acronoticias.com\/index.php\/wp-json\/wp\/v2\/comments?post=67764"}],"version-history":[{"count":0,"href":"https:\/\/acronoticias.com\/index.php\/wp-json\/wp\/v2\/posts\/67764\/revisions"}],"wp:featuredmedia":[{"embeddable":true,"href":"https:\/\/acronoticias.com\/index.php\/wp-json\/wp\/v2\/media\/67765"}],"wp:attachment":[{"href":"https:\/\/acronoticias.com\/index.php\/wp-json\/wp\/v2\/media?parent=67764"}],"wp:term":[{"taxonomy":"category","embeddable":true,"href":"https:\/\/acronoticias.com\/index.php\/wp-json\/wp\/v2\/categories?post=67764"},{"taxonomy":"post_tag","embeddable":true,"href":"https:\/\/acronoticias.com\/index.php\/wp-json\/wp\/v2\/tags?post=67764"}],"curies":[{"name":"wp","href":"https:\/\/api.w.org\/{rel}","templated":true}]}}