{"id":67760,"date":"2026-09-06T18:03:17","date_gmt":"2026-09-06T18:03:17","guid":{"rendered":"https:\/\/acronoticias.com\/index.php\/2026\/09\/06\/siempre-primero-el-pais-y-su-gente-abinader-asume-la-presidencia-del-prm-y-fija-su-primera-posicion\/"},"modified":"2026-09-06T18:03:17","modified_gmt":"2026-09-06T18:03:17","slug":"siempre-primero-el-pais-y-su-gente-abinader-asume-la-presidencia-del-prm-y-fija-su-primera-posicion","status":"publish","type":"post","link":"https:\/\/acronoticias.com\/index.php\/2026\/09\/06\/siempre-primero-el-pais-y-su-gente-abinader-asume-la-presidencia-del-prm-y-fija-su-primera-posicion\/","title":{"rendered":"\u201cSiempre primero el pa\u00eds y su gente\u201d: Abinader asume la presidencia del PRM y fija su primera posici\u00f3n"},"content":{"rendered":"<div>\n<p class=\"wp-block-paragraph\"><strong>Santo Domingo.-<\/strong> El presidente<strong> Luis Abinader<\/strong> asumi\u00f3 este domingo la presidencia del <strong>Partido Revolucionario Moderno (PRM) para el per\u00edodo 2026-2030<\/strong> y, en su primer mensaje, afirm\u00f3 que<em> \u201cprimero el pa\u00eds y su gente\u201d <\/em><strong>por encima de cualquier inter\u00e9s partidario.\u00a0<\/strong><\/p>\n<p class=\"wp-block-paragraph\"><em>\u201cSiempre<\/em><strong><em> primero el pa\u00eds y su gente,<\/em><\/strong><em> y solo despu\u00e9s<\/em><strong><em> estamos nosotros para servirle a nuestro pa\u00eds<\/em><\/strong><em>\u201d, <\/em>expres\u00f3 <strong>el mandatario <\/strong>durante el acto de <strong>Proclamaci\u00f3n de las Nuevas Autoridades y cierre de la XXIV<\/strong> <strong>Convenci\u00f3n Nacional Ordinaria Orlando Jorge Mera<\/strong>.<\/p>\n<p class=\"wp-block-paragraph\"><strong>Abinader <\/strong>enfatiz\u00f3 que ese es el orden correcto y que nunca se puede olvidar, mientras tenga el honor de presidir el <strong>PRM<\/strong>, y afirma que ese tambi\u00e9n ser\u00e1 el orden siempre defender\u00e1.\u00a0<\/p>\n<p class=\"wp-block-paragraph\"><strong><em>\u201cEse es el orden correcto y no lo podemos olvidar nunca.<\/em><\/strong><em> Y mientras tenga el honor de presidir este partido, ese ser\u00e1 tambi\u00e9n el orden que defender\u00e9\u201d,<\/em> sostuvo el mandatario.\u00a0<\/p>\n<p class=\"wp-block-paragraph\">Asimismo el presidente de la Rep\u00fablica advirti\u00f3 que cuando se altera esa prioridad,<em> \u201cel servicio se convierte en privilegio, el liderazgo en protagonismo y la pol\u00edtica termina perdiendo su sentido\u201d.<\/em><\/p>\n<p class=\"wp-block-paragraph\"><strong>Abinader <\/strong>tambi\u00e9n llam\u00f3 a que el<strong> Partido Revolucionario Moderno <\/strong>se mantenga por encima de sus <strong>dirigentes, diferencias, aspiraciones y victorias,<\/strong> al se\u00f1alar que los partidos que se <em>\u201cenamoran demasiado del poder\u201d<\/em> pueden terminar olvidando la raz\u00f3n por la que lo recibieron.<\/p>\n<p class=\"wp-block-paragraph\"><em>\u201cLos partidos que se enamoran demasiado del poder terminan olvidando para qu\u00e9 lo recibieron, y eso pas\u00f3 hace unos a\u00f1os y el pa\u00eds es testigo de eso\u201d,<\/em> afirm\u00f3 el l\u00edder del PRM.\u00a0<\/p>\n<p class=\"wp-block-paragraph\">Durante su discurso de proclamaci\u00f3n el mandatario sostuvo adem\u00e1s, que no llega a la presidencia de este partido <strong>para construir una candidatura ni para imponer un heredero<\/strong> o heredera pol\u00edtica.<\/p>\n<p class=\"wp-block-paragraph\">Durante el acto tambi\u00e9n fueron juramentados como vicepresidentes <strong>Milagros Ortiz Bosch, Eddy Olivares, Nelson Arroyo y Salvador Ramos<\/strong>; mientras que <strong>Gloria Reyes<\/strong> asumi\u00f3 como <strong>secretaria nacional de Organizaci\u00f3n<\/strong> y <strong>Luis Delgado<\/strong>, como secretario nacional electoral.\u00a0<\/p>\n<p class=\"wp-block-paragraph\">Asimismo, fueron juramentados como subsecretarios <strong>Kelvin Cruz, Lia D\u00edaz, Jean Luis Rodr\u00edguez y Rosa Santos<\/strong>.<\/p>\n<figure data-carousel-extra=\"{&quot;blog_id&quot;:1,&quot;permalink&quot;:&quot;https:\/\/rnn.com.do\/siempre-primero-el-pais-y-su-gente-abinader-asume-la-presidencia-del-prm-y-fija-su-primera-posicion\/&quot;}\" class=\"wp-block-gallery has-nested-images columns-default is-cropped wp-block-gallery-1 is-layout-flex wp-block-gallery-is-layout-flex\">\n<figure class=\"wp-block-image size-large\"><img data-recalc-dims=\"1\" fetchpriority=\"high\" decoding=\"async\" width=\"696\" height=\"870\" data-attachment-id=\"524941\" data-permalink=\"https:\/\/rnn.com.do\/siempre-primero-el-pais-y-su-gente-abinader-asume-la-presidencia-del-prm-y-fija-su-primera-posicion\/whatsapp-image-2026-09-06-at-12-34-20-pm-1\/\" data-orig-file=\"https:\/\/i0.wp.com\/rnn.com.do\/wp-content\/uploads\/2026\/09\/WhatsApp-Image-2026-09-06-at-12.34.20-PM-1.jpeg?fit=1280%2C1600&ssl=1\" data-orig-size=\"1280,1600\" data-comments-opened=\"1\" data-image-meta=\"{&quot;aperture&quot;:&quot;0&quot;,&quot;credit&quot;:&quot;&quot;,&quot;camera&quot;:&quot;&quot;,&quot;caption&quot;:&quot;&quot;,&quot;created_timestamp&quot;:&quot;0&quot;,&quot;copyright&quot;:&quot;&quot;,&quot;focal_length&quot;:&quot;0&quot;,&quot;iso&quot;:&quot;0&quot;,&quot;shutter_speed&quot;:&quot;0&quot;,&quot;title&quot;:&quot;&quot;,&quot;orientation&quot;:&quot;0&quot;,&quot;alt&quot;:&quot;&quot;}\" data-image-title=\"WhatsApp Image 2026-09-06 at 12.34.20 PM (1)\" data-image-description=\"\" data-image-caption=\"\" data-large-file=\"https:\/\/i0.wp.com\/rnn.com.do\/wp-content\/uploads\/2026\/09\/WhatsApp-Image-2026-09-06-at-12.34.20-PM-1.jpeg?fit=696%2C870&ssl=1\" data-id=\"524941\" src=\"https:\/\/i0.wp.com\/rnn.com.do\/wp-content\/uploads\/2026\/09\/WhatsApp-Image-2026-09-06-at-12.34.20-PM-1.jpeg?resize=696%2C870&ssl=1\" alt=\"\" class=\"wp-image-524941\" srcset=\"https:\/\/i0.wp.com\/rnn.com.do\/wp-content\/uploads\/2026\/09\/WhatsApp-Image-2026-09-06-at-12.34.20-PM-1.jpeg?resize=819%2C1024&ssl=1 819w, https:\/\/i0.wp.com\/rnn.com.do\/wp-content\/uploads\/2026\/09\/WhatsApp-Image-2026-09-06-at-12.34.20-PM-1.jpeg?resize=240%2C300&ssl=1 240w, https:\/\/i0.wp.com\/rnn.com.do\/wp-content\/uploads\/2026\/09\/WhatsApp-Image-2026-09-06-at-12.34.20-PM-1.jpeg?resize=768%2C960&ssl=1 768w, https:\/\/i0.wp.com\/rnn.com.do\/wp-content\/uploads\/2026\/09\/WhatsApp-Image-2026-09-06-at-12.34.20-PM-1.jpeg?resize=1229%2C1536&ssl=1 1229w, https:\/\/i0.wp.com\/rnn.com.do\/wp-content\/uploads\/2026\/09\/WhatsApp-Image-2026-09-06-at-12.34.20-PM-1.jpeg?resize=336%2C420&ssl=1 336w, https:\/\/i0.wp.com\/rnn.com.do\/wp-content\/uploads\/2026\/09\/WhatsApp-Image-2026-09-06-at-12.34.20-PM-1.jpeg?resize=150%2C188&ssl=1 150w, https:\/\/i0.wp.com\/rnn.com.do\/wp-content\/uploads\/2026\/09\/WhatsApp-Image-2026-09-06-at-12.34.20-PM-1.jpeg?resize=300%2C375&ssl=1 300w, https:\/\/i0.wp.com\/rnn.com.do\/wp-content\/uploads\/2026\/09\/WhatsApp-Image-2026-09-06-at-12.34.20-PM-1.jpeg?resize=696%2C870&ssl=1 696w, https:\/\/i0.wp.com\/rnn.com.do\/wp-content\/uploads\/2026\/09\/WhatsApp-Image-2026-09-06-at-12.34.20-PM-1.jpeg?resize=1068%2C1335&ssl=1 1068w, https:\/\/i0.wp.com\/rnn.com.do\/wp-content\/uploads\/2026\/09\/WhatsApp-Image-2026-09-06-at-12.34.20-PM-1.jpeg?w=1280&ssl=1 1280w\" sizes=\"(max-width: 696px) 100vw, 696px\"\/><\/figure>\n<figure class=\"wp-block-image size-large\"><img loading=\"lazy\" data-recalc-dims=\"1\" decoding=\"async\" width=\"696\" height=\"870\" data-attachment-id=\"524940\" data-permalink=\"https:\/\/rnn.com.do\/siempre-primero-el-pais-y-su-gente-abinader-asume-la-presidencia-del-prm-y-fija-su-primera-posicion\/whatsapp-image-2026-09-06-at-12-34-20-pm-2\/\" data-orig-file=\"https:\/\/i0.wp.com\/rnn.com.do\/wp-content\/uploads\/2026\/09\/WhatsApp-Image-2026-09-06-at-12.34.20-PM-2.jpeg?fit=1024%2C1280&ssl=1\" data-orig-size=\"1024,1280\" data-comments-opened=\"1\" data-image-meta=\"{&quot;aperture&quot;:&quot;0&quot;,&quot;credit&quot;:&quot;&quot;,&quot;camera&quot;:&quot;&quot;,&quot;caption&quot;:&quot;&quot;,&quot;created_timestamp&quot;:&quot;0&quot;,&quot;copyright&quot;:&quot;&quot;,&quot;focal_length&quot;:&quot;0&quot;,&quot;iso&quot;:&quot;0&quot;,&quot;shutter_speed&quot;:&quot;0&quot;,&quot;title&quot;:&quot;&quot;,&quot;orientation&quot;:&quot;0&quot;,&quot;alt&quot;:&quot;&quot;}\" data-image-title=\"WhatsApp Image 2026-09-06 at 12.34.20 PM (2)\" data-image-description=\"\" data-image-caption=\"\" data-large-file=\"https:\/\/i0.wp.com\/rnn.com.do\/wp-content\/uploads\/2026\/09\/WhatsApp-Image-2026-09-06-at-12.34.20-PM-2.jpeg?fit=696%2C870&ssl=1\" data-id=\"524940\" src=\"https:\/\/i0.wp.com\/rnn.com.do\/wp-content\/uploads\/2026\/09\/WhatsApp-Image-2026-09-06-at-12.34.20-PM-2.jpeg?resize=696%2C870&ssl=1\" alt=\"\" class=\"wp-image-524940\" srcset=\"https:\/\/i0.wp.com\/rnn.com.do\/wp-content\/uploads\/2026\/09\/WhatsApp-Image-2026-09-06-at-12.34.20-PM-2.jpeg?resize=819%2C1024&ssl=1 819w, https:\/\/i0.wp.com\/rnn.com.do\/wp-content\/uploads\/2026\/09\/WhatsApp-Image-2026-09-06-at-12.34.20-PM-2.jpeg?resize=240%2C300&ssl=1 240w, https:\/\/i0.wp.com\/rnn.com.do\/wp-content\/uploads\/2026\/09\/WhatsApp-Image-2026-09-06-at-12.34.20-PM-2.jpeg?resize=768%2C960&ssl=1 768w, https:\/\/i0.wp.com\/rnn.com.do\/wp-content\/uploads\/2026\/09\/WhatsApp-Image-2026-09-06-at-12.34.20-PM-2.jpeg?resize=336%2C420&ssl=1 336w, https:\/\/i0.wp.com\/rnn.com.do\/wp-content\/uploads\/2026\/09\/WhatsApp-Image-2026-09-06-at-12.34.20-PM-2.jpeg?resize=150%2C188&ssl=1 150w, https:\/\/i0.wp.com\/rnn.com.do\/wp-content\/uploads\/2026\/09\/WhatsApp-Image-2026-09-06-at-12.34.20-PM-2.jpeg?resize=300%2C375&ssl=1 300w, https:\/\/i0.wp.com\/rnn.com.do\/wp-content\/uploads\/2026\/09\/WhatsApp-Image-2026-09-06-at-12.34.20-PM-2.jpeg?resize=696%2C870&ssl=1 696w, https:\/\/i0.wp.com\/rnn.com.do\/wp-content\/uploads\/2026\/09\/WhatsApp-Image-2026-09-06-at-12.34.20-PM-2.jpeg?w=1024&ssl=1 1024w\" sizes=\"auto, (max-width: 696px) 100vw, 696px\"\/><\/figure>\n<figure class=\"wp-block-image size-large\"><img loading=\"lazy\" data-recalc-dims=\"1\" decoding=\"async\" width=\"696\" height=\"870\" data-attachment-id=\"524939\" data-permalink=\"https:\/\/rnn.com.do\/siempre-primero-el-pais-y-su-gente-abinader-asume-la-presidencia-del-prm-y-fija-su-primera-posicion\/whatsapp-image-2026-09-06-at-12-34-20-pm-3\/\" data-orig-file=\"https:\/\/i0.wp.com\/rnn.com.do\/wp-content\/uploads\/2026\/09\/WhatsApp-Image-2026-09-06-at-12.34.20-PM-3.jpeg?fit=1024%2C1280&ssl=1\" data-orig-size=\"1024,1280\" data-comments-opened=\"1\" data-image-meta=\"{&quot;aperture&quot;:&quot;0&quot;,&quot;credit&quot;:&quot;&quot;,&quot;camera&quot;:&quot;&quot;,&quot;caption&quot;:&quot;&quot;,&quot;created_timestamp&quot;:&quot;0&quot;,&quot;copyright&quot;:&quot;&quot;,&quot;focal_length&quot;:&quot;0&quot;,&quot;iso&quot;:&quot;0&quot;,&quot;shutter_speed&quot;:&quot;0&quot;,&quot;title&quot;:&quot;&quot;,&quot;orientation&quot;:&quot;0&quot;,&quot;alt&quot;:&quot;&quot;}\" data-image-title=\"WhatsApp Image 2026-09-06 at 12.34.20 PM (3)\" data-image-description=\"\" data-image-caption=\"\" data-large-file=\"https:\/\/i0.wp.com\/rnn.com.do\/wp-content\/uploads\/2026\/09\/WhatsApp-Image-2026-09-06-at-12.34.20-PM-3.jpeg?fit=696%2C870&ssl=1\" data-id=\"524939\" src=\"https:\/\/i0.wp.com\/rnn.com.do\/wp-content\/uploads\/2026\/09\/WhatsApp-Image-2026-09-06-at-12.34.20-PM-3.jpeg?resize=696%2C870&ssl=1\" alt=\"\" class=\"wp-image-524939\" srcset=\"https:\/\/i0.wp.com\/rnn.com.do\/wp-content\/uploads\/2026\/09\/WhatsApp-Image-2026-09-06-at-12.34.20-PM-3.jpeg?resize=819%2C1024&ssl=1 819w, https:\/\/i0.wp.com\/rnn.com.do\/wp-content\/uploads\/2026\/09\/WhatsApp-Image-2026-09-06-at-12.34.20-PM-3.jpeg?resize=240%2C300&ssl=1 240w, https:\/\/i0.wp.com\/rnn.com.do\/wp-content\/uploads\/2026\/09\/WhatsApp-Image-2026-09-06-at-12.34.20-PM-3.jpeg?resize=768%2C960&ssl=1 768w, https:\/\/i0.wp.com\/rnn.com.do\/wp-content\/uploads\/2026\/09\/WhatsApp-Image-2026-09-06-at-12.34.20-PM-3.jpeg?resize=336%2C420&ssl=1 336w, https:\/\/i0.wp.com\/rnn.com.do\/wp-content\/uploads\/2026\/09\/WhatsApp-Image-2026-09-06-at-12.34.20-PM-3.jpeg?resize=150%2C188&ssl=1 150w, https:\/\/i0.wp.com\/rnn.com.do\/wp-content\/uploads\/2026\/09\/WhatsApp-Image-2026-09-06-at-12.34.20-PM-3.jpeg?resize=300%2C375&ssl=1 300w, https:\/\/i0.wp.com\/rnn.com.do\/wp-content\/uploads\/2026\/09\/WhatsApp-Image-2026-09-06-at-12.34.20-PM-3.jpeg?resize=696%2C870&ssl=1 696w, https:\/\/i0.wp.com\/rnn.com.do\/wp-content\/uploads\/2026\/09\/WhatsApp-Image-2026-09-06-at-12.34.20-PM-3.jpeg?w=1024&ssl=1 1024w\" sizes=\"auto, (max-width: 696px) 100vw, 696px\"\/><\/figure>\n<figure class=\"wp-block-image size-large\"><img data-recalc-dims=\"1\" loading=\"lazy\" decoding=\"async\" width=\"696\" height=\"464\" data-attachment-id=\"524942\" data-permalink=\"https:\/\/rnn.com.do\/siempre-primero-el-pais-y-su-gente-abinader-asume-la-presidencia-del-prm-y-fija-su-primera-posicion\/whatsapp-image-2026-09-06-at-12-34-20-pm-4\/\" data-orig-file=\"https:\/\/i0.wp.com\/rnn.com.do\/wp-content\/uploads\/2026\/09\/WhatsApp-Image-2026-09-06-at-12.34.20-PM-4.jpeg?fit=1280%2C854&ssl=1\" data-orig-size=\"1280,854\" data-comments-opened=\"1\" data-image-meta=\"{&quot;aperture&quot;:&quot;0&quot;,&quot;credit&quot;:&quot;&quot;,&quot;camera&quot;:&quot;&quot;,&quot;caption&quot;:&quot;&quot;,&quot;created_timestamp&quot;:&quot;0&quot;,&quot;copyright&quot;:&quot;&quot;,&quot;focal_length&quot;:&quot;0&quot;,&quot;iso&quot;:&quot;0&quot;,&quot;shutter_speed&quot;:&quot;0&quot;,&quot;title&quot;:&quot;&quot;,&quot;orientation&quot;:&quot;0&quot;,&quot;alt&quot;:&quot;&quot;}\" data-image-title=\"WhatsApp Image 2026-09-06 at 12.34.20 PM (4)\" data-image-description=\"\" data-image-caption=\"\" data-large-file=\"https:\/\/i0.wp.com\/rnn.com.do\/wp-content\/uploads\/2026\/09\/WhatsApp-Image-2026-09-06-at-12.34.20-PM-4.jpeg?fit=696%2C464&ssl=1\" data-id=\"524942\" src=\"https:\/\/i0.wp.com\/rnn.com.do\/wp-content\/uploads\/2026\/09\/WhatsApp-Image-2026-09-06-at-12.34.20-PM-4.jpeg?resize=696%2C464&ssl=1\" alt=\"\" class=\"wp-image-524942\" srcset=\"https:\/\/i0.wp.com\/rnn.com.do\/wp-content\/uploads\/2026\/09\/WhatsApp-Image-2026-09-06-at-12.34.20-PM-4.jpeg?resize=1024%2C683&ssl=1 1024w, https:\/\/i0.wp.com\/rnn.com.do\/wp-content\/uploads\/2026\/09\/WhatsApp-Image-2026-09-06-at-12.34.20-PM-4.jpeg?resize=300%2C200&ssl=1 300w, https:\/\/i0.wp.com\/rnn.com.do\/wp-content\/uploads\/2026\/09\/WhatsApp-Image-2026-09-06-at-12.34.20-PM-4.jpeg?resize=768%2C512&ssl=1 768w, https:\/\/i0.wp.com\/rnn.com.do\/wp-content\/uploads\/2026\/09\/WhatsApp-Image-2026-09-06-at-12.34.20-PM-4.jpeg?resize=630%2C420&ssl=1 630w, https:\/\/i0.wp.com\/rnn.com.do\/wp-content\/uploads\/2026\/09\/WhatsApp-Image-2026-09-06-at-12.34.20-PM-4.jpeg?resize=150%2C100&ssl=1 150w, https:\/\/i0.wp.com\/rnn.com.do\/wp-content\/uploads\/2026\/09\/WhatsApp-Image-2026-09-06-at-12.34.20-PM-4.jpeg?resize=696%2C464&ssl=1 696w, https:\/\/i0.wp.com\/rnn.com.do\/wp-content\/uploads\/2026\/09\/WhatsApp-Image-2026-09-06-at-12.34.20-PM-4.jpeg?resize=1068%2C713&ssl=1 1068w, https:\/\/i0.wp.com\/rnn.com.do\/wp-content\/uploads\/2026\/09\/WhatsApp-Image-2026-09-06-at-12.34.20-PM-4.jpeg?w=1280&ssl=1 1280w\" sizes=\"auto, (max-width: 696px) 100vw, 696px\"\/><\/figure>\n<\/figure>\n<\/div>\n","protected":false},"excerpt":{"rendered":"Santo Domingo.- El presidente Luis Abinader asumi\u00f3 este domingo la presidencia del&hellip;\n","protected":false},"author":1,"featured_media":67761,"comment_status":"open","ping_status":"open","sticky":false,"template":"","format":"standard","meta":{"footnotes":""},"categories":[1],"tags":[],"class_list":["post-67760","post","type-post","status-publish","format-standard","has-post-thumbnail","category-nacionales"],"_links":{"self":[{"href":"https:\/\/acronoticias.com\/index.php\/wp-json\/wp\/v2\/posts\/67760","targetHints":{"allow":["GET"]}}],"collection":[{"href":"https:\/\/acronoticias.com\/index.php\/wp-json\/wp\/v2\/posts"}],"about":[{"href":"https:\/\/acronoticias.com\/index.php\/wp-json\/wp\/v2\/types\/post"}],"author":[{"embeddable":true,"href":"https:\/\/acronoticias.com\/index.php\/wp-json\/wp\/v2\/users\/1"}],"replies":[{"embeddable":true,"href":"https:\/\/acronoticias.com\/index.php\/wp-json\/wp\/v2\/comments?post=67760"}],"version-history":[{"count":0,"href":"https:\/\/acronoticias.com\/index.php\/wp-json\/wp\/v2\/posts\/67760\/revisions"}],"wp:featuredmedia":[{"embeddable":true,"href":"https:\/\/acronoticias.com\/index.php\/wp-json\/wp\/v2\/media\/67761"}],"wp:attachment":[{"href":"https:\/\/acronoticias.com\/index.php\/wp-json\/wp\/v2\/media?parent=67760"}],"wp:term":[{"taxonomy":"category","embeddable":true,"href":"https:\/\/acronoticias.com\/index.php\/wp-json\/wp\/v2\/categories?post=67760"},{"taxonomy":"post_tag","embeddable":true,"href":"https:\/\/acronoticias.com\/index.php\/wp-json\/wp\/v2\/tags?post=67760"}],"curies":[{"name":"wp","href":"https:\/\/api.w.org\/{rel}","templated":true}]}}