{"id":67756,"date":"2026-09-06T17:27:37","date_gmt":"2026-09-06T17:27:37","guid":{"rendered":"https:\/\/acronoticias.com\/index.php\/2026\/09\/06\/infantino-confirma-su-candidatura-a-reeleccion-como-presidente-de-fifa-pese-a-la-crisis\/"},"modified":"2026-09-06T17:27:37","modified_gmt":"2026-09-06T17:27:37","slug":"infantino-confirma-su-candidatura-a-reeleccion-como-presidente-de-fifa-pese-a-la-crisis","status":"publish","type":"post","link":"https:\/\/acronoticias.com\/index.php\/2026\/09\/06\/infantino-confirma-su-candidatura-a-reeleccion-como-presidente-de-fifa-pese-a-la-crisis\/","title":{"rendered":"Infantino confirma su candidatura a reelecci\u00f3n como presidente de FIFA pese a la crisis"},"content":{"rendered":"<p><img decoding=\"async\" width=\"355\" height=\"200\" src=\"https:\/\/nuevodiario-assets.s3.us-east-2.amazonaws.com\/wp-content\/uploads\/2026\/09\/AFP__20260906__C7GQ667__v1__HighRes__FilesSportFblFifaInfantinoElection-355x200.jpg\" class=\"webfeedsFeaturedVisual wp-post-image\" alt=\"\" style=\"display: block;margin-bottom: 5px;clear:both;max-width: 100%\" loading=\"lazy\" \/><\/p>\n<p>PAR\u00cdS.- El actual presidente de la FIFA, Gianni Infantino, ser\u00e1 candidato a la reelecci\u00f3n el pr\u00f3ximo a\u00f1o, indic\u00f3 a la AFP un portavoz de la instancia, pese a las cr\u00edticas que han llevado a algunas confederaciones, como la UEFA, a retirarle su apoyo.<\/p>\n<p>\u00abEl presidente de la FIFA anunci\u00f3 en abril que se presentar\u00eda a la reelecci\u00f3n en 2027. Por supuesto, nada ha cambiado y el se\u00f1or Infantino se presentar\u00e1 a la reelecci\u00f3n\u00bb, asegur\u00f3 un portavoz del dirigente italo-suizo\u00a0a la AFP, confirmando una informaci\u00f3n de la prensa inglesa.<\/p>\n<p>El mundo del f\u00fatbol est\u00e1 dividido sobre el modo de gobernar de Infantino, considerado opaco por sus detractores, sobre todo a ra\u00edz de la iniciativa del presidente de gestionar los ingresos de la Copa del Mundo a trav\u00e9s de una compa\u00f1\u00eda abierta a inversores privados sin haberlo consultado con el resto de miembros de la FIFA.<\/p>\n<p>Aunque el dirigente ha abandonado desde entonces esta idea, las cr\u00edticas contin\u00faan acumul\u00e1ndose y algunas de las federaciones europeas m\u00e1s importantes le han retirado su apoyo de cara a las elecciones de marzo de 2027.<\/p>\n<p>A finales de agosto, Italia se sum\u00f3 a varias otras federaciones que ya se hab\u00edan pronunciado contra Infantino (Suecia, Escocia, Nueva Zelanda, etc.), al igual que colectivos de aficionados, exjugadores y uno de los vicepresidentes del consejo de la FIFA, Sandor Csanyi.<\/p>\n<p>Las confederaciones europea (UEFA), norteamericana (Concacaf) y asi\u00e1tica (AFC) desautorizaron al presidente de la FIFA en una carta conjunta dirigida a la \u00abfamilia del f\u00fatbol\u00bb a principios de agosto.<\/p>\n<p>En cambio, Infantino ha recibido el apoyo \u00abpor unanimidad\u00bb de la confederaci\u00f3n africana (CAF), de una parte de la confederaci\u00f3n sudamericana (Conmebol), as\u00ed como de otras federaciones, exjugadores y personalidades pol\u00edticas como el presidente estadounidense Donald Trump.<\/p>\n<p>\u00danico candidato declarado por el momento para la votaci\u00f3n que tendr\u00e1 lugar en marzo de 2027, Infantino necesitar\u00e1 una mayor\u00eda simple de los votos entre las 211 federaciones afiliadas a la FIFA para prolongar su mandato, iniciado en 2016 y renovado en 2023 con un amplio apoyo de las federaciones europeas.<\/p>\n<p>Los candidatos deben presentarse a esta elecci\u00f3n antes del 18 de noviembre.<\/p>\n<p>La entrada <a href=\"https:\/\/elnuevodiario.com.do\/infantino-confirma-su-candidatura-a-reeleccion-como-presidente-de-fifa-pese-a-la-crisis\/\">Infantino confirma su candidatura a reelecci\u00f3n como presidente de FIFA pese a la crisis<\/a> se public\u00f3 primero en <a href=\"https:\/\/elnuevodiario.com.do\">El Nuevo Diario (Rep\u00fablica Dominicana)<\/a>.<\/p>\n","protected":false},"excerpt":{"rendered":"PAR\u00cdS.- El actual presidente de la FIFA, Gianni Infantino, ser\u00e1 candidato a&hellip;\n","protected":false},"author":1,"featured_media":67757,"comment_status":"open","ping_status":"open","sticky":false,"template":"","format":"standard","meta":{"footnotes":""},"categories":[2],"tags":[],"class_list":["post-67756","post","type-post","status-publish","format-standard","has-post-thumbnail","category-deporte"],"_links":{"self":[{"href":"https:\/\/acronoticias.com\/index.php\/wp-json\/wp\/v2\/posts\/67756","targetHints":{"allow":["GET"]}}],"collection":[{"href":"https:\/\/acronoticias.com\/index.php\/wp-json\/wp\/v2\/posts"}],"about":[{"href":"https:\/\/acronoticias.com\/index.php\/wp-json\/wp\/v2\/types\/post"}],"author":[{"embeddable":true,"href":"https:\/\/acronoticias.com\/index.php\/wp-json\/wp\/v2\/users\/1"}],"replies":[{"embeddable":true,"href":"https:\/\/acronoticias.com\/index.php\/wp-json\/wp\/v2\/comments?post=67756"}],"version-history":[{"count":0,"href":"https:\/\/acronoticias.com\/index.php\/wp-json\/wp\/v2\/posts\/67756\/revisions"}],"wp:featuredmedia":[{"embeddable":true,"href":"https:\/\/acronoticias.com\/index.php\/wp-json\/wp\/v2\/media\/67757"}],"wp:attachment":[{"href":"https:\/\/acronoticias.com\/index.php\/wp-json\/wp\/v2\/media?parent=67756"}],"wp:term":[{"taxonomy":"category","embeddable":true,"href":"https:\/\/acronoticias.com\/index.php\/wp-json\/wp\/v2\/categories?post=67756"},{"taxonomy":"post_tag","embeddable":true,"href":"https:\/\/acronoticias.com\/index.php\/wp-json\/wp\/v2\/tags?post=67756"}],"curies":[{"name":"wp","href":"https:\/\/api.w.org\/{rel}","templated":true}]}}