{"id":67754,"date":"2026-09-06T17:25:40","date_gmt":"2026-09-06T17:25:40","guid":{"rendered":"https:\/\/acronoticias.com\/index.php\/2026\/09\/06\/anitta-encabezara-uno-de-los-majestuosos-desfiles-del-carnaval-de-rio-en-2027\/"},"modified":"2026-09-06T17:25:40","modified_gmt":"2026-09-06T17:25:40","slug":"anitta-encabezara-uno-de-los-majestuosos-desfiles-del-carnaval-de-rio-en-2027","status":"publish","type":"post","link":"https:\/\/acronoticias.com\/index.php\/2026\/09\/06\/anitta-encabezara-uno-de-los-majestuosos-desfiles-del-carnaval-de-rio-en-2027\/","title":{"rendered":"Anitta encabezar\u00e1 uno de los majestuosos desfiles del Carnaval de R\u00edo en 2027"},"content":{"rendered":"<p><strong>R\u00edo de Janeiro<\/strong>.- La cantante brasile\u00f1a<a rel=\"nofollow\" href=\"https:\/\/www.instagram.com\/anitta\/\"> <strong>Anitta<\/strong><\/a>, una de las artistas de mayor proyecci\u00f3n internacional del pa\u00eds, fue anunciada este domingo como la nueva reina de la bater\u00eda de la escuela de samba <strong>Grande R\u00edo<\/strong>, y encabezar\u00e1 el desfile de la agrupaci\u00f3n en el samb\u00f3dromo durante el Carnaval de <strong>R\u00edo de Janeiro<\/strong> de 2027.<\/p>\n<p>Los fastuosos desfiles de las<strong> escuelas de samba<\/strong> son considerados el espect\u00e1culo m\u00e1s grande del mundo al aire libre y la principal atracci\u00f3n de la fiesta carioca.<\/p>\n<figure class=\"wp-block-image size-full\"><img decoding=\"async\" src=\"https:\/\/multimedia.noticiassin.com\/wp-content\/uploads\/2026\/09\/borrador-automatico-20260906-170806-nKty.webp\" alt=\"Anitta canta ante una multitud en una calle de R\u00edo, en contexto de su elecci\u00f3n como reina de bater\u00eda de Grande R\u00edo para 2027\" class=\"wp-image-2109618\" \/><figcaption class=\"wp-element-caption\">Anitta se presenta ante una multitud en R\u00edo de Janeiro, en una imagen vinculada a su elecci\u00f3n como reina de la bater\u00eda de Grande R\u00edo para el Carnaval de 2027.<\/figcaption><\/figure>\n<h2 id=\"anitta-sera-reina-de-grande-rio\" class=\"wp-block-heading\">Anitta ser\u00e1 reina de Grande R\u00edo<\/h2>\n<p>El cargo otorgado a la artista es uno de los m\u00e1s emblem\u00e1ticos del <strong>carnaval,<\/strong> pues requiere habilidad, carisma y belleza para representar con honor a la escuela a la que representa.<\/p>\n<p>Como reina de la bater\u00eda, <strong>Anitta<\/strong> actuar\u00e1 como un enlace entre los cientos de integrantes que integran la secci\u00f3n de percusi\u00f3n de la escuela y el p\u00fablico.<\/p>\n<p>Entre plumas y lentejuelas y sobre alt\u00edsimos tacones, la cantante guiar\u00e1 por m\u00e1s de una hora a la bater\u00eda por los <strong>700 metros de la pista del samb\u00f3dromo<\/strong>, al ritmo del samba que identificar\u00e1 la tem\u00e1tica escogida por la escuela para su presentaci\u00f3n.<\/p>\n<p>Acepto esta invitaci\u00f3n con gran respeto. Conozco la importancia del Carnaval en la vida de miles de personas y en la historia de un pueblo luchador que, durante d\u00e9cadas, ha convertido los desfiles en un acto pol\u00edtico y revolucionario\u00bb, afirm\u00f3 <strong>Anitta<\/strong> en un mensaje publicado en sus redes sociales.<\/p>\n<h2 id=\"el-desfile-abordara-la-historia-de-los-tabon\" class=\"wp-block-heading\">El desfile abordar\u00e1 la historia de los Tabon<\/h2>\n<p>El desfile contar\u00e1 la historia de los <strong>Tabon<\/strong>, una comunidad formada en la actual <strong>Ghana<\/strong> por africanos esclavizados que conquistaron su libertad en <strong>Brasil<\/strong> y posteriormente regresaron voluntariamente a <strong>\u00c1frica Occidental<\/strong>. Entre ellos hubo participantes en rebeliones contra la esclavitud, como la <strong>Revuelta de los Mal\u00eas<\/strong>.<\/p>\n<p>El argumento coincide con el momento personal y art\u00edstico de <strong>Anitta<\/strong>, cuyo reciente \u00e1lbum, \u00abEquilibrivm II\u00bb, aborda la espiritualidad, la ancestralidad y la b\u00fasqueda del autoconocimiento.<\/p>\n<p>La artista sustituir\u00e1 a la influenciadora <strong>Virginia Fonseca<\/strong>, novia del delantero del <strong>Real Madrid<\/strong> <strong>Vin\u00edcius J\u00fanior<\/strong>, con quien ha mantenido una sonada relaci\u00f3n.<\/p>\n<p><strong>Fonseca<\/strong> dej\u00f3 el puesto hace una semana por motivos personales, despu\u00e9s de haberlo ocupado durante el <strong>Carnaval<\/strong> de 2026.<\/p>\n<h3 id=\"coronacion-oficial-en-septiembre\" class=\"wp-block-heading\">Coronaci\u00f3n oficial en septiembre<\/h3>\n<p>\u00ab<strong>Anitta<\/strong> ser\u00e1 coronada oficialmente el 20 de septiembre en la sede de <strong>Grande Rio<\/strong>\u00ab.<\/p>\n<h3 id=\"regreso-de-anitta-al-sambodromo\" class=\"wp-block-heading\">Regreso de Anitta al samb\u00f3dromo<\/h3>\n<ul class=\"wp-block-list\">\n<li>El nombramiento supone el regreso de <strong>Anitta<\/strong> a uno de los escenarios m\u00e1s emblem\u00e1ticos del <strong>Carnaval<\/strong> carioca.<\/li>\n<li>La cantante ya desfil\u00f3 como musa de <strong>Mocidade Independente do Padre Miguel<\/strong>, la escuela de la que es aficionada, en 2016, y dos a\u00f1os antes hab\u00eda participado en el desfile de la centenaria <strong>Portela<\/strong>.<\/li>\n<\/ul>\n<p>La artista brasile\u00f1a alcanz\u00f3 reconocimiento mundial con \u00e9xitos como \u2018Envolver\u2019 o \u2018Versions of Me\u2019, con el que obtuvo una nominaci\u00f3n al <strong>Grammy<\/strong> en la categor\u00eda de mejor artista revelaci\u00f3n en 2023.<\/p>\n<p>En 2024 lanz\u00f3 el \u00e1lbum \u2018Funk Generation: A Favela Love Story\u2019, con el que alcanz\u00f3 m\u00faltiples nominaciones a los <strong>Grammy<\/strong>, y este a\u00f1o lanz\u00f3 los \u00e1lbumes Equilibrivm y Equilibrivm II, que abordan temas como la fe, los saberes ancestrales y la conexi\u00f3n con la naturaleza.\u00a0<\/p>\n<p><script async src=\"\/\/www.instagram.com\/embed.js\"><\/script><\/p>\n","protected":false},"excerpt":{"rendered":"R\u00edo de Janeiro.- La cantante brasile\u00f1a Anitta, una de las artistas de&hellip;\n","protected":false},"author":1,"featured_media":67755,"comment_status":"open","ping_status":"open","sticky":false,"template":"","format":"standard","meta":{"footnotes":""},"categories":[3],"tags":[],"class_list":["post-67754","post","type-post","status-publish","format-standard","has-post-thumbnail","category-internacionales"],"_links":{"self":[{"href":"https:\/\/acronoticias.com\/index.php\/wp-json\/wp\/v2\/posts\/67754","targetHints":{"allow":["GET"]}}],"collection":[{"href":"https:\/\/acronoticias.com\/index.php\/wp-json\/wp\/v2\/posts"}],"about":[{"href":"https:\/\/acronoticias.com\/index.php\/wp-json\/wp\/v2\/types\/post"}],"author":[{"embeddable":true,"href":"https:\/\/acronoticias.com\/index.php\/wp-json\/wp\/v2\/users\/1"}],"replies":[{"embeddable":true,"href":"https:\/\/acronoticias.com\/index.php\/wp-json\/wp\/v2\/comments?post=67754"}],"version-history":[{"count":0,"href":"https:\/\/acronoticias.com\/index.php\/wp-json\/wp\/v2\/posts\/67754\/revisions"}],"wp:featuredmedia":[{"embeddable":true,"href":"https:\/\/acronoticias.com\/index.php\/wp-json\/wp\/v2\/media\/67755"}],"wp:attachment":[{"href":"https:\/\/acronoticias.com\/index.php\/wp-json\/wp\/v2\/media?parent=67754"}],"wp:term":[{"taxonomy":"category","embeddable":true,"href":"https:\/\/acronoticias.com\/index.php\/wp-json\/wp\/v2\/categories?post=67754"},{"taxonomy":"post_tag","embeddable":true,"href":"https:\/\/acronoticias.com\/index.php\/wp-json\/wp\/v2\/tags?post=67754"}],"curies":[{"name":"wp","href":"https:\/\/api.w.org\/{rel}","templated":true}]}}