{"id":67689,"date":"2026-09-06T06:16:27","date_gmt":"2026-09-06T06:16:27","guid":{"rendered":"https:\/\/acronoticias.com\/index.php\/2026\/09\/06\/medio-ambiente-seguridad-y-defensa-nacional\/"},"modified":"2026-09-06T06:16:27","modified_gmt":"2026-09-06T06:16:27","slug":"medio-ambiente-seguridad-y-defensa-nacional","status":"publish","type":"post","link":"https:\/\/acronoticias.com\/index.php\/2026\/09\/06\/medio-ambiente-seguridad-y-defensa-nacional\/","title":{"rendered":"Medio Ambiente, Seguridad y Defensa Nacional"},"content":{"rendered":"<div>\n<p>                                                                                            <!-- --><\/p>\n<p class=\"paragraph\">La protecci\u00f3n del medio ambiente ha dejado de ser un asunto meramente ecol\u00f3gico para convertirse en un eje estrat\u00e9gico de seguridad y defensa nacional. El concierto de naciones ha comprendido que el cambio clim\u00e1tico y la degradaci\u00f3n de los recursos naturales impactan directamente en el desarrollo nacional y se traducen en amenazas que comprometen la estabilidad de los Estados. En este sentido, la soberan\u00eda no se limita \u00fanicamente a la defensa territorial, sino que se extiende a la preservaci\u00f3n del derecho al medio ambiente y de los derechos de la naturaleza, como condici\u00f3n indispensable para garantizar la seguridad societal.<\/p>\n<p class=\"paragraph\">Como en   anteriores intervenciones hemos indicado la seguridad nacional se ocupa de las amenazas internas que surgen dentro del territorio, mientras que la defensa nacional se activa frente a amenazas externas. Esta l\u00f3gica se replica en materia ambiental: la seguridad ambiental se activa frente a la deforestaci\u00f3n ilegal, los incendios forestales provocados, la contaminaci\u00f3n de r\u00edos y acu\u00edferos, la ocupaci\u00f3n irregular de \u00e1reas protegidas y la explotaci\u00f3n indiscriminada de recursos naturales. Tales pr\u00e1cticas comprometen la salud de la poblaci\u00f3n y la estabilidad social, y pueden ser instrumentalizadas por actores criminales locales. En el \u00e1mbito de la defensa ambiental, las amenazas incluyen el tr\u00e1fico internacional de especies, la explotaci\u00f3n transfronteriza de recursos naturales, la contaminaci\u00f3n mar\u00edtima y los efectos del cambio clim\u00e1tico que trascienden fronteras. Fen\u00f3menos como huracanes, sequ\u00edas y el aumento del nivel del mar impactan directamente en los Estados insulares del Caribe, oblig\u00e1ndolos a articular cooperaci\u00f3n internacional, diplomacia ambiental y capacidad militar y tecnol\u00f3gica para proteger sus recursos estrat\u00e9gicos.<\/p>\n<p class=\"paragraph\">M\u00e1s all\u00e1 del plano jur\u00eddico y de la pol\u00edtica de seguridad nacional, el medio ambiente se convierte en un actor geopol\u00edtico, ya que es un instrumento para la toma de decisiones que vincula factores geogr\u00e1ficos, pol\u00edticos y ambientales con la seguridad y el desarrollo. En el Gran Caribe, donde los Estados enfrentan fen\u00f3menos clim\u00e1ticos extremos y presiones transfronterizas, la capacidad de proteger los recursos naturales se traduce en poder de negociaci\u00f3n y liderazgo regional. Rep\u00fablica Dominicana, al impulsar la diplomacia ambiental y clim\u00e1tica en su estrategia de Estado, fortalece su pol\u00edtica exterior, capaz de articular cooperaci\u00f3n internacional para enfrentar amenazas comunes.<\/p>\n<p class=\"paragraph\">La protecci\u00f3n del medio ambiente como pol\u00edtica de seguridad y defensa nacional, es fundamental en un mundo donde existen nuevas amenazas, por eso la seguridad y defensa ambiental se erige como una protecci\u00f3n estrat\u00e9gica y de consolidaci\u00f3n geopol\u00edtica y geoestrat\u00e9gica.<\/p>\n<div class=\"c-detail__box \">\n<article class=\"c-detail__sumario \">\n<figure class=\"c-detail__sumario__thumb\" style=\"display: block;\">\n            <a href=\"#\" title=\"\">\n                <picture data-size=\"w:140,h:140\" loading=\"lazy\" src=\"https:\/\/imagenes.hoy.com.do\/files\/related_image\/uploads\/2026\/09\/03\/6a99b3f11ba67.jpeg\" data-full-src=\"https:\/\/imagenes.hoy.com.do\/uploads\/2026\/09\/03\/6a99b3f11ba67.jpeg\">\n                    <img loading=\"lazy\" decoding=\"async\" width=\"140\" height=\"140\" alt=\"\u00bfQu\u00e9 es el fen\u00f3meno meteorol\u00f3gico El Ni\u00f1o?\" src=\"https:\/\/imagenes.hoy.com.do\/uploads\/2026\/09\/03\/6a99b3f11ba67.jpeg\"\/>\n                <\/picture>\n            <\/a><br \/>\n        <\/figure>\n<\/article>\n<\/div>\n<\/div>\n","protected":false},"excerpt":{"rendered":"La protecci\u00f3n del medio ambiente ha dejado de ser un asunto meramente&hellip;\n","protected":false},"author":1,"featured_media":67690,"comment_status":"open","ping_status":"open","sticky":false,"template":"","format":"standard","meta":{"footnotes":""},"categories":[2],"tags":[],"class_list":["post-67689","post","type-post","status-publish","format-standard","has-post-thumbnail","category-deporte"],"_links":{"self":[{"href":"https:\/\/acronoticias.com\/index.php\/wp-json\/wp\/v2\/posts\/67689","targetHints":{"allow":["GET"]}}],"collection":[{"href":"https:\/\/acronoticias.com\/index.php\/wp-json\/wp\/v2\/posts"}],"about":[{"href":"https:\/\/acronoticias.com\/index.php\/wp-json\/wp\/v2\/types\/post"}],"author":[{"embeddable":true,"href":"https:\/\/acronoticias.com\/index.php\/wp-json\/wp\/v2\/users\/1"}],"replies":[{"embeddable":true,"href":"https:\/\/acronoticias.com\/index.php\/wp-json\/wp\/v2\/comments?post=67689"}],"version-history":[{"count":0,"href":"https:\/\/acronoticias.com\/index.php\/wp-json\/wp\/v2\/posts\/67689\/revisions"}],"wp:featuredmedia":[{"embeddable":true,"href":"https:\/\/acronoticias.com\/index.php\/wp-json\/wp\/v2\/media\/67690"}],"wp:attachment":[{"href":"https:\/\/acronoticias.com\/index.php\/wp-json\/wp\/v2\/media?parent=67689"}],"wp:term":[{"taxonomy":"category","embeddable":true,"href":"https:\/\/acronoticias.com\/index.php\/wp-json\/wp\/v2\/categories?post=67689"},{"taxonomy":"post_tag","embeddable":true,"href":"https:\/\/acronoticias.com\/index.php\/wp-json\/wp\/v2\/tags?post=67689"}],"curies":[{"name":"wp","href":"https:\/\/api.w.org\/{rel}","templated":true}]}}