{"id":67685,"date":"2026-09-06T05:14:28","date_gmt":"2026-09-06T05:14:28","guid":{"rendered":"https:\/\/acronoticias.com\/index.php\/2026\/09\/06\/falpo-ratifica-huelga-para-este-lunes-en-salcedo\/"},"modified":"2026-09-06T05:14:28","modified_gmt":"2026-09-06T05:14:28","slug":"falpo-ratifica-huelga-para-este-lunes-en-salcedo","status":"publish","type":"post","link":"https:\/\/acronoticias.com\/index.php\/2026\/09\/06\/falpo-ratifica-huelga-para-este-lunes-en-salcedo\/","title":{"rendered":"Falpo ratifica huelga para este lunes en Salcedo"},"content":{"rendered":"<div>\n<div class=\"c-detail__author full\">\n<div>\n<div class=\"c-detail__author__thumb\">\n<figure>\n                                <picture src=\"https:\/\/imagenes.hoy.com.do\/files\/image_square_xs\/uploads\/2025\/11\/13\/691619d5bf6e2.jpeg\" data-size=\"w:40,h:40\">\n                                    <img decoding=\"async\" loading=\"lazy\" alt=\"RAFAEL SANTOS\" width=\"40\" height=\"40\" src=\"https:\/\/imagenes.hoy.com.do\/files\/image_square_xs\/uploads\/2025\/11\/13\/691619d5bf6e2.jpeg\"\/>\n                                <\/picture>\n                                <\/figure>\n<\/div>\n<\/div>\n<\/div>\n<p>                                                                                            <!-- --><\/p>\n<p class=\"paragraph\">SALCEDO. \u2013 El Frente Amplio de Lucha Popular (<b>Falpo<\/b>) ratific\u00f3 el llamado a huelga programado para este lunes en este municipio, en <b>demanda <\/b>de que el Gobierno cumpla con una serie de demandas.<\/p>\n<p class=\"paragraph\">De acuerdo a Martin Medina, vocero de los convocantes, la jornada huelgaria ser\u00e1 en un principio por<b> 24 horas<\/b>, aunque aclar\u00f3 que la misma podr\u00eda extenderse si las autoridades gubernamentales no atienden los reclamos planteados.<\/p>\n<p class=\"paragraph\">Entre las demandas que se\u00f1ala por la entidad, figuran: la continuaci\u00f3n y agilizaci\u00f3n de la carretera Palmarito-  Salcedo- Cruce de Maguey, as\u00ed como para que se le continuaci\u00f3n a la construcci\u00f3n del puente que enlaza este municipio con la comunidad de Las Caobas y la reparaci\u00f3n de los tramos carreteros, Las Cuevas- Ranchito- San Jos\u00e9 \u2013 Sabana Angosta, la de El Corozal y Loma de Agua en Tenares, Buena Vista en Villa Tapia y la de Ojo de Agua que enlaza con Agua Fr\u00eda.<\/p>\n<p class=\"paragraph\">Tambi\u00e9n demandan el asfaltado de los diversos sectores populares de Salcedo, as\u00ed como otras v\u00edas en las comunidades de Los Tabucos, El Jobo, la que comunica al Rio Partido con el Monte Llano y la terminaci\u00f3n de los diferentes centros educativos que se encuentran en reparaci\u00f3n, en donde muchos de estos est\u00e1n paralizados.<\/p>\n<p class=\"paragraph\">Otros de los reclamos del Falpo, es para que se le preste atenci\u00f3n al llamado \u201cPunto Cr\u00edtico\u201d, del sector El Hoyo, tambi\u00e9n para que se le explique a la poblaci\u00f3n cuando ser\u00e1n concluidos los trabajos de construcci\u00f3n del alcantarillado sanitario de Tenares.<\/p>\n<p class=\"paragraph\"><b>Falpo apoya protestas en Monte Adentro por apagones y altas facturaciones energ\u00e9tica<\/b><\/p>\n<p class=\"paragraph\">En otro orden el Falpo manifest\u00f3 su respaldo a los habitantes de la comunidad de Monte Adentro, quienes durante mas de tres d\u00edas consecutivos, sobre todo en horas de la noche, han salido a las calles a movilizarse en protestas por los apagones y las altas facturaciones del servicio energ\u00e9tico,<\/p>\n<p class=\"paragraph\">\u201cUna comunidad sin luz y con recibos por las nubes, sin agua y sin caminos transitables no tiene posibilidad de llevar una vida digna. Sin servicios b\u00e1sicos, sin v\u00edas que permitan entrar ayudar o salir en casos de emergencia o desarrollar cualquier actividad, nuestras familias sobreviven en condiciones de miseria y desamparo. A esto se suma el estado cr\u00edtico de zonas como el Callej\u00f3n de Marina Gil, donde la infraestructura est\u00e1 totalmente destruida y nadie ha venido a repararla a pesar de las denuncias y las peticiones presentadas hace meses\u201d, dice la organizaci\u00f3n.<\/p>\n<div class=\"c-detail__box \">\n<article class=\"c-detail__sumario \">\n<figure class=\"c-detail__sumario__thumb\" style=\"display: block;\">\n            <a href=\"#\" title=\"\">\n                <picture data-size=\"w:140,h:140\" loading=\"lazy\" src=\"https:\/\/imagenes.hoy.com.do\/files\/related_image\/uploads\/2026\/09\/03\/6a9a2bac3bef2.jpeg\" data-full-src=\"https:\/\/imagenes.hoy.com.do\/uploads\/2026\/09\/03\/6a9a2bac3bef2.jpeg\">\n                    <img loading=\"lazy\" decoding=\"async\" width=\"140\" height=\"140\" alt=\"Charlie Mariotti Paz.\" src=\"https:\/\/imagenes.hoy.com.do\/uploads\/2026\/09\/03\/6a9a2bac3bef2.jpeg\"\/>\n                <\/picture>\n            <\/a><br \/>\n        <\/figure>\n<\/article>\n<\/div><\/div>\n","protected":false},"excerpt":{"rendered":"SALCEDO. \u2013 El Frente Amplio de Lucha Popular (Falpo) ratific\u00f3 el llamado&hellip;\n","protected":false},"author":1,"featured_media":67686,"comment_status":"open","ping_status":"open","sticky":false,"template":"","format":"standard","meta":{"footnotes":""},"categories":[2],"tags":[],"class_list":["post-67685","post","type-post","status-publish","format-standard","has-post-thumbnail","category-deporte"],"_links":{"self":[{"href":"https:\/\/acronoticias.com\/index.php\/wp-json\/wp\/v2\/posts\/67685","targetHints":{"allow":["GET"]}}],"collection":[{"href":"https:\/\/acronoticias.com\/index.php\/wp-json\/wp\/v2\/posts"}],"about":[{"href":"https:\/\/acronoticias.com\/index.php\/wp-json\/wp\/v2\/types\/post"}],"author":[{"embeddable":true,"href":"https:\/\/acronoticias.com\/index.php\/wp-json\/wp\/v2\/users\/1"}],"replies":[{"embeddable":true,"href":"https:\/\/acronoticias.com\/index.php\/wp-json\/wp\/v2\/comments?post=67685"}],"version-history":[{"count":0,"href":"https:\/\/acronoticias.com\/index.php\/wp-json\/wp\/v2\/posts\/67685\/revisions"}],"wp:featuredmedia":[{"embeddable":true,"href":"https:\/\/acronoticias.com\/index.php\/wp-json\/wp\/v2\/media\/67686"}],"wp:attachment":[{"href":"https:\/\/acronoticias.com\/index.php\/wp-json\/wp\/v2\/media?parent=67685"}],"wp:term":[{"taxonomy":"category","embeddable":true,"href":"https:\/\/acronoticias.com\/index.php\/wp-json\/wp\/v2\/categories?post=67685"},{"taxonomy":"post_tag","embeddable":true,"href":"https:\/\/acronoticias.com\/index.php\/wp-json\/wp\/v2\/tags?post=67685"}],"curies":[{"name":"wp","href":"https:\/\/api.w.org\/{rel}","templated":true}]}}