{"id":67683,"date":"2026-09-06T05:11:43","date_gmt":"2026-09-06T05:11:43","guid":{"rendered":"https:\/\/acronoticias.com\/index.php\/2026\/09\/06\/te-perdiste-alguna-estas-fueron-las-ediciones-impresas-de-la-semana-del-hoy-4\/"},"modified":"2026-09-06T05:11:43","modified_gmt":"2026-09-06T05:11:43","slug":"te-perdiste-alguna-estas-fueron-las-ediciones-impresas-de-la-semana-del-hoy-4","status":"publish","type":"post","link":"https:\/\/acronoticias.com\/index.php\/2026\/09\/06\/te-perdiste-alguna-estas-fueron-las-ediciones-impresas-de-la-semana-del-hoy-4\/","title":{"rendered":"\u00bfTe perdiste alguna? Estas fueron las ediciones impresas de la semana del Hoy"},"content":{"rendered":"<div>\n<div class=\"c-detail__author full\">\n<div>\n<div class=\"c-detail__author__thumb\">\n<figure>\n                                <picture src=\"https:\/\/imagenes.hoy.com.do\/files\/image_square_xs\/uploads\/2025\/11\/10\/6911b3b5d935b.png\" data-size=\"w:40,h:40\">\n                                    <img decoding=\"async\" loading=\"lazy\" alt=\"Hoy .\" width=\"40\" height=\"40\" src=\"https:\/\/imagenes.hoy.com.do\/files\/image_square_xs\/uploads\/2025\/11\/10\/6911b3b5d935b.png\"\/>\n                                <\/picture>\n                                <\/figure>\n<\/div>\n<\/div>\n<\/div>\n<p>                                                                                            <!-- --><\/p>\n<p class=\"paragraph\">Les traemos un resumen de las principales noticias ocurridas en la semana, empezando por lunes 31 de agosto de 2026 hasta la edici\u00f3n de ayer s\u00e1bado 05 de septiembre de 2026.<\/p>\n<h2 id=\"edicion-impresa-lunes-31-de-agosto-de-2026\" class=\"subtitle\">Edici\u00f3n impresa, lunes 31 de agosto de 2026<\/h2>\n<p class=\"paragraph\"><b>Juegos de Azar: Entre la evasi\u00f3n fiscal, violaci\u00f3n territorial y un proyecto de ley<\/b><\/p>\n<p class=\"paragraph\">Un sector que actualmente tiene un alto volumen de solicitudes pendientes de regularizaci\u00f3n de bancas de loter\u00eda, puntos de venta, agencias, bancas de apuestas y dem\u00e1s operadores de juegos de azar, luego de agotarse los plazos concedidos en 2022 por el Ministerio de Hacienda y Econom\u00eda.<\/p>\n<p class=\"paragraph\">A pesar de ser un negocio muy lucrativo para sus due\u00f1os, no est\u00e1 siendo fiscalizado por el Estado de manera correcta. En declaraciones recientes, el secretario general de la Federaci\u00f3n Nacional de Bancas de Loter\u00edas (Fenabanca), Cristian Guzm\u00e1n, en Rep\u00fablica Dominicana se juegan diariamente m\u00e1s de RD$400 millones en bancas de loter\u00edas, lo que equivale a unos RD$146,000 millones al a\u00f1o.<\/p>\n<div class=\"c-detail__box \">\n<article class=\"c-detail__sumario \">\n<figure class=\"c-detail__sumario__thumb\" style=\"display: block;\">\n            <a href=\"#\" title=\"\">\n                <picture data-size=\"w:140,h:140\" loading=\"lazy\" src=\"https:\/\/imagenes.hoy.com.do\/files\/related_image\/files\/fp\/uploads\/2026\/08\/30\/6a94df1ecb750.r_d.1138-1058.jpeg\" data-full-src=\"https:\/\/imagenes.hoy.com.do\/uploads\/2026\/08\/30\/6a94df1ecb750.jpeg\">\n                    <img loading=\"lazy\" decoding=\"async\" width=\"140\" height=\"140\" alt=\"a calle Francisco Villaespesa, en el sector de Villa Juana, tiene cuatro bancas de loter\u00edas en la misma periferia, en franca inobservancia a la ley, que establece una distancia de 200 metros lineales entre una banca y otra.\" src=\"https:\/\/imagenes.hoy.com.do\/uploads\/2026\/08\/30\/6a94df1ecb750.jpeg\"\/>\n                <\/picture>\n            <\/a><br \/>\n        <\/figure>\n<\/article>\n<\/div>\n<h2 id=\"edicion-impresa-martes-01-de-septiembre-de-2026\" class=\"subtitle\">Edici\u00f3n Impresa, martes 01 de septiembre de 2026<\/h2>\n<h2 id=\"luis-abinader-dice-termina-obras-dejadas-por-otros\" class=\"subtitle\">Luis Abinader dice termina obras dejadas por otros<\/h2>\n<p class=\"paragraph\">El presidente Luis Abinader dijo ayer en la LA Semanal que parte de su gesti\u00f3n gubernamental la ha pasado terminado obras iniciadas por otros gobiernos, entre estos proyectos que fueron iniciados por el extinto presidente Joaqu\u00edn Balaguer.<\/p>\n<p class=\"paragraph\">\u201cYo he terminado obras que comenz\u00f3 Balaguer, que comenz\u00f3 Hip\u00f3lito (quien fue presidente en el periodo 2000-2004); mira yo estoy terminando un hospital en Para\u00edso que empez\u00f3 Hip\u00f3lito y no lo continuaron, obras que empez\u00f3 Leonel y no la terminaron y obras que obviamente dej\u00f3 el presidente Danilo\u201d, acost\u00f3 en repuesta a una pregunta de los uno de los periodistas notable invitados sobre las obras que no se terminar\u00e1n despu\u00e9s del 2028.<\/p>\n<div class=\"c-detail__box \">\n<article class=\"c-detail__sumario \">\n<figure class=\"c-detail__sumario__thumb\" style=\"display: block;\">\n            <a href=\"#\" title=\"\">\n                <picture data-size=\"w:140,h:140\" loading=\"lazy\" src=\"https:\/\/imagenes.hoy.com.do\/files\/related_image\/uploads\/2026\/08\/31\/6a963976a49d9.jpeg\" data-full-src=\"https:\/\/imagenes.hoy.com.do\/uploads\/2026\/08\/31\/6a963976a49d9.jpeg\">\n                    <img loading=\"lazy\" decoding=\"async\" width=\"140\" height=\"140\" alt=\"El presidente Luis Abinader habla sobre su gesti\u00f3n de Gobierno.\" src=\"https:\/\/imagenes.hoy.com.do\/uploads\/2026\/08\/31\/6a963976a49d9.jpeg\"\/>\n                <\/picture>\n            <\/a><br \/>\n        <\/figure>\n<\/article>\n<\/div>\n<p class=\"paragraph\"><b>Edici\u00f3n Impresa, mi\u00e9rcoles 02 de septiembre de 2026<\/b><\/p>\n<p class=\"paragraph\"><b>Doce escuelas en SDE permanecen entre polvo, grietas, filtraciones y silencio<\/b><\/p>\n<p class=\"paragraph\">El presidente de la Asociaci\u00f3n de Padres, Madres y Tutores de Alumnos (APMAE) de la escuela Rep\u00fablica de Belice, Manuel Jos\u00e9 Ram\u00edrez, denunci\u00f3 las precarias condiciones de infraestructura que afectan a unas 12 escuelas intervenidas al distrito educativo 10-06, en Mendoza.<\/p>\n<p class=\"paragraph\">Ram\u00edrez sostuvo que la situaci\u00f3n \u201cno es un asunto pol\u00edtico\u201d, sino una preocupaci\u00f3n de padres y comunidades educativas ante las condiciones en que se encuentran los planteles.<\/p>\n<div class=\"c-detail__box \">\n<article class=\"c-detail__sumario \">\n<figure class=\"c-detail__sumario__thumb\" style=\"display: block;\">\n            <a href=\"#\" title=\"\">\n                <picture data-size=\"w:140,h:140\" loading=\"lazy\" src=\"https:\/\/imagenes.hoy.com.do\/files\/related_image\/files\/fp\/uploads\/2026\/09\/02\/6a987c194e2f0.r_d.693-382.jpeg\" data-full-src=\"https:\/\/imagenes.hoy.com.do\/uploads\/2026\/09\/02\/6a987c194e2f0.jpeg\">\n                    <img loading=\"lazy\" decoding=\"async\" width=\"140\" height=\"140\" alt=\"Uno de los planteles de SDE tiene el techo de un aula a punto de colapsar\" src=\"https:\/\/imagenes.hoy.com.do\/uploads\/2026\/09\/02\/6a987c194e2f0.jpeg\"\/>\n                <\/picture>\n            <\/a><br \/>\n        <\/figure>\n<\/article>\n<\/div>\n<h2 id=\"edicion-impresa-jueves-03-de-septiembre-de-2026\" class=\"subtitle\">Edici\u00f3n Impresa, jueves 03 de septiembre de 2026<\/h2>\n<p class=\"paragraph\">Rep\u00fablica Dominicana entra a alianza salud mujer y familia<\/p>\n<p class=\"paragraph\">Rep\u00fablica Dominicana formaliz\u00f3 su adhesi\u00f3n a la Declaraci\u00f3n de Consenso de Ginebra sobre la Promoci\u00f3n de la Salud de la Mujer y el Fortalecimiento de la Familia, iniciativa que promueve la protecci\u00f3n de la vida, la salud de las mujeres y ni\u00f1as y el fortalecimiento de la familia.<\/p>\n<p class=\"paragraph\">El acuerdo, se\u00f1ala una comunicaci\u00f3n, fue firmado por el canciller V\u00edctor Bison\u00f3 Haza, la embajadora de Estados Unidos, Leah Francis Campos, y la secretaria de la declaraci\u00f3n, Bethany Kozma.<\/p>\n<div class=\"c-detail__box \">\n<article class=\"c-detail__sumario \">\n<figure class=\"c-detail__sumario__thumb\" style=\"display: block;\">\n            <a href=\"#\" title=\"\">\n                <picture data-size=\"w:140,h:140\" loading=\"lazy\" src=\"https:\/\/imagenes.hoy.com.do\/files\/related_image\/uploads\/2026\/09\/02\/6a98d3a718bab.webp\" data-full-src=\"https:\/\/imagenes.hoy.com.do\/uploads\/2026\/09\/02\/6a98d3a718bab.webp\">\n                    <img loading=\"lazy\" decoding=\"async\" width=\"140\" height=\"140\" alt=\"Canciller V\u00edctor Bison\u00f3 durante el acuerdo\" src=\"https:\/\/imagenes.hoy.com.do\/uploads\/2026\/09\/02\/6a98d3a718bab.webp\"\/>\n                <\/picture>\n            <\/a><br \/>\n        <\/figure>\n<\/article>\n<\/div>\n<h2 id=\"edicion-impresa-viernes-04-de-septiembre-de-2026\" class=\"subtitle\">Edici\u00f3n Impresa, viernes 04 de septiembre de 2026<\/h2>\n<p class=\"paragraph\"><b>Monte Plata lidera provincias con m\u00e1s centros sin iniciar clases<\/b><\/p>\n<p class=\"paragraph\">Las dificultades en infraestructuras dejaron 237 centros educativos sin iniciar la docencia en todo el territorio, al cierre del levantamiento realizado por la Asociaci\u00f3n Dominicana de Profesores (ADP), de los cuales 224 fueron identificados nominalmente y otros 13 permanecen sin identificar.<\/p>\n<p class=\"paragraph\">El dato est\u00e1 contenido en el informe del Observatorio Educativo Prof. Rafael Santos Bad\u00eda de la ADP, cuyo levantamiento fue cerrado el 28 de agosto del 2026, y revela que los obst\u00e1culos para comenzar las clases se extendieron por distintas regiones del pa\u00eds.<\/p>\n<div class=\"c-detail__box \">\n<article class=\"c-detail__sumario \">\n<figure class=\"c-detail__sumario__thumb\" style=\"display: block;\">\n            <a href=\"#\" title=\"\">\n                <picture data-size=\"w:140,h:140\" loading=\"lazy\" src=\"https:\/\/imagenes.hoy.com.do\/files\/related_image\/files\/fp\/uploads\/2026\/09\/03\/6a9a36227c078.r_d.507-386.png\" data-full-src=\"https:\/\/imagenes.hoy.com.do\/uploads\/2026\/09\/03\/6a9a36227c078.png\">\n                    <img loading=\"lazy\" decoding=\"async\" width=\"140\" height=\"140\" alt=\"Infografia\" src=\"https:\/\/imagenes.hoy.com.do\/uploads\/2026\/09\/03\/6a9a36227c078.png\"\/>\n                <\/picture>\n            <\/a><br \/>\n        <\/figure>\n<\/article>\n<\/div>\n<h2 id=\"edicion-impresa-sabado-05-de-septiembre-de-2026\" class=\"subtitle\">Edici\u00f3n Impresa, s\u00e1bado 05 de septiembre de 2026<\/h2>\n<h2 id=\"peritos-atribuyen-colapso-del-jet-set-a-sobrecargas\" class=\"subtitle\">Peritos atribuyen colapso del Jet Set a sobrecargas<\/h2>\n<p class=\"paragraph\">El desplome del techo de la discoteca Jet Set, que seg\u00f3 la vida de 248 personas y dej\u00f3 con graves heridas a 180, fue en gran medida por las sobrecargas que conten\u00eda la estructura.<\/p>\n<p class=\"paragraph\">As\u00ed lo declararon ayer los ingenieros Leonardo Reyes Madera y M\u00e1ximo Jos\u00e9 Corominas, interrogados como peritos, en el juicio contra los hermanos Antonio y Maribel Espaillat.<\/p>\n<p class=\"paragraph\">Los ingenieros participaron en la investigaci\u00f3n de las condiciones estructurales del inmueble y fueron interrogados sobre las cargas, modificaciones y materiales de la edificaci\u00f3n.<\/p>\n<div class=\"c-detail__box \">\n<article class=\"c-detail__sumario \">\n<figure class=\"c-detail__sumario__thumb\" style=\"display: block;\">\n            <a href=\"#\" title=\"\">\n                <picture data-size=\"w:140,h:140\" loading=\"lazy\" src=\"https:\/\/imagenes.hoy.com.do\/files\/related_image\/uploads\/2026\/09\/04\/6a9b78e65ed3f.jpeg\" data-full-src=\"https:\/\/imagenes.hoy.com.do\/uploads\/2026\/09\/04\/6a9b78e65ed3f.jpeg\">\n                    <img loading=\"lazy\" decoding=\"async\" width=\"140\" height=\"140\" alt=\"Ayer fueron interrogados durante el juicio    los ingenieros Leonardo Reyes Madera y M\u00e1ximo Jos\u00e9 Corominas.\" src=\"https:\/\/imagenes.hoy.com.do\/uploads\/2026\/09\/04\/6a9b78e65ed3f.jpeg\"\/>\n                <\/picture>\n            <\/a><br \/>\n        <\/figure>\n<\/article>\n<\/div><\/div>\n","protected":false},"excerpt":{"rendered":"Les traemos un resumen de las principales noticias ocurridas en la semana,&hellip;\n","protected":false},"author":1,"featured_media":67684,"comment_status":"open","ping_status":"open","sticky":false,"template":"","format":"standard","meta":{"footnotes":""},"categories":[3],"tags":[],"class_list":["post-67683","post","type-post","status-publish","format-standard","has-post-thumbnail","category-internacionales"],"_links":{"self":[{"href":"https:\/\/acronoticias.com\/index.php\/wp-json\/wp\/v2\/posts\/67683","targetHints":{"allow":["GET"]}}],"collection":[{"href":"https:\/\/acronoticias.com\/index.php\/wp-json\/wp\/v2\/posts"}],"about":[{"href":"https:\/\/acronoticias.com\/index.php\/wp-json\/wp\/v2\/types\/post"}],"author":[{"embeddable":true,"href":"https:\/\/acronoticias.com\/index.php\/wp-json\/wp\/v2\/users\/1"}],"replies":[{"embeddable":true,"href":"https:\/\/acronoticias.com\/index.php\/wp-json\/wp\/v2\/comments?post=67683"}],"version-history":[{"count":0,"href":"https:\/\/acronoticias.com\/index.php\/wp-json\/wp\/v2\/posts\/67683\/revisions"}],"wp:featuredmedia":[{"embeddable":true,"href":"https:\/\/acronoticias.com\/index.php\/wp-json\/wp\/v2\/media\/67684"}],"wp:attachment":[{"href":"https:\/\/acronoticias.com\/index.php\/wp-json\/wp\/v2\/media?parent=67683"}],"wp:term":[{"taxonomy":"category","embeddable":true,"href":"https:\/\/acronoticias.com\/index.php\/wp-json\/wp\/v2\/categories?post=67683"},{"taxonomy":"post_tag","embeddable":true,"href":"https:\/\/acronoticias.com\/index.php\/wp-json\/wp\/v2\/tags?post=67683"}],"curies":[{"name":"wp","href":"https:\/\/api.w.org\/{rel}","templated":true}]}}