{"id":67681,"date":"2026-09-06T04:13:35","date_gmt":"2026-09-06T04:13:35","guid":{"rendered":"https:\/\/acronoticias.com\/index.php\/2026\/09\/06\/desde-los-dolly-hasta-karen-yaport-las-mas-leidas-del-hoy\/"},"modified":"2026-09-06T04:13:35","modified_gmt":"2026-09-06T04:13:35","slug":"desde-los-dolly-hasta-karen-yaport-las-mas-leidas-del-hoy","status":"publish","type":"post","link":"https:\/\/acronoticias.com\/index.php\/2026\/09\/06\/desde-los-dolly-hasta-karen-yaport-las-mas-leidas-del-hoy\/","title":{"rendered":"\u00a1Desde los Dolly hasta Karen Yaport! Las m\u00e1s le\u00eddas del Hoy"},"content":{"rendered":"<div>\n<div class=\"c-detail__author full\">\n<div>\n<div class=\"c-detail__author__thumb\">\n<figure>\n                                <picture src=\"https:\/\/imagenes.hoy.com.do\/files\/image_square_xs\/uploads\/2025\/11\/10\/6911b3b5d935b.png\" data-size=\"w:40,h:40\">\n                                    <img decoding=\"async\" loading=\"lazy\" alt=\"Hoy .\" width=\"40\" height=\"40\" src=\"https:\/\/imagenes.hoy.com.do\/files\/image_square_xs\/uploads\/2025\/11\/10\/6911b3b5d935b.png\"\/>\n                                <\/picture>\n                                <\/figure>\n<\/div>\n<\/div>\n<\/div>\n<p>                                                                                            <!-- --><\/p>\n<p class=\"paragraph\">Les traemos el <b>top 10 de las noticias m\u00e1s le\u00eddas en la semana<\/b> de peri\u00f3dico Hoy. Un resumen con los acontecimientos que generaron mayor impacto.<\/p>\n<h2 id=\"remanentes-de-dolly-en-rd-cuales-seran-las-zonas-mas-afectadas-y-hasta-cuando-seguiran-las-lluvias\" class=\"subtitle\">Remanentes de Dolly en RD: \u00bfCu\u00e1les ser\u00e1n las zonas m\u00e1s afectadas y hasta cu\u00e1ndo seguir\u00e1n las lluvias?<\/h2>\n<p class=\"paragraph\">Los remanentes de la tormenta tropical Dolly continuar\u00e1n favoreciendo condiciones de humedad e inestabilidad sobre Rep\u00fablica Dominicana durante los pr\u00f3ximos d\u00edas, en combinaci\u00f3n con la incidencia de una vaguada, por lo que se esperan aguaceros, tormentas el\u00e9ctricas y r\u00e1fagas de viento en distintas zonas del territorio nacional, con mayor frecuencia sobre las regiones noroeste, norte, la Cordillera Central y la zona fronteriza.<\/p>\n<p class=\"paragraph\">As\u00ed lo explic\u00f3 Saddan Fontfrias Montero, encargado del Departamento de Investigaci\u00f3n Meteorol\u00f3gica del Instituto Dominicano de Meteorolog\u00eda (INDOMET), M\u00e1ster en Adaptaci\u00f3n al Cambio Clim\u00e1tico, Gesti\u00f3n de Riesgos y Gesti\u00f3n Ambiental y meteor\u00f3logo, quien se\u00f1al\u00f3 que entre las provincias que podr\u00edan recibir mayores acumulados de precipitaciones se encuentran Dajab\u00f3n, El\u00edas Pi\u00f1a, Pedernales, Barahona, Peravia, San Crist\u00f3bal, San Jos\u00e9 de Ocoa, el Distrito Nacional, Saman\u00e1, Hato Mayor y El Seibo, adem\u00e1s de otras localidades aleda\u00f1as. Fontfrias aclar\u00f3 que la distribuci\u00f3n de las lluvias ser\u00e1 irregular, por lo que no necesariamente afectar\u00e1 con la misma intensidad a todo el territorio nacional.<\/p>\n<div class=\"c-detail__box \">\n<article class=\"c-detail__sumario \">\n<figure class=\"c-detail__sumario__thumb\" style=\"display: block;\">\n            <a href=\"#\" title=\"\">\n                <picture data-size=\"w:140,h:140\" loading=\"lazy\" src=\"https:\/\/imagenes.hoy.com.do\/files\/related_image\/files\/fp\/uploads\/2026\/08\/31\/6a9585f6cc0c2.r_d.600-422.jpeg\" data-full-src=\"https:\/\/imagenes.hoy.com.do\/uploads\/2026\/08\/31\/6a9585f6cc0c2.jpeg\">\n                    <img loading=\"lazy\" decoding=\"async\" width=\"140\" height=\"140\" alt=\"Im\u00e1gen de sat\u00e9lite infrarrojo mostrando los remanentes de la Tormenta Tropical Dolly, sobre el pa\u00eds.\" src=\"https:\/\/imagenes.hoy.com.do\/uploads\/2026\/08\/31\/6a9585f6cc0c2.jpeg\"\/>\n                <\/picture>\n            <\/a><br \/>\n        <\/figure>\n<\/article>\n<\/div>\n<h2 id=\"huracan-david-cuando-un-cambio-de-trayectoria-convirtio-la-alerta-en-desastre\" class=\"subtitle\">Hurac\u00e1n David: cuando un cambio de trayectoria convirti\u00f3 la alerta en desastre<\/h2>\n<p class=\"paragraph\">El 31 de agosto de 1979, la Rep\u00fablica Dominicana vivi\u00f3 uno de los episodios m\u00e1s devastadores de su historia meteorol\u00f3gica y social con la llegada del hurac\u00e1n David, un cicl\u00f3n de categor\u00eda 5 que irrumpi\u00f3 con vientos superiores a los 250 km\/h y dej\u00f3 una huella imborrable en la memoria colectiva del Caribe.<\/p>\n<p class=\"paragraph\">Las proyecciones iniciales indicaban que el fen\u00f3meno bordear\u00eda la costa sur y entrar\u00eda por Barahona, pero al encontrarse al sur del territorio nacional, su trayectoria dio un giro abrupto hacia el noroeste.<\/p>\n<div class=\"c-detail__box \">\n<article class=\"c-detail__sumario \">\n<figure class=\"c-detail__sumario__thumb\" style=\"display: block;\">\n            <a href=\"#\" title=\"\">\n                <picture data-size=\"w:140,h:140\" loading=\"lazy\" src=\"https:\/\/imagenes.hoy.com.do\/files\/related_image\/uploads\/2025\/11\/05\/690b5876271a5.png\" data-full-src=\"https:\/\/imagenes.hoy.com.do\/uploads\/2025\/11\/05\/690b5876271a5.png\">\n                    <img loading=\"lazy\" decoding=\"async\" width=\"140\" height=\"140\" alt=\"Vista a\u00e9rea de como hurac\u00e1n David afect\u00f3 el pa\u00eds.  (Foto de archivo).\" src=\"https:\/\/imagenes.hoy.com.do\/uploads\/2025\/11\/05\/690b5876271a5.png\"\/>\n                <\/picture>\n            <\/a><br \/>\n        <\/figure>\n<\/article>\n<\/div>\n<h2 id=\"haiti-vuelve-a-quedar-bajo-presion-las-tragedias-mas-recientes-antes-de-las-elecciones\" class=\"subtitle\">Hait\u00ed vuelve a quedar bajo presi\u00f3n: las tragedias m\u00e1s recientes antes de las elecciones<\/h2>\n<p class=\"paragraph\">En medio de la expectativa internacional por el calendario electoral que busca devolver la institucionalidad a Hait\u00ed, el pa\u00eds caribe\u00f1o se enfrenta nuevamente a un espiral de crisis superpuestas. La violencia de las bandas armadas, los desastres naturales y la precariedad de los servicios b\u00e1sicos han colocado a la naci\u00f3n bajo una presi\u00f3n insostenible, complicando el ya fr\u00e1gil camino hacia los comicios presidenciales y legislativos.<\/p>\n<p class=\"paragraph\">Mientras las autoridades de transici\u00f3n y la comunidad internacional intentan consolidar el proceso pol\u00edtico, las tragedias humanas de los \u00faltimos meses amenazan con descarrilar el acceso a las urnas de millones de haitianos.<\/p>\n<div class=\"c-detail__box \">\n<article class=\"c-detail__sumario \">\n<figure class=\"c-detail__sumario__thumb\" style=\"display: block;\">\n            <a href=\"#\" title=\"\">\n                <picture data-size=\"w:140,h:140\" loading=\"lazy\" src=\"https:\/\/imagenes.hoy.com.do\/files\/related_image\/files\/fp\/uploads\/2026\/04\/20\/69e6f5a51d2c8.r_d.409-394.jpeg\" data-full-src=\"https:\/\/imagenes.hoy.com.do\/uploads\/2026\/04\/20\/69e6f5a51d2c8.jpeg\">\n                    <img loading=\"lazy\" decoding=\"async\" width=\"140\" height=\"140\" alt=\"Trabajadores protestan en Puerto Pr\u00edncipe, Hait\u00ed.  EFE\" src=\"https:\/\/imagenes.hoy.com.do\/uploads\/2026\/04\/20\/69e6f5a51d2c8.jpeg\"\/>\n                <\/picture>\n            <\/a><br \/>\n        <\/figure>\n<\/article>\n<\/div>\n<h2 id=\"gobierno-inicia-demolicion-escuelas-por-riesgo-sismico\" class=\"subtitle\">Gobierno inicia demolici\u00f3n escuelas por riesgo s\u00edsmico<\/h2>\n<p class=\"paragraph\">El Gobierno inici\u00f3 la demolici\u00f3n de centros escolares cuyas estructuras constituyen una amenaza para la vida de estudiantes y personal educativo. Unos est\u00e1n en el casco urbano y otros en el municipio de Montellano.<\/p>\n<p class=\"paragraph\">Presentan un gran deterioro, por lo que ha sido necesario su derribo para dar paso a planteles m\u00e1s modernos y funcionales.<\/p>\n<p class=\"paragraph\">Las primeras en caer son la escuela primaria Antera Mota, con una matr\u00edcula que sobrepasa el centenar de estudiantes y la Eduviges Eguren, en la comunidad de Cam\u00fa, con m\u00e1s de 300 alumnos. Estos espacios presentan grietas en sus paredes, techos, entre otras \u00e1reas, lo que gener\u00f3 incertidumbre y miedo.<\/p>\n<div class=\"c-detail__box \">\n<article class=\"c-detail__sumario \">\n<figure class=\"c-detail__sumario__thumb\" style=\"display: block;\">\n            <a href=\"#\" title=\"\">\n                <picture data-size=\"w:140,h:140\" loading=\"lazy\" src=\"https:\/\/imagenes.hoy.com.do\/files\/related_image\/uploads\/2026\/08\/27\/6a90f0f02ea5d.jpeg\" data-full-src=\"https:\/\/imagenes.hoy.com.do\/uploads\/2026\/08\/27\/6a90f0f02ea5d.jpeg\">\n                    <img loading=\"lazy\" decoding=\"async\" width=\"140\" height=\"140\" alt=\"Escuela primaria Antera Mota.\" src=\"https:\/\/imagenes.hoy.com.do\/uploads\/2026\/08\/27\/6a90f0f02ea5d.jpeg\"\/>\n                <\/picture>\n            <\/a><br \/>\n        <\/figure>\n<\/article>\n<\/div>\n<h2 id=\"leones-del-escogido-deja-en-libertad-a-wander-franco-y-otros-tres-jugadores\" class=\"subtitle\">Leones del Escogido deja en libertad a Wander Franco y otros tres jugadores<\/h2>\n<p class=\"paragraph\">Los Leones del Escogido informaron este s\u00e1bado la puesta en libertad de cuatro jugadores, entre ellos el campocorto Wander Franco, como parte del proceso reglamentario de evaluaci\u00f3n y reducci\u00f3n de reserva previo al draft de la Liga de B\u00e9isbol Profesional de la Rep\u00fablica Dominicana (LIDOM).<\/p>\n<p class=\"paragraph\">Adem\u00e1s de Franco, el conjunto escarlata dej\u00f3 en libertad al lanzador derecho Gerlin Rosario, al infielder William Lugo y al jardinero Bryan Gonz\u00e1lez.<\/p>\n<p class=\"paragraph\">Carlos Pe\u00f1a, gerente general de los bicampeones nacionales, explic\u00f3 que la decisi\u00f3n responde a las necesidades operacionales del equipo y a la planificaci\u00f3n deportiva de cara a la pr\u00f3xima temporada.<\/p>\n<div class=\"c-detail__box \">\n<article class=\"c-detail__sumario \">\n<figure class=\"c-detail__sumario__thumb\" style=\"display: block;\">\n            <a href=\"#\" title=\"\">\n                <picture data-size=\"w:140,h:140\" loading=\"lazy\" src=\"https:\/\/imagenes.hoy.com.do\/files\/related_image\/uploads\/2026\/07\/17\/6a5aeafadc49b.jpeg\" data-full-src=\"https:\/\/imagenes.hoy.com.do\/uploads\/2026\/07\/17\/6a5aeafadc49b.jpeg\">\n                    <img loading=\"lazy\" decoding=\"async\" width=\"140\" height=\"140\" alt=\"El campocorto  Wander Franco entren\u00f3 ayer con el seleccionado dominicano.\" src=\"https:\/\/imagenes.hoy.com.do\/uploads\/2026\/07\/17\/6a5aeafadc49b.jpeg\"\/>\n                <\/picture>\n            <\/a><br \/>\n        <\/figure>\n<\/article>\n<\/div>\n<h2 id=\"republica-dominicana-brilla-entre-los-paises-mas-seguros-para-viajar-en-la-region\" class=\"subtitle\">Rep\u00fablica Dominicana brilla entre los pa\u00edses m\u00e1s seguros para viajar en la regi\u00f3n<\/h2>\n<p class=\"paragraph\">La Rep\u00fablica Dominicana figura entre los 10 destinos m\u00e1s seguros de Latinoam\u00e9rica, seg\u00fan un ranking publicado por el diario espa\u00f1ol El Mundo en su portal web y en su cuenta de Instagram.<\/p>\n<p class=\"paragraph\">El pa\u00eds ocupa la octava posici\u00f3n en la lista, que resalta los atractivos tur\u00edsticos de la regi\u00f3n y la preferencia de los viajeros por su diversidad natural, riqueza cultural, gastronom\u00eda y el idioma compartido.<\/p>\n<div class=\"c-detail__box \">\n<article class=\"c-detail__sumario \">\n<figure class=\"c-detail__sumario__thumb\" style=\"display: block;\">\n            <a href=\"#\" title=\"\">\n                <picture data-size=\"w:140,h:140\" loading=\"lazy\" src=\"https:\/\/imagenes.hoy.com.do\/files\/related_image\/uploads\/2026\/08\/19\/6a865ae777af7.jpeg\" data-full-src=\"https:\/\/imagenes.hoy.com.do\/uploads\/2026\/08\/19\/6a865ae777af7.jpeg\">\n                    <img loading=\"lazy\" decoding=\"async\" width=\"140\" height=\"140\" alt=\"Barahona\" src=\"https:\/\/imagenes.hoy.com.do\/uploads\/2026\/08\/19\/6a865ae777af7.jpeg\"\/>\n                <\/picture>\n            <\/a><br \/>\n        <\/figure>\n<\/article>\n<\/div>\n<h2 id=\"caminero-y-soto-lideran-la-fiesta-de-jonrones-de-rd\" class=\"subtitle\">Caminero y Soto lideran la fiesta de jonrones de RD<\/h2>\n<p class=\"paragraph\">El dominicano Austin Wells conect\u00f3 dos jonrones durante una octava entrada de nueve carreras en la victoria de los Yankees de Nueva York 15-1 sobre los Medias Rojas de Boston.<\/p>\n<p class=\"paragraph\">Para Wells fueron sus jonrones 9 y 10 de la campa\u00f1a. Luis Garc\u00eda Jr. de 4-1.<\/p>\n<div class=\"c-detail__box \">\n<article class=\"c-detail__sumario \">\n<figure class=\"c-detail__sumario__thumb\" style=\"display: block;\">\n            <a href=\"#\" title=\"\">\n                <picture data-size=\"w:140,h:140\" loading=\"lazy\" src=\"https:\/\/imagenes.hoy.com.do\/files\/related_image\/files\/fp\/uploads\/2026\/08\/30\/6a94d6ac73ccd.r_d.406-419.jpeg\" data-full-src=\"https:\/\/imagenes.hoy.com.do\/uploads\/2026\/08\/30\/6a94d6ac73ccd.jpeg\">\n                    <img loading=\"lazy\" decoding=\"async\" width=\"140\" height=\"140\" alt=\"Junior Caminero peg\u00f3 su jonr\u00f3n 37 en triunfo de Rays.\" src=\"https:\/\/imagenes.hoy.com.do\/uploads\/2026\/08\/30\/6a94d6ac73ccd.jpeg\"\/>\n                <\/picture>\n            <\/a><br \/>\n        <\/figure>\n<\/article>\n<\/div>\n<h2 id=\"omar-fernandez-juan-garrigo-e-hijo-de-gonzalo-castillo-protagonizan-selfie-relevista-en-una-boda\" class=\"subtitle\">Omar Fern\u00e1ndez, Juan Garrig\u00f3 e hijo de Gonzalo Castillo protagonizan selfie \u201crelevista\u201d en una boda<\/h2>\n<p class=\"paragraph\">La noche del s\u00e1bado, durante una boda celebrada en Casa de Campo, coincidieron tres j\u00f3venes vinculados a familias de gran influencia pol\u00edtica en Rep\u00fablica Dominicana: el senador Omar Fern\u00e1ndez, hijo del expresidente Leonel Fern\u00e1ndez; el reci\u00e9n electo secretario general del PRM, Juan Garrig\u00f3 Mej\u00eda, hijo de la alcaldesa del Distrito Nacional Carolina Mej\u00eda; y Gonzalo A. Castillo, hijo del exministro de Obras P\u00fablicas Gonzalo Castillo.<\/p>\n<p class=\"paragraph\">El encuentro llam\u00f3 la atenci\u00f3n por reunir a representantes de una nueva generaci\u00f3n pol\u00edtica, cuyas trayectorias est\u00e1n ligadas a figuras con aspiraciones o presencia en escenarios presidenciales de cara a 2028.<\/p>\n<div class=\"c-detail__box \">\n<article class=\"c-detail__sumario \">\n<figure class=\"c-detail__sumario__thumb\" style=\"display: block;\">\n            <a href=\"#\" title=\"\">\n                <picture data-size=\"w:140,h:140\" loading=\"lazy\" src=\"https:\/\/imagenes.hoy.com.do\/files\/related_image\/uploads\/2026\/08\/30\/6a9483fe1efa2.png\" data-full-src=\"https:\/\/imagenes.hoy.com.do\/uploads\/2026\/08\/30\/6a9483fe1efa2.png\">\n                    <img loading=\"lazy\" decoding=\"async\" width=\"140\" height=\"140\" alt=\"Omar Fern\u00e1ndez, Juan Garrigo e hijo de Gonzalo Castillo protagonizan selfie \" relevista=\"\" en=\"\" una=\"\" boda=\"\" src=\"https:\/\/imagenes.hoy.com.do\/uploads\/2026\/08\/30\/6a9483fe1efa2.png\"\/>\n                <\/picture>\n            <\/a><br \/>\n        <\/figure>\n<\/article>\n<\/div>\n<h2 id=\"san-zenon-el-ciclon-que-convirtio-a-santo-domingo-en-escenario-de-una-de-sus-peores-tragedias\" class=\"subtitle\">San Zen\u00f3n: el cicl\u00f3n que convirti\u00f3 a Santo Domingo en escenario de una de sus peores tragedias<\/h2>\n<p class=\"paragraph\">El 3 de septiembre de 1930 marc\u00f3 un antes y un despu\u00e9s en la historia urbana y social de la Rep\u00fablica Dominicana. El hurac\u00e1n San Zen\u00f3n, un fen\u00f3meno de categor\u00eda 4 con vientos proyectados de hasta 249 km\/h, penetr\u00f3 directamente sobre la ciudad de Santo Domingo, reduciendo a escombros gran parte de una urbe que albergaba a unos 70,000 habitantes.<\/p>\n<p class=\"paragraph\">El fen\u00f3meno caus\u00f3 la muerte de entre 2,000 y 4,000 personas \u2014aunque algunas estimaciones hist\u00f3ricas elevan la cifra de fallecidos\u2014 y dej\u00f3 decenas de miles de heridos y damnificados. La precariedad de las viviendas de la \u00e9poca, construidas mayoritariamente en madera y zinc fuera del per\u00edmetro de la Ciudad Colonial, facilit\u00f3 la devastaci\u00f3n casi total de la infraestructura capitalina.<\/p>\n<div class=\"c-detail__box \">\n<article class=\"c-detail__sumario \">\n<figure class=\"c-detail__sumario__thumb\" style=\"display: block;\">\n            <a href=\"#\" title=\"\">\n                <picture data-size=\"w:140,h:140\" loading=\"lazy\" src=\"https:\/\/imagenes.hoy.com.do\/files\/related_image\/uploads\/2025\/11\/05\/690bfc9b9fa0e.webp\" data-full-src=\"https:\/\/imagenes.hoy.com.do\/uploads\/2025\/11\/05\/690bfc9b9fa0e.webp\">\n                    <img loading=\"lazy\" decoding=\"async\" width=\"140\" height=\"140\" alt=\"Devastaci\u00f3n provocada por hurac\u00e1n San Zen\u00f3n. (Foto de archivo).\" src=\"https:\/\/imagenes.hoy.com.do\/uploads\/2025\/11\/05\/690bfc9b9fa0e.webp\"\/>\n                <\/picture>\n            <\/a><br \/>\n        <\/figure>\n<\/article>\n<\/div>\n<h2 id=\"juan-manuel-mendez-habla-sobre-el-intrant-y-responde-a-las-principales-interrogantes\" class=\"subtitle\">Juan Manuel M\u00e9ndez habla sobre el Intrant y responde a las principales interrogantes<\/h2>\n<p class=\"paragraph\">El director del Intrant, Juan Manuel M\u00e9ndez, afirm\u00f3 que su gesti\u00f3n estar\u00e1 enfocada en enfrentar los problemas de tr\u00e1nsito y transporte que afectan a la ciudadan\u00eda.<\/p>\n<p class=\"paragraph\">Durante una entrevista, en el programa El Despertador explic\u00f3 que sus prioridades incluyen fortalecer la regulaci\u00f3n del transporte p\u00fablico, mejorar la seguridad vial y garantizar una movilidad m\u00e1s eficiente en las principales ciudades del pa\u00eds.<\/p>\n<div class=\"c-detail__box \">\n<article class=\"c-detail__sumario \">\n<figure class=\"c-detail__sumario__thumb\" style=\"display: block;\">\n            <a href=\"#\" title=\"\">\n                <picture data-size=\"w:140,h:140\" loading=\"lazy\" src=\"https:\/\/imagenes.hoy.com.do\/files\/related_image\/uploads\/2025\/11\/10\/69120ca479a18.jpeg\" data-full-src=\"https:\/\/imagenes.hoy.com.do\/uploads\/2025\/11\/10\/69120ca479a18.jpeg\">\n                    <img loading=\"lazy\" decoding=\"async\" width=\"140\" height=\"140\" alt=\"Juan Manuel M\u00e9ndez M\u00e9ndez.\" src=\"https:\/\/imagenes.hoy.com.do\/uploads\/2025\/11\/10\/69120ca479a18.jpeg\"\/>\n                <\/picture>\n            <\/a><br \/>\n        <\/figure>\n<\/article>\n<\/div>\n<h2 id=\"que-esta-pasando-entre-karen-yapoort-y-edwin-encarnacion-esto-es-lo-que-se-sabe\" class=\"subtitle\">\u00bfQu\u00e9 est\u00e1 pasando entre Karen Yapoort y Edwin Encarnaci\u00f3n? Esto es lo que se sabe<\/h2>\n<p class=\"paragraph\">La relaci\u00f3n entre la comunicadora Karen Yapoort y el exjugador de Grandes Ligas Edwin Encarnaci\u00f3n atraviesa una \u201csituaci\u00f3n\u201d que ha generado numerosas especulaciones en redes sociales, luego de que ambos se pronunciaran p\u00fablicamente.<\/p>\n<p class=\"paragraph\">Las declaraciones de Encarnaci\u00f3n se produjeron en medio de rumores sobre un supuesto incidente en La Romana, en el que se habr\u00eda producido un tiroteo.<\/p>\n<div class=\"c-detail__box \">\n<article class=\"c-detail__sumario \">\n<figure class=\"c-detail__sumario__thumb\" style=\"display: block;\">\n            <a href=\"#\" title=\"\">\n                <picture data-size=\"w:140,h:140\" loading=\"lazy\" src=\"https:\/\/imagenes.hoy.com.do\/files\/related_image\/files\/fp\/uploads\/2026\/09\/02\/6a9816687f9ef.r_d.373-332.jpeg\" data-full-src=\"https:\/\/imagenes.hoy.com.do\/uploads\/2026\/09\/02\/6a9816687f9ef.jpeg\">\n                    <img loading=\"lazy\" decoding=\"async\" width=\"140\" height=\"140\" alt=\"Karen Yapoort y Edwin Encarnaci\u00f3n\" src=\"https:\/\/imagenes.hoy.com.do\/uploads\/2026\/09\/02\/6a9816687f9ef.jpeg\"\/>\n                <\/picture>\n            <\/a><br \/>\n        <\/figure>\n<\/article>\n<\/div><\/div>\n","protected":false},"excerpt":{"rendered":"Les traemos el top 10 de las noticias m\u00e1s le\u00eddas en la&hellip;\n","protected":false},"author":1,"featured_media":67682,"comment_status":"open","ping_status":"open","sticky":false,"template":"","format":"standard","meta":{"footnotes":""},"categories":[2],"tags":[],"class_list":["post-67681","post","type-post","status-publish","format-standard","has-post-thumbnail","category-deporte"],"_links":{"self":[{"href":"https:\/\/acronoticias.com\/index.php\/wp-json\/wp\/v2\/posts\/67681","targetHints":{"allow":["GET"]}}],"collection":[{"href":"https:\/\/acronoticias.com\/index.php\/wp-json\/wp\/v2\/posts"}],"about":[{"href":"https:\/\/acronoticias.com\/index.php\/wp-json\/wp\/v2\/types\/post"}],"author":[{"embeddable":true,"href":"https:\/\/acronoticias.com\/index.php\/wp-json\/wp\/v2\/users\/1"}],"replies":[{"embeddable":true,"href":"https:\/\/acronoticias.com\/index.php\/wp-json\/wp\/v2\/comments?post=67681"}],"version-history":[{"count":0,"href":"https:\/\/acronoticias.com\/index.php\/wp-json\/wp\/v2\/posts\/67681\/revisions"}],"wp:featuredmedia":[{"embeddable":true,"href":"https:\/\/acronoticias.com\/index.php\/wp-json\/wp\/v2\/media\/67682"}],"wp:attachment":[{"href":"https:\/\/acronoticias.com\/index.php\/wp-json\/wp\/v2\/media?parent=67681"}],"wp:term":[{"taxonomy":"category","embeddable":true,"href":"https:\/\/acronoticias.com\/index.php\/wp-json\/wp\/v2\/categories?post=67681"},{"taxonomy":"post_tag","embeddable":true,"href":"https:\/\/acronoticias.com\/index.php\/wp-json\/wp\/v2\/tags?post=67681"}],"curies":[{"name":"wp","href":"https:\/\/api.w.org\/{rel}","templated":true}]}}