{"id":67679,"date":"2026-09-06T04:10:37","date_gmt":"2026-09-06T04:10:37","guid":{"rendered":"https:\/\/acronoticias.com\/index.php\/2026\/09\/06\/gobernadora-de-hermanas-mirabal-destaca-avances-en-obras-salud-educacion-y-programas-sociales\/"},"modified":"2026-09-06T04:10:37","modified_gmt":"2026-09-06T04:10:37","slug":"gobernadora-de-hermanas-mirabal-destaca-avances-en-obras-salud-educacion-y-programas-sociales","status":"publish","type":"post","link":"https:\/\/acronoticias.com\/index.php\/2026\/09\/06\/gobernadora-de-hermanas-mirabal-destaca-avances-en-obras-salud-educacion-y-programas-sociales\/","title":{"rendered":"Gobernadora de Hermanas Mirabal destaca avances en obras, salud, educaci\u00f3n y programas sociales"},"content":{"rendered":"<div>\n<div class=\"c-detail__author full\">\n<div>\n<div class=\"c-detail__author__thumb\">\n<figure>\n                                <picture src=\"https:\/\/imagenes.hoy.com.do\/files\/image_square_xs\/uploads\/2025\/11\/13\/691619d5bf6e2.jpeg\" data-size=\"w:40,h:40\">\n                                    <img decoding=\"async\" loading=\"lazy\" alt=\"RAFAEL SANTOS\" width=\"40\" height=\"40\" src=\"https:\/\/imagenes.hoy.com.do\/files\/image_square_xs\/uploads\/2025\/11\/13\/691619d5bf6e2.jpeg\"\/>\n                                <\/picture>\n                                <\/figure>\n<\/div>\n<\/div>\n<\/div>\n<p>                                                                                            <!-- --><\/p>\n<p class=\"paragraph\">HERMANAS MIRABAL. \u2013 La gobernadora de esta provincia, present\u00f3 el <b>balance<\/b> de su sexto a\u00f1o de gesti\u00f3n correspondiente al per\u00edodo septiembre de 2025 a septiembre de 2026, destacando los principales avances alcanzados en materia de infraestructura vial, salud, educaci\u00f3n, deportes, seguridad ciudadana y programas sociales en beneficio de las diferentes comunidades de aqu\u00ed.<\/p>\n<p class=\"paragraph\">Durante la presentaci\u00f3n de su rendici\u00f3n de cuentas en el sal\u00f3n de acto de dicha gobernaci\u00f3n, Lissette Nicasio de Adames resalt\u00f3 el respaldo del presidente Luis Abinader y el trabajo coordinado con las diferentes instituciones del Gobierno, autoridades municipales, organizaciones comunitarias y sectores de la sociedad civil, como elementos fundamentales para impulsar las iniciativas desarrolladas durante este per\u00edodo.<\/p>\n<p class=\"paragraph\">En materia de infraestructura, la gobernadora destac\u00f3 la reparaci\u00f3n de la carretera Tenares-San Francisco de Macor\u00eds, la reconstrucci\u00f3n del camino Los Naranjos-Los Hoyos, as\u00ed como trabajos de repavimentaci\u00f3n y acondicionamiento de caminos en distintos municipios y distritos municipales. Tambi\u00e9n se\u00f1al\u00f3 como obras en ejecuci\u00f3n los trabajos en las v\u00edas Eladio Romero Santos-Santa Ana, Los Cacaos-Cruce de Canete, La Culata-Los Lirios, Palmarito, Palmar-Villa Tapia y la construcci\u00f3n de un muro de gaviones en un punto cr\u00edtico de la carretera de Ojo de Agua.<\/p>\n<p class=\"paragraph\">En el \u00e1rea de salud, destac\u00f3 las intervenciones realizadas en diversos centros de atenci\u00f3n primaria de la provincia, incluyendo trabajos de remozamiento, pintura y equipamiento, adem\u00e1s de la habilitaci\u00f3n de nuevos servicios odontol\u00f3gicos y la instalaci\u00f3n de un laboratorio, \u00e1rea de odontolog\u00eda y rayos X en el CPN Antonio Manuel N\u00fa\u00f1ez, en Jamao. Tambi\u00e9n resalt\u00f3 el inicio de la reconstrucci\u00f3n del primer nivel del Hospital Dr. Pascasio Toribio Piantini y la realizaci\u00f3n de jornadas m\u00e9dicas dirigidas a las comunidades.<\/p>\n<p class=\"paragraph\">En educaci\u00f3n, la gobernadora inform\u00f3 sobre la inauguraci\u00f3n de la escuela Los Limones, adem\u00e1s de numerosas intervenciones de mantenimiento y construcci\u00f3n de aulas en centros educativos de los distritos 07-01, 07-02 y 07-07.<\/p>\n<p class=\"paragraph\">Asimismo, valor\u00f3 la implementaci\u00f3n del Sistema Nacional de Transporte Estudiantil (TRAE), con 24 autobuses destinados a fortalecer la seguridad y facilitar el traslado de los estudiantes, as\u00ed como los campamentos educativos y las iniciativas de formaci\u00f3n en rob\u00f3tica.<\/p>\n<p class=\"paragraph\">Nicasio de Adames tambi\u00e9n destac\u00f3 los avances en el sector deportivo, entre ellos la celebraci\u00f3n de los XI Juegos Nacionales Escolares 2025, competencias nacionales de voleibol y otras disciplinas, adem\u00e1s del respaldo a atletas y equipos de la provincia, en donde de igualmente se\u00f1al\u00f3 el inicio de los trabajos de reconstrucci\u00f3n del techo del multiuso Manuel Osiris Hidalgo y del Complejo Deportivo de Salcedo, con una inversi\u00f3n superior a los 43 millones de pesos.<\/p>\n<p class=\"paragraph\">En el \u00e1mbito social, resalt\u00f3 el impacto de programas como Sup\u00e9rate, las jornadas de capacitaci\u00f3n desarrolladas junto al INFOTEP, iniciativas presidenciales como Primero T\u00fa, Cerca de Ti y A la Escuela con el PROPEEP, adem\u00e1s de las acciones de asistencia social, apoyo a madres, emprendedores, productores agropecuarios y familias de diferentes comunidades de Hermanas Mirabal.<\/p>\n<p class=\"paragraph\">La gobernadora tambi\u00e9n puso \u00e9nfasis en las acciones de seguridad ciudadana y g\u00e9nero, mediante la realizaci\u00f3n mensual de la Mesa de Seguridad Ciudadana y G\u00e9nero, espacio en el que participan autoridades civiles, militares, representantes del Ministerio P\u00fablico y organizaciones de la sociedad civil para analizar las principales problem\u00e1ticas y coordinar respuestas para las comunidades.<\/p>\n<p class=\"paragraph\">Como parte de las iniciativas propias de la Gobernaci\u00f3n, destac\u00f3 el programa \u201cLa Gobernaci\u00f3n con Mi Barrio\u201d, las jornadas de entrega de alimentos y asistencia social, as\u00ed como el Foro Provincial de Participaci\u00f3n Social y Transparencia para la Mejora de la Calidad de los Servicios P\u00fablicos.<\/p>\n<p class=\"paragraph\">Al hacer una <b>valoraci\u00f3n <\/b>de su gesti\u00f3n, la gobernadora reafirm\u00f3 su compromiso con una administraci\u00f3n basada en la transparencia, la \u00e9tica, la participaci\u00f3n ciudadana y la coordinaci\u00f3n interinstitucional, al tiempo que llam\u00f3 a continuar trabajando unidos por el desarrollo de Hermanas Mirabal.<\/p>\n<div class=\"c-detail__box \">\n<article class=\"c-detail__sumario \">\n<figure class=\"c-detail__sumario__thumb\" style=\"display: block;\">\n            <a href=\"#\" title=\"\">\n                <picture data-size=\"w:140,h:140\" loading=\"lazy\" src=\"https:\/\/imagenes.hoy.com.do\/files\/related_image\/files\/fp\/uploads\/2026\/08\/31\/6a959afc082aa.r_d.666-467.jpeg\" data-full-src=\"https:\/\/imagenes.hoy.com.do\/uploads\/2026\/08\/31\/6a959afc082aa.jpeg\">\n                    <img loading=\"lazy\" decoding=\"async\" width=\"140\" height=\"140\" alt=\"Centro Cultural Banreservas Santiago inaugura retrospectiva de Persio Checo\" src=\"https:\/\/imagenes.hoy.com.do\/uploads\/2026\/08\/31\/6a959afc082aa.jpeg\"\/>\n                <\/picture>\n            <\/a><br \/>\n        <\/figure>\n<\/article>\n<\/div><\/div>\n","protected":false},"excerpt":{"rendered":"HERMANAS MIRABAL. \u2013 La gobernadora de esta provincia, present\u00f3 el balance de&hellip;\n","protected":false},"author":1,"featured_media":67680,"comment_status":"open","ping_status":"open","sticky":false,"template":"","format":"standard","meta":{"footnotes":""},"categories":[3],"tags":[],"class_list":["post-67679","post","type-post","status-publish","format-standard","has-post-thumbnail","category-internacionales"],"_links":{"self":[{"href":"https:\/\/acronoticias.com\/index.php\/wp-json\/wp\/v2\/posts\/67679","targetHints":{"allow":["GET"]}}],"collection":[{"href":"https:\/\/acronoticias.com\/index.php\/wp-json\/wp\/v2\/posts"}],"about":[{"href":"https:\/\/acronoticias.com\/index.php\/wp-json\/wp\/v2\/types\/post"}],"author":[{"embeddable":true,"href":"https:\/\/acronoticias.com\/index.php\/wp-json\/wp\/v2\/users\/1"}],"replies":[{"embeddable":true,"href":"https:\/\/acronoticias.com\/index.php\/wp-json\/wp\/v2\/comments?post=67679"}],"version-history":[{"count":0,"href":"https:\/\/acronoticias.com\/index.php\/wp-json\/wp\/v2\/posts\/67679\/revisions"}],"wp:featuredmedia":[{"embeddable":true,"href":"https:\/\/acronoticias.com\/index.php\/wp-json\/wp\/v2\/media\/67680"}],"wp:attachment":[{"href":"https:\/\/acronoticias.com\/index.php\/wp-json\/wp\/v2\/media?parent=67679"}],"wp:term":[{"taxonomy":"category","embeddable":true,"href":"https:\/\/acronoticias.com\/index.php\/wp-json\/wp\/v2\/categories?post=67679"},{"taxonomy":"post_tag","embeddable":true,"href":"https:\/\/acronoticias.com\/index.php\/wp-json\/wp\/v2\/tags?post=67679"}],"curies":[{"name":"wp","href":"https:\/\/api.w.org\/{rel}","templated":true}]}}