{"id":67677,"date":"2026-09-06T03:12:22","date_gmt":"2026-09-06T03:12:22","guid":{"rendered":"https:\/\/acronoticias.com\/index.php\/2026\/09\/06\/por-que-luis-abinader-dijo-que-sajoma-no-tienen-por-que-envidiarle-nada-a-ningun-lugar-de-rd\/"},"modified":"2026-09-06T03:12:22","modified_gmt":"2026-09-06T03:12:22","slug":"por-que-luis-abinader-dijo-que-sajoma-no-tienen-por-que-envidiarle-nada-a-ningun-lugar-de-rd","status":"publish","type":"post","link":"https:\/\/acronoticias.com\/index.php\/2026\/09\/06\/por-que-luis-abinader-dijo-que-sajoma-no-tienen-por-que-envidiarle-nada-a-ningun-lugar-de-rd\/","title":{"rendered":"Por qu\u00e9 Luis Abinader dijo que Sajoma no tienen por qu\u00e9 envidiarle nada a ning\u00fan lugar de RD"},"content":{"rendered":"<div>\n<div class=\"c-detail__author full\">\n<div>\n<div class=\"c-detail__author__thumb\">\n<figure>\n                                <picture src=\"https:\/\/imagenes.hoy.com.do\/files\/image_square_xs\/uploads\/2025\/11\/10\/6911b3b5d935b.png\" data-size=\"w:40,h:40\">\n                                    <img decoding=\"async\" loading=\"lazy\" alt=\"Hoy .\" width=\"40\" height=\"40\" src=\"https:\/\/imagenes.hoy.com.do\/files\/image_square_xs\/uploads\/2025\/11\/10\/6911b3b5d935b.png\"\/>\n                                <\/picture>\n                                <\/figure>\n<\/div>\n<\/div>\n<\/div>\n<p>                                                                                            <!-- --><\/p>\n<p class=\"paragraph\">San Jos\u00e9 de las Matas, Santiago.El presidente <b>Luis Abinader<\/b> destac\u00f3 este s\u00e1bado las inversiones y la modernizaci\u00f3n de los servicios de salud en la Sierra, especialmente en San Jos\u00e9 de las Matas (<b>Sajoma<\/b>) y sus distritos, al encabezar el acto de inauguraci\u00f3n del remozamiento general del Hospital Materno Infantil y resaltar que la zona cuenta con un hospital de tercer nivel y una maternidad de segundo nivel, lo que fortalece la capacidad de atenci\u00f3n de la poblaci\u00f3n.<\/p>\n<p class=\"paragraph\">Durante el acto el mandatario anunci\u00f3 la entrega de un tom\u00f3grafo al Hospital General de San Jos\u00e9 de las Matas y la disposici\u00f3n de las ambulancias necesarias para los hospitales de la zona, con el prop\u00f3sito de evitar que los pacientes tengan que ser trasladados a Santiago para recibir estos servicios.<\/p>\n<p class=\"paragraph\">El presidente afirm\u00f3 que la renovada maternidad est\u00e1 llamada a convertirse en un centro de referencia para toda la Sierra y contribuir\u00e1 a descongestionar los hospitales de otros municipios, al acercar la atenci\u00f3n a las mujeres embarazadas de la zona.<\/p>\n<p class=\"paragraph\">\u201cHoy la Sierra y especialmente Sajoma y todos sus distritos, en t\u00e9rminos de salud, no tienen por qu\u00e9 envidiarle nada a ning\u00fan lugar de la Rep\u00fablica Dominicana\u201d, expres\u00f3 el jefe de Estado.<\/p>\n<p class=\"paragraph\">Abinader llam\u00f3 a las autoridades y al personal sanitario a trabajar de manera conjunta para garantizar los mejores servicios a la poblaci\u00f3n.<\/p>\n<p class=\"paragraph\">*Deuda hist\u00f3rica*<\/p>\n<p class=\"paragraph\">El jefe de Estado destac\u00f3 que las inversiones realizadas en San Jos\u00e9 de las Matas representan una deuda hist\u00f3rica del Gobierno con una comunidad que calific\u00f3 como productiva y emprendedora.\u201cPorque aqu\u00ed en Sajoma, estas inversiones que estamos haciendo, es una deuda hist\u00f3rica que tiene el Gobierno con esta comunidad tan productiva, tan emprendedora\u201d, sostuvo.<\/p>\n<p class=\"paragraph\">Asimismo, resalt\u00f3 el aporte de los habitantes de la zona al desarrollo del pa\u00eds y el v\u00ednculo que mantienen con sus comunidades muchos dominicanos que han emigrado al exterior y regresan para invertir, construir sus viviendas y establecerse junto a sus familias, por lo que consider\u00f3 fundamental garantizarles servicios de salud adecuados.<\/p>\n<p class=\"paragraph\">Abinader manifest\u00f3 su satisfacci\u00f3n por la terminaci\u00f3n de la maternidad y llam\u00f3 a la comunidad a contribuir con el cuidado de las nuevas instalaciones mediante la creaci\u00f3n de voluntariados.<\/p>\n<p class=\"paragraph\">El mandatario reiter\u00f3 la importancia de fortalecer la capacidad de los centros de salud de la zona para evitar traslados innecesarios de pacientes hacia Santiago y garantizar una atenci\u00f3n m\u00e1s cercana y oportuna.<\/p>\n<p class=\"paragraph\">*Atenci\u00f3n m\u00e1s oportuna y humanizada*<\/p>\n<p class=\"paragraph\">De su lado, el director ejecutivo del Servicio Nacional de Salud (SNS), doctor Julio Landr\u00f3n, destac\u00f3 la inversi\u00f3n de RD$75.5 millones en la renovaci\u00f3n y equipamiento del hospital y anunci\u00f3 la construcci\u00f3n de una Unidad de Cuidados Intensivos Neonatal y Materna (UCIN), con siete camas cada una, para evitar traslados a Santiago y garantizar una atenci\u00f3n m\u00e1s oportuna y humanizada.<\/p>\n<p class=\"paragraph\">Landr\u00f3n explic\u00f3 que la intervenci\u00f3n incluy\u00f3 una moderna \u00e1rea de emergencia y el fortalecimiento de los servicios de consultas, pediatr\u00eda, ginecolog\u00eda, psicolog\u00eda, odontolog\u00eda, sonograf\u00eda, rayos X, laboratorio, farmacia y vacunaci\u00f3n, adem\u00e1s de la renovaci\u00f3n de las \u00e1reas quir\u00fargica y materno-infantil.<\/p>\n<p class=\"paragraph\">El titular del SNS destac\u00f3 que estas mejoras permitir\u00e1n ampliar la capacidad de respuesta del centro y ofrecer servicios m\u00e1s organizados y humanizados. Tambi\u00e9n resalt\u00f3 los avances en salud materno-infantil y se\u00f1al\u00f3 que el bolet\u00edn epidemiol\u00f3gico n\u00famero 33 registra una reducci\u00f3n de 25 % en la mortalidad materna respecto a 2025 y de 52 % en comparaci\u00f3n con 2019.<\/p>\n<p class=\"paragraph\">*Agradecen al mandatario por las inversiones*<\/p>\n<p class=\"paragraph\">La gobernadora de Santiago, Rosa Santos, destac\u00f3 que la transformaci\u00f3n del antiguo hospital general en un centro especializado en atenci\u00f3n materno-infantil demuestra el compromiso del presidente Luis Abinader de trabajar sin dejar a nadie atr\u00e1s.<\/p>\n<p class=\"paragraph\">La bendici\u00f3n del acto estuvo a cargo del p\u00e1rroco Manuel Segura, quien pidi\u00f3 a Dios por todas las personas que acudan al hospital, para que reciban un trato humano, atenci\u00f3n oportuna y cuidados de calidad que contribuyan a su recuperaci\u00f3n integral.<\/p>\n<p class=\"paragraph\">Acompa\u00f1aron al presidente Abinader el senador por Santiago, Daniel Rivera; el alcalde de San Jos\u00e9 de las Matas, Alfredo Reyes; el director de la Corporaci\u00f3n del Acueducto y Alcantarillado de Santiago (<b>Coraasan<\/b>), Andr\u00e9s Cueto Bernardo; el director regional de Salud, Miguel \u00c1ngel Mart\u00ednez, entre otras autoridades y representantes de la comunidad.<\/p>\n<div class=\"c-detail__box \">\n<article class=\"c-detail__sumario \">\n<figure class=\"c-detail__sumario__thumb\" style=\"display: block;\">\n            <a href=\"#\" title=\"\">\n                <picture data-size=\"w:140,h:140\" loading=\"lazy\" src=\"https:\/\/imagenes.hoy.com.do\/files\/related_image\/files\/fp\/uploads\/2026\/09\/05\/6a9c7098a3926.r_d.383-249.jpeg\" data-full-src=\"https:\/\/imagenes.hoy.com.do\/uploads\/2026\/09\/05\/6a9c7098a3926.jpeg\">\n                    <img loading=\"lazy\" decoding=\"async\" width=\"140\" height=\"140\" alt=\"Luis Miguel De Camps.\" src=\"https:\/\/imagenes.hoy.com.do\/uploads\/2026\/09\/05\/6a9c7098a3926.jpeg\"\/>\n                <\/picture>\n            <\/a><br \/>\n        <\/figure>\n<\/article>\n<\/div><\/div>\n","protected":false},"excerpt":{"rendered":"San Jos\u00e9 de las Matas, Santiago.El presidente Luis Abinader destac\u00f3 este s\u00e1bado&hellip;\n","protected":false},"author":1,"featured_media":67678,"comment_status":"open","ping_status":"open","sticky":false,"template":"","format":"standard","meta":{"footnotes":""},"categories":[2],"tags":[],"class_list":["post-67677","post","type-post","status-publish","format-standard","has-post-thumbnail","category-deporte"],"_links":{"self":[{"href":"https:\/\/acronoticias.com\/index.php\/wp-json\/wp\/v2\/posts\/67677","targetHints":{"allow":["GET"]}}],"collection":[{"href":"https:\/\/acronoticias.com\/index.php\/wp-json\/wp\/v2\/posts"}],"about":[{"href":"https:\/\/acronoticias.com\/index.php\/wp-json\/wp\/v2\/types\/post"}],"author":[{"embeddable":true,"href":"https:\/\/acronoticias.com\/index.php\/wp-json\/wp\/v2\/users\/1"}],"replies":[{"embeddable":true,"href":"https:\/\/acronoticias.com\/index.php\/wp-json\/wp\/v2\/comments?post=67677"}],"version-history":[{"count":0,"href":"https:\/\/acronoticias.com\/index.php\/wp-json\/wp\/v2\/posts\/67677\/revisions"}],"wp:featuredmedia":[{"embeddable":true,"href":"https:\/\/acronoticias.com\/index.php\/wp-json\/wp\/v2\/media\/67678"}],"wp:attachment":[{"href":"https:\/\/acronoticias.com\/index.php\/wp-json\/wp\/v2\/media?parent=67677"}],"wp:term":[{"taxonomy":"category","embeddable":true,"href":"https:\/\/acronoticias.com\/index.php\/wp-json\/wp\/v2\/categories?post=67677"},{"taxonomy":"post_tag","embeddable":true,"href":"https:\/\/acronoticias.com\/index.php\/wp-json\/wp\/v2\/tags?post=67677"}],"curies":[{"name":"wp","href":"https:\/\/api.w.org\/{rel}","templated":true}]}}