{"id":67666,"date":"2026-09-06T01:35:52","date_gmt":"2026-09-06T01:35:52","guid":{"rendered":"https:\/\/acronoticias.com\/index.php\/2026\/09\/06\/autoridades-combaten-incendios-forestales-en-zonas-de-constanza-y-la-vega\/"},"modified":"2026-09-06T01:35:52","modified_gmt":"2026-09-06T01:35:52","slug":"autoridades-combaten-incendios-forestales-en-zonas-de-constanza-y-la-vega","status":"publish","type":"post","link":"https:\/\/acronoticias.com\/index.php\/2026\/09\/06\/autoridades-combaten-incendios-forestales-en-zonas-de-constanza-y-la-vega\/","title":{"rendered":"Autoridades combaten incendios forestales en zonas de Constanza y La Vega"},"content":{"rendered":"<p><strong>Constanza<\/strong> <strong>\u2013<\/strong> Brigadas de bomberos forestales del <strong>Ministerio de Medio Ambiente<\/strong> y miembros del <strong>Ej\u00e9rcito de Rep\u00fablica Dominicana<\/strong> respondieron este s\u00e1bado a varios incendios forestales registrados en los municipios de <strong>Constanza<\/strong> y <strong>La Vega<\/strong>.<\/p>\n<p>En las labores participaron militares de los batallones 4.\u00ba, 5.\u00ba y 6.\u00ba, pertenecientes a la Segunda Brigada del <strong>Ej\u00e9rcito<\/strong>, quienes fueron trasladados durante la tarde a los puntos donde se registraron los siniestros.<\/p>\n<p>Los efectivos trabajaron junto a las brigadas de bomberos forestales de <strong>Medio Ambiente<\/strong> para controlar y liquidar los incendios registrados en ambas localidades.<\/p>\n<figure class=\"wp-block-image size-full\"><img decoding=\"async\" src=\"https:\/\/multimedia.noticiassin.com\/wp-content\/uploads\/2026\/09\/borrador-automatico-20260906-012249-Qlz9.webp\" alt=\"Incendio forestal en zona monta\u00f1osa con humo denso y llamas, en medio de labores para contener el fuego en Constanza y La Vega\" class=\"wp-image-2109502\" \/><figcaption class=\"wp-element-caption\">Humo denso y focos de fuego avanzan sobre una ladera boscosa mientras brigadas de bomberos y militares trabajan para controlar los incendios forestales en Constanza y La Vega.<\/figcaption><\/figure>\n<h2 id=\"incendios-bajo-control-en-zonas-afectadas\" class=\"wp-block-heading\">Incendios bajo control en zonas afectadas<\/h2>\n<p>Las autoridades informaron que, aunque todav\u00eda se observan llamas en algunos puntos, estas se encuentran dentro de los l\u00edmites que mantienen bajo control las brigadas y el personal militar desplegado en las zonas afectadas.<\/p>\n<p>Los equipos permanecen en el \u00e1rea para controlar los focos y evitar que el fuego contin\u00fae propag\u00e1ndose.<\/p>\n","protected":false},"excerpt":{"rendered":"Constanza \u2013 Brigadas de bomberos forestales del Ministerio de Medio Ambiente y&hellip;\n","protected":false},"author":1,"featured_media":67667,"comment_status":"open","ping_status":"open","sticky":false,"template":"","format":"standard","meta":{"footnotes":""},"categories":[1],"tags":[],"class_list":["post-67666","post","type-post","status-publish","format-standard","has-post-thumbnail","category-nacionales"],"_links":{"self":[{"href":"https:\/\/acronoticias.com\/index.php\/wp-json\/wp\/v2\/posts\/67666","targetHints":{"allow":["GET"]}}],"collection":[{"href":"https:\/\/acronoticias.com\/index.php\/wp-json\/wp\/v2\/posts"}],"about":[{"href":"https:\/\/acronoticias.com\/index.php\/wp-json\/wp\/v2\/types\/post"}],"author":[{"embeddable":true,"href":"https:\/\/acronoticias.com\/index.php\/wp-json\/wp\/v2\/users\/1"}],"replies":[{"embeddable":true,"href":"https:\/\/acronoticias.com\/index.php\/wp-json\/wp\/v2\/comments?post=67666"}],"version-history":[{"count":0,"href":"https:\/\/acronoticias.com\/index.php\/wp-json\/wp\/v2\/posts\/67666\/revisions"}],"wp:featuredmedia":[{"embeddable":true,"href":"https:\/\/acronoticias.com\/index.php\/wp-json\/wp\/v2\/media\/67667"}],"wp:attachment":[{"href":"https:\/\/acronoticias.com\/index.php\/wp-json\/wp\/v2\/media?parent=67666"}],"wp:term":[{"taxonomy":"category","embeddable":true,"href":"https:\/\/acronoticias.com\/index.php\/wp-json\/wp\/v2\/categories?post=67666"},{"taxonomy":"post_tag","embeddable":true,"href":"https:\/\/acronoticias.com\/index.php\/wp-json\/wp\/v2\/tags?post=67666"}],"curies":[{"name":"wp","href":"https:\/\/api.w.org\/{rel}","templated":true}]}}