{"id":67665,"date":"2026-09-06T01:19:50","date_gmt":"2026-09-06T01:19:50","guid":{"rendered":"https:\/\/acronoticias.com\/index.php\/2026\/09\/06\/abinader-felicita-a-marileidy-paulino-por-conquistar-su-cuarto-titulo-de-la-liga-diamante\/"},"modified":"2026-09-06T01:19:50","modified_gmt":"2026-09-06T01:19:50","slug":"abinader-felicita-a-marileidy-paulino-por-conquistar-su-cuarto-titulo-de-la-liga-diamante","status":"publish","type":"post","link":"https:\/\/acronoticias.com\/index.php\/2026\/09\/06\/abinader-felicita-a-marileidy-paulino-por-conquistar-su-cuarto-titulo-de-la-liga-diamante\/","title":{"rendered":"Abinader felicita a Marileidy Paulino por conquistar su cuarto t\u00edtulo de la Liga Diamante"},"content":{"rendered":"<p><img loading=\"lazy\" decoding=\"async\" width=\"355\" height=\"200\" src=\"https:\/\/nuevodiario-assets.s3.us-east-2.amazonaws.com\/wp-content\/uploads\/2026\/08\/Presidente-de-la-Republica-Luis-Abinader-3-1-355x200.jpeg\" class=\"webfeedsFeaturedVisual wp-post-image\" alt=\"\" style=\"display: block;margin-bottom: 5px;clear:both;max-width: 100%\" \/><\/p>\n<p class=\"isSelectedEnd\">EL NUEVO DIARIO,SANTO DOMINGO.\u2013 El presidente Luis Abinader felicit\u00f3 este s\u00e1bado a la velocista dominicana Marileidy Paulino por conquistar su cuarto t\u00edtulo de la Liga Diamante, tras imponerse en la final de los 400 metros disputada en Bruselas, B\u00e9lgica.<\/p>\n<p class=\"isSelectedEnd\">Paulino gan\u00f3 la prueba con un tiempo de 48.64 segundos, registro que adem\u00e1s le permiti\u00f3 establecer un nuevo r\u00e9cord de la reuni\u00f3n. Con este triunfo, la atleta dominicana suma la corona de 2026 a las obtenidas en 2022, 2023 y 2024.<\/p>\n<p class=\"isSelectedEnd\">A trav\u00e9s de sus redes sociales, Abinader destac\u00f3 el nuevo logro de la campeona dominicana y resalt\u00f3 el orgullo que representa para el pa\u00eds su trayectoria en el atletismo internacional.<\/p>\n<p class=\"isSelectedEnd\">El mandatario celebr\u00f3 que Paulino contin\u00fae llevando la bandera dominicana a lo m\u00e1s alto y felicit\u00f3 a la atleta por la conquista de su cuarta corona en el prestigioso circuito mundial de atletismo.<\/p>\n<p class=\"isSelectedEnd\">Con la victoria en Bruselas, Paulino recuper\u00f3 el t\u00edtulo que hab\u00eda perdido en 2025 y reafirm\u00f3 su dominio en los 400 metros femeninos de la Liga Diamante.<\/p>\n<p>El triunfo tambi\u00e9n consolida una destacada temporada para la dominicana, quien se mantiene como una de las principales figuras del atletismo mundial y contin\u00faa ampliando su palmar\u00e9s internacional.<\/p>\n<p>\u00a0<\/p>\n<blockquote class=\"twitter-tweet\">\n<p dir=\"ltr\" lang=\"es\">\u00a1Marileidy vuelve a hacer historia!<\/p>\n<p>Nuestra campeona conquista su cuarto t\u00edtulo de la Liga Diamante, sumando 2026 a sus triunfos de 2022, 2023 y 2024. \u00a1Felicidades, Marileidy! Sigues llevando nuestra bandera a lo m\u00e1s alto y llenando de orgullo a todo un pa\u00eds.\u2026 <a href=\"https:\/\/t.co\/VH6oUVjxwR\">pic.twitter.com\/VH6oUVjxwR<\/a><\/p>\n<p>\u2014 Luis Abinader (@luisabinader) <a href=\"https:\/\/x.com\/luisabinader\/status\/2096323570855223710?ref_src=twsrc%5Etfw\">September 5, 2026<\/a><\/p>\n<\/blockquote>\n<p>La entrada <a href=\"https:\/\/elnuevodiario.com.do\/abinader-felicita-a-marileidy-paulino-por-conquistar-su-cuarto-titulo-de-la-liga-diamante\/\">Abinader felicita a Marileidy Paulino por conquistar su cuarto t\u00edtulo de la Liga Diamante<\/a> se public\u00f3 primero en <a href=\"https:\/\/elnuevodiario.com.do\">El Nuevo Diario (Rep\u00fablica Dominicana)<\/a>.<\/p>\n<p><script async src=\"https:\/\/platform.twitter.com\/widgets.js\" charset=\"utf-8\"><\/script><\/p>\n","protected":false},"excerpt":{"rendered":"EL NUEVO DIARIO,SANTO DOMINGO.\u2013 El presidente Luis Abinader felicit\u00f3 este s\u00e1bado a&hellip;\n","protected":false},"author":1,"featured_media":64596,"comment_status":"open","ping_status":"open","sticky":false,"template":"","format":"standard","meta":{"footnotes":""},"categories":[1],"tags":[],"class_list":["post-67665","post","type-post","status-publish","format-standard","has-post-thumbnail","category-nacionales"],"_links":{"self":[{"href":"https:\/\/acronoticias.com\/index.php\/wp-json\/wp\/v2\/posts\/67665","targetHints":{"allow":["GET"]}}],"collection":[{"href":"https:\/\/acronoticias.com\/index.php\/wp-json\/wp\/v2\/posts"}],"about":[{"href":"https:\/\/acronoticias.com\/index.php\/wp-json\/wp\/v2\/types\/post"}],"author":[{"embeddable":true,"href":"https:\/\/acronoticias.com\/index.php\/wp-json\/wp\/v2\/users\/1"}],"replies":[{"embeddable":true,"href":"https:\/\/acronoticias.com\/index.php\/wp-json\/wp\/v2\/comments?post=67665"}],"version-history":[{"count":0,"href":"https:\/\/acronoticias.com\/index.php\/wp-json\/wp\/v2\/posts\/67665\/revisions"}],"wp:featuredmedia":[{"embeddable":true,"href":"https:\/\/acronoticias.com\/index.php\/wp-json\/wp\/v2\/media\/64596"}],"wp:attachment":[{"href":"https:\/\/acronoticias.com\/index.php\/wp-json\/wp\/v2\/media?parent=67665"}],"wp:term":[{"taxonomy":"category","embeddable":true,"href":"https:\/\/acronoticias.com\/index.php\/wp-json\/wp\/v2\/categories?post=67665"},{"taxonomy":"post_tag","embeddable":true,"href":"https:\/\/acronoticias.com\/index.php\/wp-json\/wp\/v2\/tags?post=67665"}],"curies":[{"name":"wp","href":"https:\/\/api.w.org\/{rel}","templated":true}]}}