{"id":67661,"date":"2026-09-06T01:08:34","date_gmt":"2026-09-06T01:08:34","guid":{"rendered":"https:\/\/acronoticias.com\/index.php\/2026\/09\/06\/mueren-dos-pilotos-al-estrellarse-un-caza-griego-durante-una-exhibicion-aerea-en-atenas\/"},"modified":"2026-09-06T01:08:34","modified_gmt":"2026-09-06T01:08:34","slug":"mueren-dos-pilotos-al-estrellarse-un-caza-griego-durante-una-exhibicion-aerea-en-atenas","status":"publish","type":"post","link":"https:\/\/acronoticias.com\/index.php\/2026\/09\/06\/mueren-dos-pilotos-al-estrellarse-un-caza-griego-durante-una-exhibicion-aerea-en-atenas\/","title":{"rendered":"Mueren dos pilotos al estrellarse un caza griego durante una exhibici\u00f3n a\u00e9rea en Atenas"},"content":{"rendered":"<p><strong>Atenas<\/strong>.- Los dos pilotos de un caza F-4 Phantom de las <strong>Fuerzas A\u00e9reas<\/strong> griegas han muerto este s\u00e1bado al estrellarse el aparato minutos despu\u00e9s de despegar durante una exhibici\u00f3n a\u00e9rea en el aeropuerto militar de <strong>Tanagra<\/strong>, a las afueras de <strong>Atenas<\/strong>, sin que se conozcan a\u00fan las causas del siniestro.<\/p>\n<p>La aeronave empez\u00f3 repentinamente a perder altura tras unos minutos de vuelo y se estrell\u00f3 ante los ojos de miles de visitantes que observaban el evento <strong><a rel=\"nofollow\" href=\"https:\/\/www.athensflyingweek.gr\/\">Athens Flying Week<\/a><\/strong>.<\/p>\n<figure class=\"wp-block-image size-full\"><img decoding=\"async\" src=\"https:\/\/multimedia.noticiassin.com\/wp-content\/uploads\/2026\/09\/borrador-automatico-20260905-165855-3LxI-scaled.webp\" alt=\"Cami\u00f3n de bomberos y avi\u00f3n hidrante combaten un incendio en una nave industrial entre columnas de humo negro\" class=\"wp-image-2109326\" \/><figcaption class=\"wp-element-caption\">Un cami\u00f3n de bomberos y un avi\u00f3n hidrante participan en las labores para controlar un incendio en una nave industrial.<\/figcaption><\/figure>\n<h2 id=\"incendio-tras-la-caida-del-f-4\" class=\"wp-block-heading\">Incendio tras la ca\u00edda del F-4<\/h2>\n<p>Tras el choque se produjo una explosi\u00f3n y un incendio que un dispositivo de <strong>cien bomberos <\/strong>y trece medios a\u00e9reos est\u00e1 tratando de controlar.<\/p>\n<p>Seg\u00fan el diario <strong>Kathimerini<\/strong>, los dos pilotos, que, seg\u00fan ese medio, ten\u00edan mucha experiencia, no activaron los asientos eyectables para poder alejar el aparato de las zonas habitadas y de los espectadores del espect\u00e1culo a\u00e9reo.<\/p>\n<h2 id=\"cancelacion-del-athens-flying-week\" class=\"wp-block-heading\">Cancelaci\u00f3n del Athens Flying Week<\/h2>\n<p>Tras el accidente, la exhibici\u00f3n fue cancelada, mientras el ministro de Defensa, <strong>Nikos Dendias<\/strong>, regres\u00f3 a <strong>Atenas<\/strong> desde <strong>Sal\u00f3nica<\/strong>, donde participaba en una feria internacional que se celebra en esa ciudad.<\/p>\n<h2 id=\"antecedentes-generales-del-tema\" class=\"wp-block-heading\">Antecedentes generales del tema<\/h2>\n<p>Las autoridades griegas no hab\u00edan informado inicialmente las <strong>causas exactas del siniestro<\/strong>, por lo que corresponder\u00e1 a las investigaciones t\u00e9cnicas determinar si estuvo relacionado con una falla mec\u00e1nica, las condiciones del vuelo u otro factor.\u00a0<\/p>\n<p>El <strong>F-4 Phantom II<\/strong> es un avi\u00f3n de combate supers\u00f3nico de fabricaci\u00f3n estadounidense desarrollado originalmente en la d\u00e9cada de 1950. Fue utilizado ampliamente por Estados Unidos y por fuerzas a\u00e9reas de varios pa\u00edses, y tuvo participaci\u00f3n destacada en conflictos como la <strong>guerra de Vietnam<\/strong>.<\/p>\n<p>\u00ab<strong>Grecia incorpor\u00f3 los F-4 Phantom a su Fuerza A\u00e9rea en la d\u00e9cada de 1970<\/strong>. Los primeros aparatos llegaron al pa\u00eds en <strong>1974<\/strong>, como parte del proceso de modernizaci\u00f3n de su aviaci\u00f3n militar\u00bb.<\/p>\n<p>Durante d\u00e9cadas, el <strong>F-4E Phantom II<\/strong> ha formado parte de las capacidades de combate de la Fuerza A\u00e9rea Hel\u00e9nica. Algunos de estos aviones fueron sometidos posteriormente a programas de modernizaci\u00f3n para extender su vida operativa y actualizar sus sistemas electr\u00f3nicos.<\/p>\n<p>En los \u00faltimos a\u00f1os, Grecia ha mantenido una cantidad reducida de estos aparatos en servicio, principalmente en la <strong>117\u00aa Ala de Combate<\/strong>, ubicada en la base a\u00e9rea de <strong>Andravida<\/strong>. La <strong>338\u00aa Escuadrilla<\/strong> ha sido una de las \u00faltimas unidades griegas en operar este modelo.<\/p>\n<p>Los F-4 Phantom griegos se encuentran en la etapa final de su vida operativa, mientras el pa\u00eds avanza en la renovaci\u00f3n de su flota con aeronaves m\u00e1s modernas, entre ellas los <strong>Rafale<\/strong> franceses y los <strong>F-16 modernizados<\/strong>.<\/p>\n<p>Grecia ya hab\u00eda registrado anteriormente accidentes con este tipo de aeronave. El <strong>30 de enero de 2023<\/strong>, un F-4E Phantom de la Fuerza A\u00e9rea griega cay\u00f3 en el <strong>mar J\u00f3nico<\/strong>, durante una misi\u00f3n de entrenamiento al sur de la base de Andravida. La aeronave pertenec\u00eda igualmente a la 338\u00aa Escuadrilla.<\/p>\n<p>El accidente de este <strong>5 de septiembre de 2026<\/strong> ocurri\u00f3 en la base a\u00e9rea de <strong>Tanagra<\/strong>, situada al norte de Atenas y utilizada por la Fuerza A\u00e9rea griega. La instalaci\u00f3n es sede de la <strong>114\u00aa Ala de Combate<\/strong> y desde hace varios a\u00f1os acoge la exhibici\u00f3n a\u00e9rea Athens Flying Week.<\/p>\n<ul class=\"wp-block-list\">\n<li>La <strong>Athens Flying Week<\/strong> es uno de los principales espect\u00e1culos aeron\u00e1uticos de Grecia y re\u00fane aviones militares, civiles, equipos acrob\u00e1ticos y delegaciones internacionales. La edici\u00f3n de 2026 estaba programada para los d\u00edas <strong>5 y 6 de septiembre<\/strong> en Tanagra.<\/li>\n<li>La exhibici\u00f3n suele atraer a <strong>decenas de miles de espectadores<\/strong>. En ediciones anteriores ha contado con pilotos y equipos de distintos pa\u00edses y demostraciones de cazas, helic\u00f3pteros, aviones de transporte y aeronaves hist\u00f3ricas.<\/li>\n<li><\/li>\n<\/ul>\n","protected":false},"excerpt":{"rendered":"Atenas.- Los dos pilotos de un caza F-4 Phantom de las Fuerzas&hellip;\n","protected":false},"author":1,"featured_media":67662,"comment_status":"open","ping_status":"open","sticky":false,"template":"","format":"standard","meta":{"footnotes":""},"categories":[3],"tags":[],"class_list":["post-67661","post","type-post","status-publish","format-standard","has-post-thumbnail","category-internacionales"],"_links":{"self":[{"href":"https:\/\/acronoticias.com\/index.php\/wp-json\/wp\/v2\/posts\/67661","targetHints":{"allow":["GET"]}}],"collection":[{"href":"https:\/\/acronoticias.com\/index.php\/wp-json\/wp\/v2\/posts"}],"about":[{"href":"https:\/\/acronoticias.com\/index.php\/wp-json\/wp\/v2\/types\/post"}],"author":[{"embeddable":true,"href":"https:\/\/acronoticias.com\/index.php\/wp-json\/wp\/v2\/users\/1"}],"replies":[{"embeddable":true,"href":"https:\/\/acronoticias.com\/index.php\/wp-json\/wp\/v2\/comments?post=67661"}],"version-history":[{"count":0,"href":"https:\/\/acronoticias.com\/index.php\/wp-json\/wp\/v2\/posts\/67661\/revisions"}],"wp:featuredmedia":[{"embeddable":true,"href":"https:\/\/acronoticias.com\/index.php\/wp-json\/wp\/v2\/media\/67662"}],"wp:attachment":[{"href":"https:\/\/acronoticias.com\/index.php\/wp-json\/wp\/v2\/media?parent=67661"}],"wp:term":[{"taxonomy":"category","embeddable":true,"href":"https:\/\/acronoticias.com\/index.php\/wp-json\/wp\/v2\/categories?post=67661"},{"taxonomy":"post_tag","embeddable":true,"href":"https:\/\/acronoticias.com\/index.php\/wp-json\/wp\/v2\/tags?post=67661"}],"curies":[{"name":"wp","href":"https:\/\/api.w.org\/{rel}","templated":true}]}}