{"id":67655,"date":"2026-09-06T00:31:39","date_gmt":"2026-09-06T00:31:39","guid":{"rendered":"https:\/\/acronoticias.com\/index.php\/2026\/09\/06\/abinader-felicita-a-joheirry-mola-tras-hacer-historia-al-conquistar-la-corona-de-miss-mundo-2026\/"},"modified":"2026-09-06T00:31:39","modified_gmt":"2026-09-06T00:31:39","slug":"abinader-felicita-a-joheirry-mola-tras-hacer-historia-al-conquistar-la-corona-de-miss-mundo-2026","status":"publish","type":"post","link":"https:\/\/acronoticias.com\/index.php\/2026\/09\/06\/abinader-felicita-a-joheirry-mola-tras-hacer-historia-al-conquistar-la-corona-de-miss-mundo-2026\/","title":{"rendered":"Abinader felicita a Joheirry Mola tras hacer historia al conquistar la corona de Miss Mundo 2026"},"content":{"rendered":"<div data-td-block-uid=\"tdi_100\">\n<div class=\"tdb-block-inner td-fix-index\">\n<p class=\"wp-block-paragraph\">SANTO DOMINGO.-El presidente de la Rep\u00fablica, Luis Abinader, felicit\u00f3 este s\u00e1bado a la joven Joheirry Mola por conquistar la corona de Miss Mundo 2026 y convertirse en la segunda dominicana en la historia en lograr el t\u00edtulo internacional.<\/p>\n<p class=\"wp-block-paragraph\">A trav\u00e9s de sus canales oficiales, el mandatario resalt\u00f3 el hito de la modelo y administradora de 24 a\u00f1os: \u00abHoy hiciste historia al conquistar para la Rep\u00fablica Dominicana la corona de Miss Mundo, 44 a\u00f1os despu\u00e9s de nuestra primera victoria\u00bb, proclam\u00f3 Abinader al asegurar que toda la naci\u00f3n celebra con orgullo el triunfo de la soberana de la belleza.<\/p>\n<p class=\"wp-block-paragraph\">A las felicitaciones del jefe de Estado se sum\u00f3 la vicepresidenta de la Rep\u00fablica, Raquel Pe\u00f1a, quien ponder\u00f3 las cualidades humanas de la nueva reina y record\u00f3 el encuentro previo que sostuvieron en su despacho oficial de la casa de Gobierno, donde conoci\u00f3 de primera mano a una joven sumamente preparada y determinada a alcanzar su sue\u00f1o. <\/p>\n<p class=\"wp-block-paragraph\">Asimismo, la primera dama Raquel Arbaje elogi\u00f3 p\u00fablicamente la constancia de Mola, destacando los extensos a\u00f1os de disciplina, esfuerzo y perseverancia que precedieron a esta hist\u00f3rica coronaci\u00f3n global.<\/p>\n<p class=\"wp-block-paragraph\">Las autoridades y diversos funcionarios p\u00fablicos coincidieron en destacar el alto nivel de preparaci\u00f3n acad\u00e9mica de la beldad quisqueyana, as\u00ed como el s\u00f3lido mensaje sobre educaci\u00f3n, vocaci\u00f3n de servicio y belleza con prop\u00f3sito que promovi\u00f3 con \u00e9xito durante toda su participaci\u00f3n en el certamen internacional. Con este triunfo, Joheirry Mola rompe una sequ\u00eda de m\u00e1s de cuatro d\u00e9cadas para el pa\u00eds en dicho concurso y consolida su legado en la historia de la belleza dominicana en el extranjero.<\/p>\n<\/div>\n<\/div>\n","protected":false},"excerpt":{"rendered":"SANTO DOMINGO.-El presidente de la Rep\u00fablica, Luis Abinader, felicit\u00f3 este s\u00e1bado a&hellip;\n","protected":false},"author":1,"featured_media":67656,"comment_status":"open","ping_status":"open","sticky":false,"template":"","format":"standard","meta":{"footnotes":""},"categories":[1],"tags":[],"class_list":["post-67655","post","type-post","status-publish","format-standard","has-post-thumbnail","category-nacionales"],"_links":{"self":[{"href":"https:\/\/acronoticias.com\/index.php\/wp-json\/wp\/v2\/posts\/67655","targetHints":{"allow":["GET"]}}],"collection":[{"href":"https:\/\/acronoticias.com\/index.php\/wp-json\/wp\/v2\/posts"}],"about":[{"href":"https:\/\/acronoticias.com\/index.php\/wp-json\/wp\/v2\/types\/post"}],"author":[{"embeddable":true,"href":"https:\/\/acronoticias.com\/index.php\/wp-json\/wp\/v2\/users\/1"}],"replies":[{"embeddable":true,"href":"https:\/\/acronoticias.com\/index.php\/wp-json\/wp\/v2\/comments?post=67655"}],"version-history":[{"count":0,"href":"https:\/\/acronoticias.com\/index.php\/wp-json\/wp\/v2\/posts\/67655\/revisions"}],"wp:featuredmedia":[{"embeddable":true,"href":"https:\/\/acronoticias.com\/index.php\/wp-json\/wp\/v2\/media\/67656"}],"wp:attachment":[{"href":"https:\/\/acronoticias.com\/index.php\/wp-json\/wp\/v2\/media?parent=67655"}],"wp:term":[{"taxonomy":"category","embeddable":true,"href":"https:\/\/acronoticias.com\/index.php\/wp-json\/wp\/v2\/categories?post=67655"},{"taxonomy":"post_tag","embeddable":true,"href":"https:\/\/acronoticias.com\/index.php\/wp-json\/wp\/v2\/tags?post=67655"}],"curies":[{"name":"wp","href":"https:\/\/api.w.org\/{rel}","templated":true}]}}