{"id":67653,"date":"2026-09-06T00:15:42","date_gmt":"2026-09-06T00:15:42","guid":{"rendered":"https:\/\/acronoticias.com\/index.php\/2026\/09\/06\/padre-denuncia-que-colegio-exigio-cortarle-el-cabello-a-su-hijo-de-3-anos-para-continuar-asistiendo-a-clases\/"},"modified":"2026-09-06T00:15:42","modified_gmt":"2026-09-06T00:15:42","slug":"padre-denuncia-que-colegio-exigio-cortarle-el-cabello-a-su-hijo-de-3-anos-para-continuar-asistiendo-a-clases","status":"publish","type":"post","link":"https:\/\/acronoticias.com\/index.php\/2026\/09\/06\/padre-denuncia-que-colegio-exigio-cortarle-el-cabello-a-su-hijo-de-3-anos-para-continuar-asistiendo-a-clases\/","title":{"rendered":"Padre denuncia que colegio exigi\u00f3 cortarle el cabello a su hijo de 3 a\u00f1os para continuar asistiendo a clases"},"content":{"rendered":"<p><img loading=\"lazy\" decoding=\"async\" width=\"355\" height=\"200\" src=\"https:\/\/nuevodiario-assets.s3.us-east-2.amazonaws.com\/wp-content\/uploads\/2026\/09\/Padre-denuncia-que-colegio-exigio-cortarle-el-cabello-a-su-hijo-de-3-anos-para-continuar-asistiendo-a-clases.jpg-355x200.jpeg\" class=\"webfeedsFeaturedVisual wp-post-image\" alt=\"\" style=\"display: block;margin-bottom: 5px;clear:both;max-width: 100%\" \/><\/p>\n<p class=\"isSelectedEnd\">EL NUEVO DIARIO, HAINA.<strong>\u2013<\/strong> Igor Jos\u00e9 Maldonado denunci\u00f3 que el Centro Educativo CEILE, ubicado en Haina,\u00a0 le exigi\u00f3 cortarle el cabello a su hijo de tres a\u00f1os como condici\u00f3n para que pudiera continuar asistiendo al colegio, situaci\u00f3n que lo oblig\u00f3 a acceder a la medida pese a considerar que se trata de una disposici\u00f3n arbitraria.<\/p>\n<p class=\"isSelectedEnd\">El padre explic\u00f3 que el menor se encuentra en su segundo a\u00f1o escolar en el centro educativo y que, ante la advertencia de que no podr\u00eda seguir asistiendo si no le cortaba el cabello, decidi\u00f3 llevarlo a recortar este s\u00e1bado para evitar que quedara fuera de las aulas.<\/p>\n<p class=\"isSelectedEnd\">Maldonado manifest\u00f3 sentirse impotente por haber tenido que tomar esa decisi\u00f3n, ya que, seg\u00fan explic\u00f3, no considera correcto que la continuidad educativa de su hijo dependa de la forma en que lleva el cabello.<\/p>\n<p class=\"isSelectedEnd\">Asimismo, asegur\u00f3 que no recuerda haber firmado ning\u00fan reglamento o documento al momento de inscribir al menor que estableciera disposiciones espec\u00edficas sobre el corte de cabello que deben llevar los estudiantes.<\/p>\n<p class=\"isSelectedEnd\">El padre cuestion\u00f3 que el centro educativo haya establecido esta condici\u00f3n durante el segundo a\u00f1o de escolaridad del ni\u00f1o y calific\u00f3 la medida como arbitraria, al entender que afecta directamente al menor y limita su derecho a continuar asistiendo al colegio.<\/p>\n<p class=\"isSelectedEnd\">Asimismo, consider\u00f3 que la situaci\u00f3n podr\u00eda representar una vulneraci\u00f3n de derechos fundamentales y expres\u00f3 su preocupaci\u00f3n por el hecho de que otros padres puedan encontrarse ante circunstancias similares.<\/p>\n<p>\u00a0<\/p>\n<p>La entrada <a href=\"https:\/\/elnuevodiario.com.do\/padre-denuncia-que-colegio-exigio-cortarle-el-cabello-a-su-hijo-de-3-anos-para-continuar-asistiendo-a-clases\/\">Padre denuncia que colegio exigi\u00f3 cortarle el cabello a su hijo de 3 a\u00f1os para continuar asistiendo a clases<\/a> se public\u00f3 primero en <a href=\"https:\/\/elnuevodiario.com.do\">El Nuevo Diario (Rep\u00fablica Dominicana)<\/a>.<\/p>\n","protected":false},"excerpt":{"rendered":"EL NUEVO DIARIO, HAINA.\u2013 Igor Jos\u00e9 Maldonado denunci\u00f3 que el Centro Educativo&hellip;\n","protected":false},"author":1,"featured_media":67654,"comment_status":"open","ping_status":"open","sticky":false,"template":"","format":"standard","meta":{"footnotes":""},"categories":[1],"tags":[],"class_list":["post-67653","post","type-post","status-publish","format-standard","has-post-thumbnail","category-nacionales"],"_links":{"self":[{"href":"https:\/\/acronoticias.com\/index.php\/wp-json\/wp\/v2\/posts\/67653","targetHints":{"allow":["GET"]}}],"collection":[{"href":"https:\/\/acronoticias.com\/index.php\/wp-json\/wp\/v2\/posts"}],"about":[{"href":"https:\/\/acronoticias.com\/index.php\/wp-json\/wp\/v2\/types\/post"}],"author":[{"embeddable":true,"href":"https:\/\/acronoticias.com\/index.php\/wp-json\/wp\/v2\/users\/1"}],"replies":[{"embeddable":true,"href":"https:\/\/acronoticias.com\/index.php\/wp-json\/wp\/v2\/comments?post=67653"}],"version-history":[{"count":0,"href":"https:\/\/acronoticias.com\/index.php\/wp-json\/wp\/v2\/posts\/67653\/revisions"}],"wp:featuredmedia":[{"embeddable":true,"href":"https:\/\/acronoticias.com\/index.php\/wp-json\/wp\/v2\/media\/67654"}],"wp:attachment":[{"href":"https:\/\/acronoticias.com\/index.php\/wp-json\/wp\/v2\/media?parent=67653"}],"wp:term":[{"taxonomy":"category","embeddable":true,"href":"https:\/\/acronoticias.com\/index.php\/wp-json\/wp\/v2\/categories?post=67653"},{"taxonomy":"post_tag","embeddable":true,"href":"https:\/\/acronoticias.com\/index.php\/wp-json\/wp\/v2\/tags?post=67653"}],"curies":[{"name":"wp","href":"https:\/\/api.w.org\/{rel}","templated":true}]}}