{"id":67647,"date":"2026-09-05T23:59:37","date_gmt":"2026-09-05T23:59:37","guid":{"rendered":"https:\/\/acronoticias.com\/index.php\/2026\/09\/05\/cntu-destaca-cambio-de-clima-en-el-transporte-tras-llegada-de-juan-manuel-mendez-al-intrant\/"},"modified":"2026-09-05T23:59:37","modified_gmt":"2026-09-05T23:59:37","slug":"cntu-destaca-cambio-de-clima-en-el-transporte-tras-llegada-de-juan-manuel-mendez-al-intrant","status":"publish","type":"post","link":"https:\/\/acronoticias.com\/index.php\/2026\/09\/05\/cntu-destaca-cambio-de-clima-en-el-transporte-tras-llegada-de-juan-manuel-mendez-al-intrant\/","title":{"rendered":"CNTU destaca cambio de clima en el transporte tras llegada de Juan Manuel M\u00e9ndez al Intrant"},"content":{"rendered":"<p><strong>Santo Domingo.\u2013<\/strong> El presidente de la <strong>Confederaci\u00f3n Nacional de Transporte Urbano (CNTU), William P\u00e9rez Figueroa<\/strong>, asegur\u00f3 que la llegada del mayor general retirado <strong>Juan Manuel M\u00e9ndez<\/strong> a la direcci\u00f3n del <strong>Instituto Nacional de Tr\u00e1nsito y Transporte Terrestre (Intrant)<\/strong> ha generado un ambiente de \u201cpositivismo\u201d en el sector transporte.<\/p>\n<p>P\u00e9rez Figueroa tambi\u00e9n destac\u00f3 las <strong>orientaciones que el funcionario ha ofrecido a la poblaci\u00f3n<\/strong> desde que asumi\u00f3 el cargo.<\/p>\n<p>P\u00e9rez Figueroa consider\u00f3 que la experiencia de M\u00e9ndez como educador y orientador en situaciones de emergencia puede contribuir al manejo de los problemas relacionados con el <strong>tr\u00e1nsito, el transporte y la seguridad vial<\/strong>.<\/p>\n<ul class=\"wp-block-list\">\n<li><strong>CNTU valora positivamente la llegada de M\u00e9ndez al <a rel=\"nofollow\" href=\"https:\/\/intrant.gob.do\/\">Intrant<\/a>.<\/strong><\/li>\n<li><strong>P\u00e9rez Figueroa destaca un nuevo ambiente en el sector transporte.<\/strong><\/li>\n<\/ul>\n<figure class=\"wp-block-image size-full\"><img decoding=\"async\" src=\"https:\/\/multimedia.noticiassin.com\/wp-content\/uploads\/2026\/09\/borrador-automatico-20260905-231524-gFhI.webp\" alt=\"Juan Manuel M\u00e9ndez sonr\u00ede en una oficina, en contexto de su llegada al Intrant y el ambiente positivo en el transporte\" class=\"wp-image-2109483\" \/><figcaption class=\"wp-element-caption\">Juan Manuel M\u00e9ndez, en una imagen de archivo, tras su llegada al Intrant en medio de expectativas positivas para el transporte.<\/figcaption><\/figure>\n<h2 id=\"destaca-perfil-educativo-de-mendez\" class=\"wp-block-heading\">Destaca perfil educativo de M\u00e9ndez<\/h2>\n<p>El dirigente transportista record\u00f3 la <strong>trayectoria de M\u00e9ndez<\/strong> durante m\u00e1s de dos d\u00e9cadas vinculada a la gesti\u00f3n de emergencias y consider\u00f3 que esa experiencia puede ser aprovechada desde el Intrant.<\/p>\n<p>\u201cDecir que M\u00e9ndez ha sido un educador hacia la poblaci\u00f3n desde a\u00f1os, <strong>m\u00e1s de 20 a\u00f1os<\/strong>, preocupado por las diferentes situaciones que ocurren, cat\u00e1strofes y todo esto en el pa\u00eds, y entonces educando a la gente para que podamos dar una vida, estar mejor, socorrer, ayudar\u00bb.<\/p>\n<p>\u00abLo que quiere decir que bien cae entonces para el<strong> tr\u00e1nsito y el transporte<\/strong>, la educaci\u00f3n que M\u00e9ndez radia hacia los ciudadanos.\u201d<\/p>\n<p>P\u00e9rez Figueroa afirm\u00f3 que desde la llegada del funcionario percibe un <strong>ambiente diferente <\/strong>dentro del sector y asegur\u00f3 que incluso se ha registrado una reducci\u00f3n en los accidentes mortales, aunque no present\u00f3 cifras que sustenten esa afirmaci\u00f3n.<\/p>\n<p>\u201cYo entiendo que se siente un aura de positivismo en el tr\u00e1nsito y<strong> analizando la situaci\u00f3n<\/strong> incluso hasta han bajado un poco el nivel de muerte por accidente.\u201d<\/p>\n<p>Tambi\u00e9n se\u00f1al\u00f3 que, en los primeros d\u00edas de la <strong>nueva gesti\u00f3n<\/strong>, algunos transportistas que anteriormente hablaban de incrementar las tarifas han anunciado reducciones en los pasajes.<\/p>\n<p>\u201cEn apenas unos d\u00edas que <strong>M\u00e9ndez lleva frente al INTRAN<\/strong>, pues se ha visto un nuevo despertar, incluso gente que amenazaba con aumento de pasaje, anunciaron raramente una rebaja en el mismo.\u201d<\/p>\n<h2 id=\"cntu-pide-respaldar-nueva-gestion\" class=\"wp-block-heading\">CNTU pide respaldar nueva gesti\u00f3n<\/h2>\n<p>El presidente de la CNTU atribuy\u00f3 esos cambios a lo que denomin\u00f3 el <strong>\u201cefecto M\u00e9ndez\u201d<\/strong> y consider\u00f3 que su presencia al frente de la instituci\u00f3n ha generado mejores expectativas entre representantes del transporte.<\/p>\n<p>\u201cEntonces, lo que quiere decir que el <strong>efecto M\u00e9ndez en el INTRAN<\/strong> ha tra\u00eddo el buen clima para nuestro tiempo en el tr\u00e1nsito y el transporte.\u201d<\/p>\n<p>P\u00e9rez Figueroa sostuvo adem\u00e1s que el sector transportista debe respaldar las<strong> acciones positivas <\/strong>que impulse el nuevo director.<\/p>\n<p>\u201cCreo que es una pieza positiva y que el <strong>sector transporte <\/strong>debemos cuidar. As\u00ed que entendemos que en hora buena M\u00e9ndez cay\u00f3 muy bien en el INTRAN.\u201d<\/p>\n<p><strong>Juan Manuel M\u00e9ndez Garc\u00eda<\/strong> fue designado director ejecutivo del Intrant en agosto de 2026, en sustituci\u00f3n de Milton Morrison, despu\u00e9s de m\u00e1s de dos d\u00e9cadas vinculado a la direcci\u00f3n del Centro de Operaciones de Emergencias (COE).<\/p>\n","protected":false},"excerpt":{"rendered":"Santo Domingo.\u2013 El presidente de la Confederaci\u00f3n Nacional de Transporte Urbano (CNTU),&hellip;\n","protected":false},"author":1,"featured_media":67648,"comment_status":"open","ping_status":"open","sticky":false,"template":"","format":"standard","meta":{"footnotes":""},"categories":[1],"tags":[],"class_list":["post-67647","post","type-post","status-publish","format-standard","has-post-thumbnail","category-nacionales"],"_links":{"self":[{"href":"https:\/\/acronoticias.com\/index.php\/wp-json\/wp\/v2\/posts\/67647","targetHints":{"allow":["GET"]}}],"collection":[{"href":"https:\/\/acronoticias.com\/index.php\/wp-json\/wp\/v2\/posts"}],"about":[{"href":"https:\/\/acronoticias.com\/index.php\/wp-json\/wp\/v2\/types\/post"}],"author":[{"embeddable":true,"href":"https:\/\/acronoticias.com\/index.php\/wp-json\/wp\/v2\/users\/1"}],"replies":[{"embeddable":true,"href":"https:\/\/acronoticias.com\/index.php\/wp-json\/wp\/v2\/comments?post=67647"}],"version-history":[{"count":0,"href":"https:\/\/acronoticias.com\/index.php\/wp-json\/wp\/v2\/posts\/67647\/revisions"}],"wp:featuredmedia":[{"embeddable":true,"href":"https:\/\/acronoticias.com\/index.php\/wp-json\/wp\/v2\/media\/67648"}],"wp:attachment":[{"href":"https:\/\/acronoticias.com\/index.php\/wp-json\/wp\/v2\/media?parent=67647"}],"wp:term":[{"taxonomy":"category","embeddable":true,"href":"https:\/\/acronoticias.com\/index.php\/wp-json\/wp\/v2\/categories?post=67647"},{"taxonomy":"post_tag","embeddable":true,"href":"https:\/\/acronoticias.com\/index.php\/wp-json\/wp\/v2\/tags?post=67647"}],"curies":[{"name":"wp","href":"https:\/\/api.w.org\/{rel}","templated":true}]}}