{"id":67645,"date":"2026-09-05T23:43:34","date_gmt":"2026-09-05T23:43:34","guid":{"rendered":"https:\/\/acronoticias.com\/index.php\/2026\/09\/05\/presidente-luis-abinader-inaugura-carretera-el-rubio-los-corocitos-en-santiago\/"},"modified":"2026-09-05T23:43:34","modified_gmt":"2026-09-05T23:43:34","slug":"presidente-luis-abinader-inaugura-carretera-el-rubio-los-corocitos-en-santiago","status":"publish","type":"post","link":"https:\/\/acronoticias.com\/index.php\/2026\/09\/05\/presidente-luis-abinader-inaugura-carretera-el-rubio-los-corocitos-en-santiago\/","title":{"rendered":"Presidente Luis Abinader inaugura carretera El Rubio-Los Corocitos, en Santiago"},"content":{"rendered":"<p><img decoding=\"async\" width=\"355\" height=\"200\" src=\"https:\/\/nuevodiario-assets.s3.us-east-2.amazonaws.com\/wp-content\/uploads\/2026\/09\/Abinade-inaugura-355x200.jpeg\" class=\"webfeedsFeaturedVisual wp-post-image\" alt=\"\" style=\"display: block;margin-bottom: 5px;clear:both;max-width: 100%\" loading=\"lazy\" \/><\/p>\n<p>EL\u00a0 NUEVO DIARIO, SAN JOS\u00c9 DE LAS MATAS.- El presidente de la Rep\u00fablica, Luis Abinader, encabez\u00f3 la inauguraci\u00f3n de la carretera El Rubio-Los Corocitos, en el distrito municipal de El Rubio, en San Jos\u00e9 de las Matas (Santiago), construida por la Empresa de Generaci\u00f3n Hidroel\u00e9ctrica Dominicana (EGEHID) mediante una inversi\u00f3n de RD$ 844,615,013.15.<\/p>\n<p>La obra, construida en el marco del Programa de Responsabilidad Social de EGEHID, incluy\u00f3 asfaltado, muro de gaviones, terminaci\u00f3n de rasante, disipadores, aceras, contenes, canaletas, encaches, cortes en taludes, drenaje pluvial longitudinal y transversal, as\u00ed como se\u00f1alizaci\u00f3n.<\/p>\n<p><img loading=\"lazy\" decoding=\"async\" data-recalc-dims=\"1\" class=\"alignnone wp-image-3266504 size-full\" src=\"https:\/\/i0.wp.com\/nuevodiario-assets.s3.us-east-2.amazonaws.com\/wp-content\/uploads\/2026\/09\/Carretera-El-Rubio.jpeg?resize=640%2C320&quality=100&ssl=1\" alt=\"\" width=\"640\" height=\"320\" \/><\/p>\n<p>Se trata de un tramo de 13.2 kil\u00f3metros de longitud, que impacta positivamente a la poblaci\u00f3n del distrito municipal de El Rubio y en particular, a la comunidad de Los Corocitos, y se constituye en un aporte del Complejo Hidroel\u00e9ctrico de Monci\u00f3n.<\/p>\n<p>La carretera El Rubio-Los Corocitos es parte del amplio circuito vial asumido por EGEHID en la zona de la sierra de Santiago y Santiago Rodr\u00edguez, en apoyo a las comunidades de las cuencas hidrogr\u00e1ficas de los r\u00edos Mao y Yaque del Norte, que nutren los complejos hidroel\u00e9ctricos de Monci\u00f3n (r\u00edo Mao y Magua) y Tavera-Bao-L\u00f3pez Angostura (Yaque del Norte.<\/p>\n<p><img loading=\"lazy\" decoding=\"async\" data-recalc-dims=\"1\" class=\"alignnone wp-image-3266509 size-full\" src=\"https:\/\/i0.wp.com\/nuevodiario-assets.s3.us-east-2.amazonaws.com\/wp-content\/uploads\/2026\/09\/Abinader-de-pie.jpeg?resize=640%2C481&quality=100&ssl=1\" alt=\"\" width=\"640\" height=\"481\" \/><\/p>\n<figure id=\"attachment_3266511\" aria-describedby=\"caption-attachment-3266511\" style=\"width: 1280px\" class=\"wp-caption alignnone\"><img decoding=\"async\" data-recalc-dims=\"1\" loading=\"lazy\" class=\"wp-image-3266511 size-full\" src=\"https:\/\/i0.wp.com\/nuevodiario-assets.s3.us-east-2.amazonaws.com\/wp-content\/uploads\/2026\/09\/Director-Egehid.jpeg?resize=640%2C481&quality=100&ssl=1\" alt=\"\" width=\"640\" height=\"481\" \/><figcaption id=\"caption-attachment-3266511\" class=\"wp-caption-text\"><em><strong>El director de Egehid, Rafael Salazar, se dirige a los presentes <\/strong><\/em><\/figcaption><\/figure>\n<p>El administrador de EGEHID, Rafael Salazar, inst\u00f3 a la poblaci\u00f3n beneficiada con la obra a cuidar los recursos naturales de la zona, por constituirse esta cuenca en la m\u00e1s importante del pa\u00eds en materia de producci\u00f3n de agua para el consumo humano, el riego agr\u00edcola y la generaci\u00f3n hidroel\u00e9ctrica.<\/p>\n<p>La entrada <a href=\"https:\/\/elnuevodiario.com.do\/presidente-luis-abinader-inaugura-carretera-el-rubio-los-corocitos-en-santiago\/\">Presidente Luis Abinader inaugura carretera El Rubio-Los Corocitos, en Santiago<\/a> se public\u00f3 primero en <a href=\"https:\/\/elnuevodiario.com.do\">El Nuevo Diario (Rep\u00fablica Dominicana)<\/a>.<\/p>\n","protected":false},"excerpt":{"rendered":"EL\u00a0 NUEVO DIARIO, SAN JOS\u00c9 DE LAS MATAS.- El presidente de la&hellip;\n","protected":false},"author":1,"featured_media":67646,"comment_status":"open","ping_status":"open","sticky":false,"template":"","format":"standard","meta":{"footnotes":""},"categories":[1],"tags":[],"class_list":["post-67645","post","type-post","status-publish","format-standard","has-post-thumbnail","category-nacionales"],"_links":{"self":[{"href":"https:\/\/acronoticias.com\/index.php\/wp-json\/wp\/v2\/posts\/67645","targetHints":{"allow":["GET"]}}],"collection":[{"href":"https:\/\/acronoticias.com\/index.php\/wp-json\/wp\/v2\/posts"}],"about":[{"href":"https:\/\/acronoticias.com\/index.php\/wp-json\/wp\/v2\/types\/post"}],"author":[{"embeddable":true,"href":"https:\/\/acronoticias.com\/index.php\/wp-json\/wp\/v2\/users\/1"}],"replies":[{"embeddable":true,"href":"https:\/\/acronoticias.com\/index.php\/wp-json\/wp\/v2\/comments?post=67645"}],"version-history":[{"count":0,"href":"https:\/\/acronoticias.com\/index.php\/wp-json\/wp\/v2\/posts\/67645\/revisions"}],"wp:featuredmedia":[{"embeddable":true,"href":"https:\/\/acronoticias.com\/index.php\/wp-json\/wp\/v2\/media\/67646"}],"wp:attachment":[{"href":"https:\/\/acronoticias.com\/index.php\/wp-json\/wp\/v2\/media?parent=67645"}],"wp:term":[{"taxonomy":"category","embeddable":true,"href":"https:\/\/acronoticias.com\/index.php\/wp-json\/wp\/v2\/categories?post=67645"},{"taxonomy":"post_tag","embeddable":true,"href":"https:\/\/acronoticias.com\/index.php\/wp-json\/wp\/v2\/tags?post=67645"}],"curies":[{"name":"wp","href":"https:\/\/api.w.org\/{rel}","templated":true}]}}