{"id":67637,"date":"2026-09-05T22:55:40","date_gmt":"2026-09-05T22:55:40","guid":{"rendered":"https:\/\/acronoticias.com\/index.php\/2026\/09\/05\/video-ciudad-judicial-de-sdo-alcanza-65-de-avance-mived-preve-entrega-para-ultimo-trimestre-del-ano\/"},"modified":"2026-09-05T22:55:40","modified_gmt":"2026-09-05T22:55:40","slug":"video-ciudad-judicial-de-sdo-alcanza-65-de-avance-mived-preve-entrega-para-ultimo-trimestre-del-ano","status":"publish","type":"post","link":"https:\/\/acronoticias.com\/index.php\/2026\/09\/05\/video-ciudad-judicial-de-sdo-alcanza-65-de-avance-mived-preve-entrega-para-ultimo-trimestre-del-ano\/","title":{"rendered":"(VIDEO) Ciudad Judicial de SDO alcanza 65 % de avance; Mived prev\u00e9 entrega para \u00faltimo trimestre del a\u00f1o"},"content":{"rendered":"<p><img decoding=\"async\" width=\"355\" height=\"200\" src=\"https:\/\/nuevodiario-assets.s3.us-east-2.amazonaws.com\/wp-content\/uploads\/2026\/09\/Ciudad-Judicial-de-SDO-alcanza-65-de-avance-Mived-preve-entrega-para-ultimo-trimestre-del-ano-1-355x200.jpeg\" class=\"webfeedsFeaturedVisual wp-post-image\" alt=\"\" style=\"display: block;margin-bottom: 5px;clear:both;max-width: 100%\" loading=\"lazy\" \/><\/p>\n<p class=\"isSelectedEnd\">EL NUEVO DIARIO, SANTO DOMINGO.\u2013 La construcci\u00f3n de la Ciudad Judicial de Santo Domingo Oeste registra un 65 % de avance, seg\u00fan informaron este s\u00e1bado el ministro de Vivienda y Edificaciones (Mived ), Jean Luis Rodr\u00edguez, y la procuradora general de la Rep\u00fablica, Yeni Berenice Reynoso, durante un recorrido de supervisi\u00f3n por la obra.<\/p>\n<p class=\"isSelectedEnd\">El complejo, que supera los RD$2,700 millones de inversi\u00f3n, est\u00e1 dise\u00f1ado para concentrar en un mismo espacio las principales instituciones vinculadas al sistema de justicia, con el prop\u00f3sito de facilitar el acceso de los ciudadanos a estos servicios y reducir los desplazamientos hacia otras localidades.<\/p>\n<p class=\"isSelectedEnd\">Durante la visita, Rodr\u00edguez explic\u00f3 que el objetivo de la supervisi\u00f3n fue verificar el ritmo de los trabajos y garantizar que la ejecuci\u00f3n mantenga continuidad hasta su conclusi\u00f3n.<\/p>\n<p class=\"isSelectedEnd\">\u201cNos agrada ver que va avanzando a buen ritmo\u201d, afirm\u00f3 el ministro, quien se\u00f1al\u00f3 que el Mived mantiene compromisos con las empresas contratistas para evitar interrupciones en la construcci\u00f3n.<\/p>\n<p><a href=\"https:\/\/elnuevodiario.com.do\/video-ciudad-judicial-de-sdo-alcanza-65-de-avance-mived-preve-entrega-para-ultimo-trimestre-del-ano\/ciudad-judicial-de-sdo-alcanza-65-de-avance-mived-preve-entrega-para-ultimo-trimestre-del-ano-4\/\"><img loading=\"lazy\" decoding=\"async\" data-recalc-dims=\"1\" width=\"640\" height=\"427\" src=\"https:\/\/i0.wp.com\/nuevodiario-assets.s3.us-east-2.amazonaws.com\/wp-content\/uploads\/2026\/09\/Ciudad-Judicial-de-SDO-alcanza-65-de-avance-Mived-preve-entrega-para-ultimo-trimestre-del-ano-4.jpeg?resize=640%2C427&quality=100&ssl=1\" class=\"attachment-full size-full\" alt=\"\" \/><\/a><\/p>\n<p class=\"isSelectedEnd\">Rodr\u00edguez indic\u00f3 adem\u00e1s que se mantiene como expectativa que la infraestructura pueda ser entregada durante el \u00faltimo trimestre de este a\u00f1o, al tiempo que asegur\u00f3 que el ministerio dar\u00e1 seguimiento permanente a los trabajos durante los pr\u00f3ximos meses.<\/p>\n<p class=\"isSelectedEnd\">De su lado, Yeni Berenice Reynoso destac\u00f3 la importancia de contar con instalaciones adecuadas para garantizar un servicio de justicia digno y accesible a la poblaci\u00f3n.<\/p>\n<p class=\"isSelectedEnd\">La procuradora sostuvo que bajo condiciones inadecuadas no es posible ofrecer un acceso de calidad a la justicia y manifest\u00f3 su satisfacci\u00f3n por el avance que presenta actualmente el proyecto.<\/p>\n<p class=\"isSelectedEnd\">\u201cEsperamos que en los pr\u00f3ximos meses las puertas de esta Ciudad Judicial se abran para cada ciudadano y cada ciudadana que necesite acceder al Sistema de Justicia\u201d, expres\u00f3 Reynoso, quien tambi\u00e9n valor\u00f3 el compromiso asumido por el Mived para concluir la obra.<\/p>\n<p><a href=\"https:\/\/elnuevodiario.com.do\/video-ciudad-judicial-de-sdo-alcanza-65-de-avance-mived-preve-entrega-para-ultimo-trimestre-del-ano\/ciudad-judicial-de-sdo-alcanza-65-de-avance-mived-preve-entrega-para-ultimo-trimestre-del-ano-2\/\"><img loading=\"lazy\" decoding=\"async\" data-recalc-dims=\"1\" width=\"640\" height=\"463\" src=\"https:\/\/i0.wp.com\/nuevodiario-assets.s3.us-east-2.amazonaws.com\/wp-content\/uploads\/2026\/09\/Ciudad-Judicial-de-SDO-alcanza-65-de-avance-Mived-preve-entrega-para-ultimo-trimestre-del-ano-2.jpeg?resize=640%2C463&quality=100&ssl=1\" class=\"attachment-full size-full\" alt=\"\" \/><\/a><\/p>\n<p class=\"isSelectedEnd\">La infraestructura contar\u00e1 con 25,195 metros cuadrados de construcci\u00f3n, distribuidos entre las instituciones que operar\u00e1n en el complejo. El Poder Judicial dispondr\u00e1 de 13,865 metros cuadrados, distribuidos en tres niveles y un nivel soterrado, mientras que el Ministerio P\u00fablico ocupar\u00e1 6,730 metros cuadrados en cuatro niveles.<\/p>\n<p class=\"isSelectedEnd\">Asimismo, la Defensa P\u00fablica contar\u00e1 con 570 metros cuadrados distribuidos en tres niveles.<\/p>\n<p class=\"isSelectedEnd\">El proyecto contempla adem\u00e1s 14,840 metros cuadrados destinados a parqueos y \u00e1reas de circulaci\u00f3n, as\u00ed como una plaza y espacios verdes que ocupar\u00e1n aproximadamente 3,800 metros cuadrados.<\/p>\n<p><a href=\"https:\/\/elnuevodiario.com.do\/video-ciudad-judicial-de-sdo-alcanza-65-de-avance-mived-preve-entrega-para-ultimo-trimestre-del-ano\/ciudad-judicial-de-sdo-alcanza-65-de-avance-mived-preve-entrega-para-ultimo-trimestre-del-ano-3\/\"><img decoding=\"async\" data-recalc-dims=\"1\" loading=\"lazy\" width=\"640\" height=\"427\" src=\"https:\/\/i0.wp.com\/nuevodiario-assets.s3.us-east-2.amazonaws.com\/wp-content\/uploads\/2026\/09\/Ciudad-Judicial-de-SDO-alcanza-65-de-avance-Mived-preve-entrega-para-ultimo-trimestre-del-ano-3.jpeg?resize=640%2C427&quality=100&ssl=1\" class=\"attachment-full size-full\" alt=\"\" \/><\/a><\/p>\n<p class=\"isSelectedEnd\">La Ciudad Judicial busca establecer un complejo integral para el funcionamiento de las instituciones responsables de administrar justicia en Santo Domingo Oeste, con instalaciones destinadas a mejorar la atenci\u00f3n a los usuarios y hacer m\u00e1s accesibles los servicios judiciales para los residentes del municipio y comunidades cercanas.<\/p>\n<p>En el recorrido tambi\u00e9n participaron el procurador fiscal de Santo Domingo Oeste, Edward L\u00f3pez; el viceministro de Construcci\u00f3n del Mived , Juan Miguel de los Santos, y el viceministro de Vivienda, H\u00e1bitat y Edificaciones, Ney Garc\u00eda.<\/p>\n<p><a href=\"https:\/\/nuevodiario-assets.s3.us-east-2.amazonaws.com\/wp-content\/uploads\/2026\/09\/Ciudad-Judicial-de-SDO-alcanza-65-de-avance-Mived-preve-entrega-para-ultimo-trimestre-del-ano-1.mp4\">Ciudad Judicial de SDO alcanza 65 % de avance; Mived prev\u00e9 entrega para \u00faltimo trimestre del a\u00f1o (1)<\/a><\/p>\n<p>La entrada <a href=\"https:\/\/elnuevodiario.com.do\/video-ciudad-judicial-de-sdo-alcanza-65-de-avance-mived-preve-entrega-para-ultimo-trimestre-del-ano\/\">(VIDEO) Ciudad Judicial de SDO alcanza 65 % de avance; Mived prev\u00e9 entrega para \u00faltimo trimestre del a\u00f1o<\/a> se public\u00f3 primero en <a href=\"https:\/\/elnuevodiario.com.do\">El Nuevo Diario (Rep\u00fablica Dominicana)<\/a>.<\/p>\n","protected":false},"excerpt":{"rendered":"EL NUEVO DIARIO, SANTO DOMINGO.\u2013 La construcci\u00f3n de la Ciudad Judicial de&hellip;\n","protected":false},"author":1,"featured_media":67638,"comment_status":"open","ping_status":"open","sticky":false,"template":"","format":"standard","meta":{"footnotes":""},"categories":[1],"tags":[],"class_list":["post-67637","post","type-post","status-publish","format-standard","has-post-thumbnail","category-nacionales"],"_links":{"self":[{"href":"https:\/\/acronoticias.com\/index.php\/wp-json\/wp\/v2\/posts\/67637","targetHints":{"allow":["GET"]}}],"collection":[{"href":"https:\/\/acronoticias.com\/index.php\/wp-json\/wp\/v2\/posts"}],"about":[{"href":"https:\/\/acronoticias.com\/index.php\/wp-json\/wp\/v2\/types\/post"}],"author":[{"embeddable":true,"href":"https:\/\/acronoticias.com\/index.php\/wp-json\/wp\/v2\/users\/1"}],"replies":[{"embeddable":true,"href":"https:\/\/acronoticias.com\/index.php\/wp-json\/wp\/v2\/comments?post=67637"}],"version-history":[{"count":0,"href":"https:\/\/acronoticias.com\/index.php\/wp-json\/wp\/v2\/posts\/67637\/revisions"}],"wp:featuredmedia":[{"embeddable":true,"href":"https:\/\/acronoticias.com\/index.php\/wp-json\/wp\/v2\/media\/67638"}],"wp:attachment":[{"href":"https:\/\/acronoticias.com\/index.php\/wp-json\/wp\/v2\/media?parent=67637"}],"wp:term":[{"taxonomy":"category","embeddable":true,"href":"https:\/\/acronoticias.com\/index.php\/wp-json\/wp\/v2\/categories?post=67637"},{"taxonomy":"post_tag","embeddable":true,"href":"https:\/\/acronoticias.com\/index.php\/wp-json\/wp\/v2\/tags?post=67637"}],"curies":[{"name":"wp","href":"https:\/\/api.w.org\/{rel}","templated":true}]}}