{"id":67636,"date":"2026-09-05T22:39:42","date_gmt":"2026-09-05T22:39:42","guid":{"rendered":"https:\/\/acronoticias.com\/index.php\/2026\/09\/05\/condenan-a-40-y-30-anos-de-prision-a-tres-hombres-por-asesinato-de-teniente-de-la-fuerza-aerea\/"},"modified":"2026-09-05T22:39:42","modified_gmt":"2026-09-05T22:39:42","slug":"condenan-a-40-y-30-anos-de-prision-a-tres-hombres-por-asesinato-de-teniente-de-la-fuerza-aerea","status":"publish","type":"post","link":"https:\/\/acronoticias.com\/index.php\/2026\/09\/05\/condenan-a-40-y-30-anos-de-prision-a-tres-hombres-por-asesinato-de-teniente-de-la-fuerza-aerea\/","title":{"rendered":"Condenan a 40 y 30 a\u00f1os de prisi\u00f3n a tres hombres por asesinato de teniente de la Fuerza A\u00e9rea"},"content":{"rendered":"<div id=\"mvp-content-main\">\n<p><strong>SANTO DOMINGO<\/strong>.- Acogiendo la solicitud del Ministerio P\u00fablico, el Segundo Tribunal Colegiado de Santo Domingo Este conden\u00f3 a tres hombres con penas de 40 y 30 a\u00f1os de prisi\u00f3n, por el asesinato de un segundo teniente de la Fuerza Aerea de la Rep\u00fablica Dominicana (FARD), en el sector de Hainamosa.<\/p>\n<p>Stiven Herrera (Wilito y\/o Moto Loco) y Yeuri Antonio Rojas (Tommy, Jhon y \/o Jhonci el Mec\u00e1nico) fueron sentenciados a 40 a\u00f1os de prisi\u00f3n, mientras que, al capit\u00e1n de la FARD Fraulin Gabriel P\u00e9rez Camacho debrer\u00e1 cumplir 30 a\u00f1os de prisi\u00f3n, por el asesinato del segundo teniente a\u00e9reo Bienvenido Reyes Chalas.<\/p>\n<p>El Ministerio P\u00fablico, representado por los fiscales Francisco Vinicio y Ana Basora, demostr\u00f3 al tribunal la responsabilidad penal de los tres procesados, quienes violaron los art\u00edculos 265, 266, 295, 304, 379, 383 y 386 del C\u00f3digo Penal Dominicano, que castigan la asociaci\u00f3n de malhechores, el homicidio voluntario y el robo agravado.<\/p>\n<p>Los sentenciados tambi\u00e9n violaron las disposiciones de los art\u00edculos 66 y 67 de la Ley 631-16, para el Control y Regulaci\u00f3n de Armas, Municiones y Materiales Relacionados.<\/p>\n<p>El expediente, instrumentado por la fiscal investigadora Ivette Mateo, se\u00f1ala que los hechos ocurrieron la madrugada del lunes 16 de diciembre del 2024, en la calle 3ra. del sector de Hainamosa, mientras Reyes Chalas se encontraba compartiendo en un juego de domin\u00f3, en compa\u00f1\u00eda de varios amigos.<\/p>\n<p>Revela que dos de los procesados, Yeury Antonio Rojas y Stiven Herrera, en compa\u00f1\u00eda de un tercer hombre solo identificado como El Gordo, quien se encuentra pr\u00f3fugo, se presentaron al lugar en una moto y al notar su presencia Reyes Chalas intent\u00f3 infructuosamente tomar su arma de reglamento para defenderse, lo que aprovech\u00f3 Antonio Rojas para realizarle varios disparos, logrando impactarlo en el hemit\u00f3rax, herida que termin\u00f3 caus\u00e1ndole la muerte.<\/p>\n<p>Con la v\u00edctima en estado ag\u00f3nico, Antonio Rojas lo despoj\u00f3 de su arma de reglamento y de una cadena, mientras el encartado Herrera y El Gordo lo esperaban, hechos que quedaron captados en c\u00e1maras de seguridad del lugar.<\/p>\n<p>Durante la investigaci\u00f3n, realizada por el Ministerio P\u00fablico, en coordinaci\u00f3n con el Departamento de Cr\u00edmenes y Delitos de Alta Tecnolog\u00eda de la Polic\u00eda Nacional (DICAT), fue identificado una Toyota Land Cruiser, color blanco, placa n\u00fam. G240236, registrada a nombre del conscripto de la Fuerza A\u00e9rea Odailyn Ezequiel Santana Encarnaci\u00f3n, quien prest\u00f3 el veh\u00edculo a su supervisor Fraulin Gabriel P\u00e9rez Camacho.<\/p>\n<p>El veh\u00edculo fue captado pasando minutos antes por el lugar donde estaba el hoy occiso, siendo conducido por el capit\u00e1n P\u00e9rez Camacho, desmont\u00e1ndose del mismo los encartados Antonio Rojas y Herrera, para abordar la motocicleta que conduc\u00eda El Gordo, en la que posteriormente utilizaron para desplazarse y cometer el asesinato.<\/p>\n<p>Al momento del arresto, a Herrera le fue ocupada el arma de fuego, tipo pistola, marca Taurus, calibre 9 mm, serie No. TER21429, con su cargador y catorce c\u00e1psulas del mismo calibre, la cual portaba de manera ilegal y que, al ser depurada, se encontr\u00f3 que hab\u00eda sido robada en San Pedro de Macor\u00eds.<\/p>\n<p>Al ser entrevistado, en presencia de su abogado, Herrera admiti\u00f3 los hechos, ubic\u00e1ndose como la persona que se visualiza en los videos, como el que va en el medio de la motocicleta que intercepta al occiso, portando un arma de fuego e indic\u00f3 que fue contactado por P\u00e9rez Camacho para cometer el hecho.<\/p>\n<p>El Ministerio P\u00fablico demostr\u00f3 que Antonio Rojas actu\u00f3 como el autor material del disparo que provoc\u00f3 la muerte al oficial para despojarlo de su arma de reglamento y una cadena de oro, y Stiven Herrera, como participante en el asalto.<\/p>\n<p>Al momento de ser depurado, P\u00e9rez Camacho figura con un proceso posterior de robo, en el a\u00f1o 2022, por el cual hasta el momento est\u00e1 en investigaci\u00f3n.<\/p>\n<p>Por decisi\u00f3n de los jueces Julio A. de los Santos Morla, Yuri Cuevas de la Cruz y Ana Miledys Taveras, los procesados Herrera y Antonio Rojas deber\u00e1n cumplir su condena en el Centro de Correcci\u00f3n y Rehabilitaci\u00f3n (CCR) Las Parras,<\/p>\n<p>En el caso del capit\u00e1n P\u00e9rez Camacho, cumplir\u00e1 la pena en el Centro de Correcci\u00f3n y Rehabilitaci\u00f3n Najayo Hombres.<\/p>\n<\/div>\n","protected":false},"excerpt":{"rendered":"SANTO DOMINGO.- Acogiendo la solicitud del Ministerio P\u00fablico, el Segundo Tribunal Colegiado&hellip;\n","protected":false},"author":1,"featured_media":41084,"comment_status":"open","ping_status":"open","sticky":false,"template":"","format":"standard","meta":{"footnotes":""},"categories":[1],"tags":[],"class_list":["post-67636","post","type-post","status-publish","format-standard","has-post-thumbnail","category-nacionales"],"_links":{"self":[{"href":"https:\/\/acronoticias.com\/index.php\/wp-json\/wp\/v2\/posts\/67636","targetHints":{"allow":["GET"]}}],"collection":[{"href":"https:\/\/acronoticias.com\/index.php\/wp-json\/wp\/v2\/posts"}],"about":[{"href":"https:\/\/acronoticias.com\/index.php\/wp-json\/wp\/v2\/types\/post"}],"author":[{"embeddable":true,"href":"https:\/\/acronoticias.com\/index.php\/wp-json\/wp\/v2\/users\/1"}],"replies":[{"embeddable":true,"href":"https:\/\/acronoticias.com\/index.php\/wp-json\/wp\/v2\/comments?post=67636"}],"version-history":[{"count":0,"href":"https:\/\/acronoticias.com\/index.php\/wp-json\/wp\/v2\/posts\/67636\/revisions"}],"wp:featuredmedia":[{"embeddable":true,"href":"https:\/\/acronoticias.com\/index.php\/wp-json\/wp\/v2\/media\/41084"}],"wp:attachment":[{"href":"https:\/\/acronoticias.com\/index.php\/wp-json\/wp\/v2\/media?parent=67636"}],"wp:term":[{"taxonomy":"category","embeddable":true,"href":"https:\/\/acronoticias.com\/index.php\/wp-json\/wp\/v2\/categories?post=67636"},{"taxonomy":"post_tag","embeddable":true,"href":"https:\/\/acronoticias.com\/index.php\/wp-json\/wp\/v2\/tags?post=67636"}],"curies":[{"name":"wp","href":"https:\/\/api.w.org\/{rel}","templated":true}]}}