{"id":67634,"date":"2026-09-05T22:23:37","date_gmt":"2026-09-05T22:23:37","guid":{"rendered":"https:\/\/acronoticias.com\/index.php\/2026\/09\/05\/abinader-inaugura-carretera-de-13-2-kilometros-en-san-jose-de-las-matas\/"},"modified":"2026-09-05T22:23:37","modified_gmt":"2026-09-05T22:23:37","slug":"abinader-inaugura-carretera-de-13-2-kilometros-en-san-jose-de-las-matas","status":"publish","type":"post","link":"https:\/\/acronoticias.com\/index.php\/2026\/09\/05\/abinader-inaugura-carretera-de-13-2-kilometros-en-san-jose-de-las-matas\/","title":{"rendered":"Abinader inaugura carretera de 13.2 kil\u00f3metros en San Jos\u00e9 de las Matas"},"content":{"rendered":"<p><strong><strong>Santiago<\/strong>.-<\/strong> El presidente <strong>Luis Abinader<\/strong> encabez\u00f3 la inauguraci\u00f3n de la carretera El Rubio-Los Corocitos, en el distrito municipal de <strong>El Rubio<\/strong>, <strong>San Jos\u00e9 de las Matas<\/strong>, <strong>Santiago<\/strong>, una obra construida por la <strong>Empresa de Generaci\u00f3n Hidroel\u00e9ctrica Dominicana<\/strong> (<strong>EGEHID<\/strong>) con una inversi\u00f3n de RD$844.6 millones.<\/p>\n<p>La v\u00eda tiene una extensi\u00f3n de 13.2 kil\u00f3metros y beneficiar\u00e1 a los residentes del distrito municipal de <strong>El Rubio<\/strong>, especialmente a los habitantes de la comunidad de <strong>Los Corocitos<\/strong>.<\/p>\n<p>La obra fue ejecutada como parte del Programa de Responsabilidad Social de <strong>EGEHID<\/strong> e incluy\u00f3 trabajos de asfaltado, construcci\u00f3n de muros de gaviones, terminaci\u00f3n de rasante, disipadores, aceras, contenes y canaletas.<\/p>\n<p>Tambi\u00e9n fueron realizados trabajos de encache, cortes en taludes, drenaje pluvial longitudinal y transversal, adem\u00e1s de la colocaci\u00f3n de se\u00f1alizaci\u00f3n vial.<\/p>\n<figure class=\"wp-block-image size-full\"><img decoding=\"async\" src=\"https:\/\/multimedia.noticiassin.com\/wp-content\/uploads\/2026\/09\/borrador-automatico-20260905-215404-SCF3.webp\" alt=\"Funcionarios recorren una obra en construcci\u00f3n durante supervisi\u00f3n oficial, en contexto de infraestructura p\u00fablica en Rep\u00fablica Dominicana\" class=\"wp-image-2109455\" \/><figcaption class=\"wp-element-caption\">Funcionarios con cascos y chalecos reflectantes recorren una edificaci\u00f3n en construcci\u00f3n durante una supervisi\u00f3n oficial.<\/figcaption><\/figure>\n<h2 id=\"obra-vinculada-al-circuito-vial\" class=\"wp-block-heading\">Obra vinculada al circuito vial<\/h2>\n<p>La carretera constituye un aporte del Complejo Hidroel\u00e9ctrico de <strong>Monci\u00f3n<\/strong> y forma parte del circuito vial que <strong>EGEHID<\/strong> desarrolla en la zona de la sierra de <strong>Santiago<\/strong> y <strong>Santiago Rodr\u00edguez<\/strong>.<\/p>\n<p>De acuerdo con la empresa, estas obras buscan apoyar a las comunidades ubicadas en las cuencas hidrogr\u00e1ficas de los r\u00edos <strong>Mao<\/strong> y <strong>Yaque del Norte<\/strong>, que abastecen los complejos hidroel\u00e9ctricos de <strong>Monci\u00f3n<\/strong> y <strong>Tavera-Bao-L\u00f3pez Angostura<\/strong>.<\/p>\n<p>Durante el acto, el administrador de <strong>EGEHID<\/strong>, <strong>Rafael Salazar<\/strong>, llam\u00f3 a los residentes de las comunidades beneficiadas a proteger los recursos naturales de la zona.<\/p>\n<p>Salazar destac\u00f3 la importancia de la cuenca hidrogr\u00e1fica por su aporte a la producci\u00f3n de agua para el consumo humano, el riego agr\u00edcola y la generaci\u00f3n de energ\u00eda hidroel\u00e9ctrica.<\/p>\n","protected":false},"excerpt":{"rendered":"Santiago.- El presidente Luis Abinader encabez\u00f3 la inauguraci\u00f3n de la carretera El&hellip;\n","protected":false},"author":1,"featured_media":67635,"comment_status":"open","ping_status":"open","sticky":false,"template":"","format":"standard","meta":{"footnotes":""},"categories":[1],"tags":[],"class_list":["post-67634","post","type-post","status-publish","format-standard","has-post-thumbnail","category-nacionales"],"_links":{"self":[{"href":"https:\/\/acronoticias.com\/index.php\/wp-json\/wp\/v2\/posts\/67634","targetHints":{"allow":["GET"]}}],"collection":[{"href":"https:\/\/acronoticias.com\/index.php\/wp-json\/wp\/v2\/posts"}],"about":[{"href":"https:\/\/acronoticias.com\/index.php\/wp-json\/wp\/v2\/types\/post"}],"author":[{"embeddable":true,"href":"https:\/\/acronoticias.com\/index.php\/wp-json\/wp\/v2\/users\/1"}],"replies":[{"embeddable":true,"href":"https:\/\/acronoticias.com\/index.php\/wp-json\/wp\/v2\/comments?post=67634"}],"version-history":[{"count":0,"href":"https:\/\/acronoticias.com\/index.php\/wp-json\/wp\/v2\/posts\/67634\/revisions"}],"wp:featuredmedia":[{"embeddable":true,"href":"https:\/\/acronoticias.com\/index.php\/wp-json\/wp\/v2\/media\/67635"}],"wp:attachment":[{"href":"https:\/\/acronoticias.com\/index.php\/wp-json\/wp\/v2\/media?parent=67634"}],"wp:term":[{"taxonomy":"category","embeddable":true,"href":"https:\/\/acronoticias.com\/index.php\/wp-json\/wp\/v2\/categories?post=67634"},{"taxonomy":"post_tag","embeddable":true,"href":"https:\/\/acronoticias.com\/index.php\/wp-json\/wp\/v2\/tags?post=67634"}],"curies":[{"name":"wp","href":"https:\/\/api.w.org\/{rel}","templated":true}]}}