{"id":67632,"date":"2026-09-05T22:07:47","date_gmt":"2026-09-05T22:07:47","guid":{"rendered":"https:\/\/acronoticias.com\/index.php\/2026\/09\/05\/ciudad-judicial-de-santo-domingo-oeste-alcanza-65-de-avance\/"},"modified":"2026-09-05T22:07:47","modified_gmt":"2026-09-05T22:07:47","slug":"ciudad-judicial-de-santo-domingo-oeste-alcanza-65-de-avance","status":"publish","type":"post","link":"https:\/\/acronoticias.com\/index.php\/2026\/09\/05\/ciudad-judicial-de-santo-domingo-oeste-alcanza-65-de-avance\/","title":{"rendered":"Ciudad Judicial de Santo Domingo Oeste alcanza 65 % de avance"},"content":{"rendered":"<p><strong>Santo Domingo.\u2013<\/strong> La <strong>Ciudad Judicial de Santo Domingo Oeste<\/strong> presenta un <strong>65 % de avance<\/strong> y se prev\u00e9 que pueda estar lista durante el \u00faltimo trimestre del a\u00f1o.<\/p>\n<p>As\u00ed lo informaron este s\u00e1bado el ministro de Vivienda y Edificaciones, <strong>Jean Luis Rodr\u00edguez<\/strong>, y la procuradora general de la Rep\u00fablica, <strong><a rel=\"nofollow\" href=\"https:\/\/pgr.gob.do\/despacho-de-la-procuradora\/\">Yeni Berenice Reynoso<\/a><\/strong>, durante un recorrido de supervisi\u00f3n por la obra.<\/p>\n<p>El complejo, que supera los <strong>RD$2,700 millones de inversi\u00f3n<\/strong>, concentrar\u00e1 en un mismo espacio al <strong>Poder Judicial, Ministerio P\u00fablico y Defensa P\u00fablica<\/strong>, con el objetivo de acercar los servicios de justicia a los residentes de Santo Domingo Oeste y reducir los traslados hacia otras localidades.<\/p>\n<ul class=\"wp-block-list\">\n<li>La obra tiene <strong>25,195 metros cuadrados de construcci\u00f3n<\/strong>.<\/li>\n<li>El proyecto incluye \u00e1reas para <strong>Poder Judicial, Ministerio P\u00fablico y Defensa P\u00fablica<\/strong>.<\/li>\n<\/ul>\n<figure class=\"wp-block-image size-full\"><img decoding=\"async\" src=\"https:\/\/multimedia.noticiassin.com\/wp-content\/uploads\/2026\/09\/ciudad-judicial-de-santo-domingo-oeste-alcanza-65-de-avance-20260905-214703-xNsu.webp\" alt=\"Ciudad Judicial de Santo Domingo Oeste alcanza 65 % de avance\" class=\"wp-image-2109452\" \/><figcaption class=\"wp-element-caption\">Ciudad Judicial de Santo Domingo Oeste alcanza 65 % de avance<\/figcaption><\/figure>\n<h2 id=\"preven-entrega-en-los-proximos-meses\" class=\"wp-block-heading\">Prev\u00e9n entrega en los pr\u00f3ximos meses<\/h2>\n<p>Durante el recorrido, Rodr\u00edguez indic\u00f3 que la supervisi\u00f3n busca <strong>verificar el ritmo <\/strong>de los trabajos y agilizar las \u00e1reas pendientes para que la infraestructura pueda entrar en funcionamiento en los pr\u00f3ximos meses.<\/p>\n<p>\u201cNos agrada ver que va avanzando a <strong>buen ritmo<\/strong>, hemos hecho compromisos importantes con los contratistas para que no se detengan, para que se trabaje cada d\u00eda hasta que finalmente en lo que probablemente ser\u00eda el ultimo trimestre del a\u00f1o podamos estar entreg\u00e1ndola junto a nuestra procuradora y las dem\u00e1s autoridades del Poder Judicial\u00bb. <\/p>\n<p>\u00abEl MIVED ha asumido el d\u00eda de hoy el compromiso de darle un <strong>seguimiento constante<\/strong> y de seguir viniendo para que estos trabajos est\u00e9n listos en los pr\u00f3ximos meses para estar al servicio de toda la ciudadan\u00eda\u201d, dijo el ministro.<\/p>\n<p>De su lado, <strong>Yeni Berenice Reynoso<\/strong> se\u00f1al\u00f3 que las condiciones f\u00edsicas de los espacios judiciales son fundamentales para garantizar un servicio adecuado a la poblaci\u00f3n.<\/p>\n<p>\u201cNos alegra tambi\u00e9n que haya un compromiso de las empresas de ingenier\u00eda que est\u00e1n trabajando en la construcci\u00f3n para terminar en un<strong> plazo razonable<\/strong>\u00ab. <\/p>\n<p>Esperamos que en los pr\u00f3ximos meses las puertas de esta<strong> Ciudad Judicial<\/strong> se abran para cada ciudadano y cada ciudadana que necesite acceder al Sistema de Justicia, nos queda agradecer al Ministerio de Viviendas y Edificaciones por el compromiso que esta mostrando para que la obra sea una realidad\u201d, expres\u00f3 la procuradora.<\/p>\n<h2 id=\"asi-estara-distribuido-el-complejo\" class=\"wp-block-heading\">As\u00ed estar\u00e1 distribuido el complejo<\/h2>\n<p>Del total de la construcci\u00f3n, <strong>13,865 metros cuadrados<\/strong> estar\u00e1n destinados al Poder Judicial, distribuidos en tres niveles y un nivel soterrado. Mientras, el <strong>Ministerio P\u00fablico<\/strong> dispondr\u00e1 de <strong>6,730 metros cuadrados<\/strong> en cuatro niveles.<\/p>\n<p>La <strong>Defensa P\u00fablica<\/strong> contar\u00e1 con un espacio de <strong>570 metros cuadrados<\/strong>, distribuido en tres niveles. El proyecto contempla adem\u00e1s <strong>14,840 metros cuadrados para parqueos y \u00e1reas de circulaci\u00f3n<\/strong>, as\u00ed como una plaza y espacios verdes de aproximadamente <strong>3,800 metros cuadrados<\/strong>.<\/p>\n<p>La infraestructura busca reunir en un mismo punto las principales instituciones vinculadas al<strong> sistema judicial<\/strong>, con espacios destinados a la atenci\u00f3n de los usuarios y al desarrollo de los procesos judiciales.<\/p>\n<p>En la supervisi\u00f3n tambi\u00e9n participaron el procurador fiscal de Santo Domingo Oeste, <strong>Edward L\u00f3pez<\/strong>; el viceministro de Construcci\u00f3n del MIVED, <strong>Juan Miguel de los Santos<\/strong>; y el viceministro de Vivienda, H\u00e1bitat y Edificaciones, <strong>Ney Garc\u00eda<\/strong>.<\/p>\n","protected":false},"excerpt":{"rendered":"Santo Domingo.\u2013 La Ciudad Judicial de Santo Domingo Oeste presenta un 65&hellip;\n","protected":false},"author":1,"featured_media":67633,"comment_status":"open","ping_status":"open","sticky":false,"template":"","format":"standard","meta":{"footnotes":""},"categories":[1],"tags":[],"class_list":["post-67632","post","type-post","status-publish","format-standard","has-post-thumbnail","category-nacionales"],"_links":{"self":[{"href":"https:\/\/acronoticias.com\/index.php\/wp-json\/wp\/v2\/posts\/67632","targetHints":{"allow":["GET"]}}],"collection":[{"href":"https:\/\/acronoticias.com\/index.php\/wp-json\/wp\/v2\/posts"}],"about":[{"href":"https:\/\/acronoticias.com\/index.php\/wp-json\/wp\/v2\/types\/post"}],"author":[{"embeddable":true,"href":"https:\/\/acronoticias.com\/index.php\/wp-json\/wp\/v2\/users\/1"}],"replies":[{"embeddable":true,"href":"https:\/\/acronoticias.com\/index.php\/wp-json\/wp\/v2\/comments?post=67632"}],"version-history":[{"count":0,"href":"https:\/\/acronoticias.com\/index.php\/wp-json\/wp\/v2\/posts\/67632\/revisions"}],"wp:featuredmedia":[{"embeddable":true,"href":"https:\/\/acronoticias.com\/index.php\/wp-json\/wp\/v2\/media\/67633"}],"wp:attachment":[{"href":"https:\/\/acronoticias.com\/index.php\/wp-json\/wp\/v2\/media?parent=67632"}],"wp:term":[{"taxonomy":"category","embeddable":true,"href":"https:\/\/acronoticias.com\/index.php\/wp-json\/wp\/v2\/categories?post=67632"},{"taxonomy":"post_tag","embeddable":true,"href":"https:\/\/acronoticias.com\/index.php\/wp-json\/wp\/v2\/tags?post=67632"}],"curies":[{"name":"wp","href":"https:\/\/api.w.org\/{rel}","templated":true}]}}