{"id":67626,"date":"2026-09-05T21:50:34","date_gmt":"2026-09-05T21:50:34","guid":{"rendered":"https:\/\/acronoticias.com\/index.php\/2026\/09\/05\/luis-abinader-encabeza-inauguracion-del-remozado-hospital-materno-infantil-en-san-jose-de-las-matas\/"},"modified":"2026-09-05T21:50:34","modified_gmt":"2026-09-05T21:50:34","slug":"luis-abinader-encabeza-inauguracion-del-remozado-hospital-materno-infantil-en-san-jose-de-las-matas","status":"publish","type":"post","link":"https:\/\/acronoticias.com\/index.php\/2026\/09\/05\/luis-abinader-encabeza-inauguracion-del-remozado-hospital-materno-infantil-en-san-jose-de-las-matas\/","title":{"rendered":"Luis Abinader encabeza inauguraci\u00f3n del remozado Hospital Materno Infantil en San Jos\u00e9 de las Matas"},"content":{"rendered":"<p><img decoding=\"async\" width=\"355\" height=\"200\" src=\"https:\/\/nuevodiario-assets.s3.us-east-2.amazonaws.com\/wp-content\/uploads\/2026\/09\/Luis-Abinader-encabeza-inauguracion-del-remozado-Hospital-Materno-Infantil-en-San-Jose-de-las-Matas-2-355x200.jpeg\" class=\"webfeedsFeaturedVisual wp-post-image\" alt=\"\" style=\"display: block;margin-bottom: 5px;clear:both;max-width: 100%\" loading=\"lazy\" \/><\/p>\n<p>EL NUEVO DIARIO, SAN JOS\u00c9 DE LAS MATAS.- El presidente Luis Abinader encabez\u00f3 este s\u00e1bado el acto de inauguraci\u00f3n del remozamiento general del Hospital Materno Infantil en San Jos\u00e9 de las Matas (Sajoma), donde resalt\u00f3 que la zona cuenta con un hospital de tercer nivel y una maternidad de segundo nivel, lo que fortalece la capacidad de atenci\u00f3n de la poblaci\u00f3n.<\/p>\n<p>Durante el acto el mandatario anunci\u00f3 la entrega de un tom\u00f3grafo al Hospital General de San Jos\u00e9 de las Matas y la disposici\u00f3n de las ambulancias necesarias para los hospitales de la zona, con el prop\u00f3sito de evitar que los pacientes tengan que ser trasladados a Santiago para recibir estos servicios.<\/p>\n<p>El presidente afirm\u00f3 que la renovada maternidad est\u00e1 llamada a convertirse en un centro de referencia para toda la Sierra y contribuir\u00e1 a descongestionar los hospitales de otros municipios, al acercar la atenci\u00f3n a las mujeres embarazadas de la zona.<\/p>\n<figure id=\"attachment_3266470\" aria-describedby=\"caption-attachment-3266470\" style=\"width: 1280px\" class=\"wp-caption alignnone\"><img loading=\"lazy\" decoding=\"async\" data-recalc-dims=\"1\" class=\"size-full wp-image-3266470\" src=\"https:\/\/i0.wp.com\/nuevodiario-assets.s3.us-east-2.amazonaws.com\/wp-content\/uploads\/2026\/09\/Luis-Abinader-encabeza-inauguracion-del-remozado-Hospital-Materno-Infantil-en-San-Jose-de-las-Matas-1.jpeg?resize=640%2C427&quality=100&ssl=1\" alt=\"\" width=\"640\" height=\"427\" \/><figcaption id=\"caption-attachment-3266470\" class=\"wp-caption-text\"><em>(Foto: Prensa Presidencia RD)<\/em><\/figcaption><\/figure>\n<p>\u00abHoy la Sierra y especialmente Sajoma y todos sus distritos, en t\u00e9rminos de salud, no tienen por qu\u00e9 envidiarle nada a ning\u00fan lugar de la Rep\u00fablica Dominicana\u00bb, expres\u00f3 el jefe de Estado, seg\u00fan se\u00f1ala una nota informativa.<\/p>\n<p>Abinader llam\u00f3 a las autoridades y al personal sanitario a trabajar de manera conjunta para garantizar los mejores servicios a la poblaci\u00f3n.<\/p>\n<h3 id=\"deuda-historica\">Deuda hist\u00f3rica<\/h3>\n<p>El jefe de Estado destac\u00f3 que las inversiones realizadas en San Jos\u00e9 de las Matas representan una deuda hist\u00f3rica del Gobierno con una comunidad que calific\u00f3 como productiva y emprendedora.<\/p>\n<p>\u201cPorque aqu\u00ed en Sajoma, estas inversiones que estamos haciendo, es una deuda hist\u00f3rica que tiene el Gobierno con esta comunidad tan productiva, tan emprendedora\u201d, sostuvo.<\/p>\n<figure id=\"attachment_3266471\" aria-describedby=\"caption-attachment-3266471\" style=\"width: 1280px\" class=\"wp-caption alignnone\"><img loading=\"lazy\" decoding=\"async\" data-recalc-dims=\"1\" class=\"size-full wp-image-3266471\" src=\"https:\/\/i0.wp.com\/nuevodiario-assets.s3.us-east-2.amazonaws.com\/wp-content\/uploads\/2026\/09\/Luis-Abinader-encabeza-inauguracion-del-remozado-Hospital-Materno-Infantil-en-San-Jose-de-las-Matas.jpeg?resize=640%2C427&quality=100&ssl=1\" alt=\"\" width=\"640\" height=\"427\" \/><figcaption id=\"caption-attachment-3266471\" class=\"wp-caption-text\"><em><strong>(Foto: Prensa Presidencia RD)<\/strong><\/em><\/figcaption><\/figure>\n<p>Asimismo, resalt\u00f3 el aporte de los habitantes de la zona al desarrollo del pa\u00eds y el v\u00ednculo que mantienen con sus comunidades muchos dominicanos que han emigrado al exterior y regresan para invertir, construir sus viviendas y establecerse junto a sus familias, por lo que consider\u00f3 fundamental garantizarles servicios de salud adecuados.<\/p>\n<p>Abinader manifest\u00f3 su satisfacci\u00f3n por la terminaci\u00f3n de la maternidad y llam\u00f3 a la comunidad a contribuir con el cuidado de las nuevas instalaciones mediante la creaci\u00f3n de voluntariados.<\/p>\n<p>El mandatario reiter\u00f3 la importancia de fortalecer la capacidad de los centros de salud de la zona para evitar traslados innecesarios de pacientes hacia Santiago y garantizar una atenci\u00f3n m\u00e1s cercana y oportuna.<\/p>\n<figure id=\"attachment_3266469\" aria-describedby=\"caption-attachment-3266469\" style=\"width: 1280px\" class=\"wp-caption alignnone\"><img decoding=\"async\" data-recalc-dims=\"1\" loading=\"lazy\" class=\"size-full wp-image-3266469\" src=\"https:\/\/i0.wp.com\/nuevodiario-assets.s3.us-east-2.amazonaws.com\/wp-content\/uploads\/2026\/09\/Luis-Abinader-encabeza-inauguracion-del-remozado-Hospital-Materno-Infantil-en-San-Jose-de-las-Matas-5.jpeg?resize=640%2C427&quality=100&ssl=1\" alt=\"\" width=\"640\" height=\"427\" \/><figcaption id=\"caption-attachment-3266469\" class=\"wp-caption-text\"><em><strong>(Foto: Prensa Presidencia RD)<\/strong><\/em><\/figcaption><\/figure>\n<h3 id=\"atencion-mas-oportuna-y-humanizada\">Atenci\u00f3n m\u00e1s oportuna y humanizada<\/h3>\n<p>De su lado, el director ejecutivo del Servicio Nacional de Salud (SNS), doctor Julio Landr\u00f3n, destac\u00f3 la inversi\u00f3n de RD$75.5 millones en la renovaci\u00f3n y equipamiento del hospital y anunci\u00f3 la construcci\u00f3n de una Unidad de Cuidados Intensivos Neonatal y Materna (UCIN), con siete camas cada una, para evitar traslados a Santiago y garantizar una atenci\u00f3n m\u00e1s oportuna y humanizada.<\/p>\n<p>Landr\u00f3n explic\u00f3 que la intervenci\u00f3n incluy\u00f3 una moderna \u00e1rea de emergencia y el fortalecimiento de los servicios de consultas, pediatr\u00eda, ginecolog\u00eda, psicolog\u00eda, odontolog\u00eda, sonograf\u00eda, rayos X, laboratorio, farmacia y vacunaci\u00f3n, adem\u00e1s de la renovaci\u00f3n de las \u00e1reas quir\u00fargica y materno-infantil.<\/p>\n<figure id=\"attachment_3266468\" aria-describedby=\"caption-attachment-3266468\" style=\"width: 1280px\" class=\"wp-caption alignnone\"><img decoding=\"async\" data-recalc-dims=\"1\" loading=\"lazy\" class=\"size-full wp-image-3266468\" src=\"https:\/\/i0.wp.com\/nuevodiario-assets.s3.us-east-2.amazonaws.com\/wp-content\/uploads\/2026\/09\/Luis-Abinader-encabeza-inauguracion-del-remozado-Hospital-Materno-Infantil-en-San-Jose-de-las-Matas-4.jpeg?resize=640%2C427&quality=100&ssl=1\" alt=\"\" width=\"640\" height=\"427\" \/><figcaption id=\"caption-attachment-3266468\" class=\"wp-caption-text\"><strong><em>(Foto: Prensa Presidencia RD)<\/em><\/strong><\/figcaption><\/figure>\n<p>El titular del SNS destac\u00f3 que estas mejoras permitir\u00e1n ampliar la capacidad de respuesta del centro y ofrecer servicios m\u00e1s organizados y humanizados. Tambi\u00e9n resalt\u00f3 los avances en salud materno-infantil y se\u00f1al\u00f3 que el bolet\u00edn epidemiol\u00f3gico n\u00famero 33 registra una reducci\u00f3n de 25 % en la mortalidad materna respecto a 2025 y de 52 % en comparaci\u00f3n con 2019.<\/p>\n<h3 id=\"agradecen-al-mandatario-por-las-inversiones\">Agradecen al mandatario por las inversiones<\/h3>\n<p>La gobernadora de Santiago, Rosa Santos, destac\u00f3 que la transformaci\u00f3n del antiguo hospital general en un centro especializado en atenci\u00f3n materno-infantil demuestra el compromiso del presidente Luis Abinader de trabajar sin dejar a nadie atr\u00e1s.<\/p>\n<p>La bendici\u00f3n del acto estuvo a cargo del p\u00e1rroco Manuel Segura, quien pidi\u00f3 a Dios por todas las personas que acudan al hospital, para que reciban un trato humano, atenci\u00f3n oportuna y cuidados de calidad que contribuyan a su recuperaci\u00f3n integral.<\/p>\n<p>Acompa\u00f1aron al presidente Abinader el senador por Santiago, Daniel Rivera; el alcalde de San Jos\u00e9 de las Matas, Alfredo Reyes; el director de la Corporaci\u00f3n del Acueducto y Alcantarillado de Santiago (CORAASAN), Andr\u00e9s Cueto Bernardo; el director regional de Salud, Miguel \u00c1ngel Mart\u00ednez, entre otras autoridades y representantes de la comunidad.<\/p>\n<p>La entrada <a href=\"https:\/\/elnuevodiario.com.do\/luis-abinader-encabeza-inauguracion-del-remozado-hospital-materno-infantil-en-san-jose-de-las-matas\/\">Luis Abinader encabeza inauguraci\u00f3n del remozado Hospital Materno Infantil en San Jos\u00e9 de las Matas<\/a> se public\u00f3 primero en <a href=\"https:\/\/elnuevodiario.com.do\">El Nuevo Diario (Rep\u00fablica Dominicana)<\/a>.<\/p>\n","protected":false},"excerpt":{"rendered":"EL NUEVO DIARIO, SAN JOS\u00c9 DE LAS MATAS.- El presidente Luis Abinader&hellip;\n","protected":false},"author":1,"featured_media":67627,"comment_status":"open","ping_status":"open","sticky":false,"template":"","format":"standard","meta":{"footnotes":""},"categories":[1],"tags":[],"class_list":["post-67626","post","type-post","status-publish","format-standard","has-post-thumbnail","category-nacionales"],"_links":{"self":[{"href":"https:\/\/acronoticias.com\/index.php\/wp-json\/wp\/v2\/posts\/67626","targetHints":{"allow":["GET"]}}],"collection":[{"href":"https:\/\/acronoticias.com\/index.php\/wp-json\/wp\/v2\/posts"}],"about":[{"href":"https:\/\/acronoticias.com\/index.php\/wp-json\/wp\/v2\/types\/post"}],"author":[{"embeddable":true,"href":"https:\/\/acronoticias.com\/index.php\/wp-json\/wp\/v2\/users\/1"}],"replies":[{"embeddable":true,"href":"https:\/\/acronoticias.com\/index.php\/wp-json\/wp\/v2\/comments?post=67626"}],"version-history":[{"count":0,"href":"https:\/\/acronoticias.com\/index.php\/wp-json\/wp\/v2\/posts\/67626\/revisions"}],"wp:featuredmedia":[{"embeddable":true,"href":"https:\/\/acronoticias.com\/index.php\/wp-json\/wp\/v2\/media\/67627"}],"wp:attachment":[{"href":"https:\/\/acronoticias.com\/index.php\/wp-json\/wp\/v2\/media?parent=67626"}],"wp:term":[{"taxonomy":"category","embeddable":true,"href":"https:\/\/acronoticias.com\/index.php\/wp-json\/wp\/v2\/categories?post=67626"},{"taxonomy":"post_tag","embeddable":true,"href":"https:\/\/acronoticias.com\/index.php\/wp-json\/wp\/v2\/tags?post=67626"}],"curies":[{"name":"wp","href":"https:\/\/api.w.org\/{rel}","templated":true}]}}