{"id":67624,"date":"2026-09-05T21:34:44","date_gmt":"2026-09-05T21:34:44","guid":{"rendered":"https:\/\/acronoticias.com\/index.php\/2026\/09\/05\/abinader-destaca-fortalecimiento-de-servicios-de-salud-en-sajoma\/"},"modified":"2026-09-05T21:34:44","modified_gmt":"2026-09-05T21:34:44","slug":"abinader-destaca-fortalecimiento-de-servicios-de-salud-en-sajoma","status":"publish","type":"post","link":"https:\/\/acronoticias.com\/index.php\/2026\/09\/05\/abinader-destaca-fortalecimiento-de-servicios-de-salud-en-sajoma\/","title":{"rendered":"Abinader destaca fortalecimiento de servicios de salud en Sajoma"},"content":{"rendered":"<p><strong>Santiago.\u2013<\/strong> El presidente <a rel=\"nofollow\" href=\"https:\/\/www.instagram.com\/luisabinader\/?hl=es-la\"><strong>Luis Abinader<\/strong> <\/a>asegur\u00f3 este s\u00e1bado que <strong>San Jos\u00e9 de las Matas (Sajoma) y sus distritos cuentan con servicios de salud capaces de responder a las principales necesidades de la poblaci\u00f3n<\/strong>, tras la inauguraci\u00f3n del remozamiento general del <strong>Hospital Materno Infantil<\/strong> y el fortalecimiento de la red sanitaria de la zona.<\/p>\n<p>Durante el acto, el mandatario anunci\u00f3 la gesti\u00f3n para dotar de un <strong>tom\u00f3grafo al Hospital General de San Jos\u00e9 de las Matas<\/strong>, as\u00ed como la entrega de <strong>ambulancias para los centros de salud de la Sierra<\/strong>, con el objetivo de reducir los traslados de pacientes hacia Santiago.<\/p>\n<p>\u201c<strong>Hoy la Sierra y especialmente Sajoma y todos sus distritos, en t\u00e9rminos de salud, no tienen por qu\u00e9 envidiarle nada a ning\u00fan lugar de la Rep\u00fablica Dominicana<\/strong>\u201d, expres\u00f3 Abinader.<\/p>\n<ul class=\"wp-block-list\">\n<li><strong>RD$75.5 millones<\/strong> fueron invertidos en la renovaci\u00f3n y equipamiento del Hospital Materno Infantil.<\/li>\n<li>El SNS anunci\u00f3 una <strong>unidad de cuidados intensivos neonatal y materna<\/strong> con siete camas en cada \u00e1rea.<\/li>\n<\/ul>\n<figure class=\"wp-block-image size-full\"><img decoding=\"async\" src=\"https:\/\/multimedia.noticiassin.com\/wp-content\/uploads\/2026\/09\/abinader-destaca-fortalecimiento-de-servicios-de-salud-en-sajoma-20260905-211808-Ytb0.webp\" alt=\"Abinader destaca fortalecimiento de servicios de salud en Sajoma\" class=\"wp-image-2109445\" \/><figcaption class=\"wp-element-caption\">Abinader destaca fortalecimiento de servicios de salud en Sajoma<\/figcaption><\/figure>\n<h2 id=\"buscan-evitar-traslados-a-santiago\" class=\"wp-block-heading\">Buscan evitar traslados a Santiago<\/h2>\n<p>Abinader afirm\u00f3 que la renovada maternidad est\u00e1 llamada a convertirse en un <strong>centro de referencia para toda la Sierra<\/strong>, facilitando la atenci\u00f3n de las mujeres embarazadas de la zona y contribuyendo a disminuir la presi\u00f3n sobre hospitales de otros municipios.<\/p>\n<p>El jefe de Estado tambi\u00e9n llam\u00f3 a las autoridades y al p<strong>ersonal sanitario<\/strong> a trabajar de manera coordinada para garantizar servicios adecuados y pidi\u00f3 a la comunidad colaborar con el cuidado de las nuevas instalaciones mediante la creaci\u00f3n de voluntariados.<\/p>\n<p>Asimismo, indic\u00f3 que las inversiones realizadas en Sajoma responden a lo que calific\u00f3 como una <strong>\u201cdeuda hist\u00f3rica\u201d del Gobierno con esa comunidad<\/strong>.<\/p>\n<p>\u201c<strong>Porque aqu\u00ed en Sajoma, estas inversiones que estamos haciendo, es una deuda hist\u00f3rica que tiene el Gobierno con esta comunidad tan productiva, tan emprendedora<\/strong>\u201d, sostuvo.<\/p>\n<p>El mandatario destac\u00f3 adem\u00e1s el<strong> v\u00ednculo de los residentes de la zona y de los dominicanos <\/strong>que viven en el exterior con sus comunidades de origen, por lo que consider\u00f3 necesario garantizarles acceso a servicios de salud cercanos y adecuados.<\/p>\n<h2 id=\"sns-anuncia-unidad-de-cuidados-intensivos\" class=\"wp-block-heading\">SNS anuncia unidad de cuidados intensivos<\/h2>\n<p>El director ejecutivo del <strong>Servicio Nacional de Salud (SNS), Julio Landr\u00f3n<\/strong>, inform\u00f3 que la remodelaci\u00f3n y equipamiento del hospital represent\u00f3 una inversi\u00f3n de <strong>RD$75.5 millones<\/strong> y anunci\u00f3 la construcci\u00f3n de una <strong>Unidad de Cuidados Intensivos Neonatal y Materna (UCIN)<\/strong>.<\/p>\n<p>Seg\u00fan explic\u00f3, cada unidad dispondr\u00e1 de <strong>siete camas<\/strong>, con el prop\u00f3sito de atender casos de mayor complejidad en la propia comunidad y evitar traslados hacia Santiago.<\/p>\n<p>Landr\u00f3n se\u00f1al\u00f3 que los trabajos incluyeron una nueva <strong>\u00e1rea de emergencia<\/strong>, adem\u00e1s del fortalecimiento de los servicios de consultas, pediatr\u00eda, ginecolog\u00eda, psicolog\u00eda, odontolog\u00eda, sonograf\u00eda, rayos X, laboratorio, farmacia y vacunaci\u00f3n.<\/p>\n<p>Tambi\u00e9n fueron intervenidas las \u00e1reas <strong>quir\u00fargica y materno-infantil<\/strong>, con el prop\u00f3sito de ampliar la capacidad de respuesta del centro.<\/p>\n<p>El funcionario indic\u00f3 adem\u00e1s que, de acuerdo con el <strong>bolet\u00edn epidemiol\u00f3gico n\u00famero 33<\/strong>, la mortalidad materna registra una reducci\u00f3n de <strong>25 % respecto a 2025<\/strong> y de <strong>52 % en comparaci\u00f3n con 2019<\/strong>.<\/p>\n<p>Durante la actividad, la gobernadora de Santiago, <strong>Rosa Santos<\/strong>, destac\u00f3 la transformaci\u00f3n del antiguo hospital general en un centro especializado en atenci\u00f3n materno-infantil.<\/p>\n<p>En el acto tambi\u00e9n estuvieron presentes el senador por Santiago, <strong>Daniel Rivera<\/strong>; el alcalde de San Jos\u00e9 de las Matas, <strong>Alfredo Reyes<\/strong>; el director de <strong>CORAASAN, Andr\u00e9s Cueto Bernardo<\/strong>; y el director regional de Salud, <strong>Miguel \u00c1ngel Mart\u00ednez<\/strong>, entre otras autoridades.<\/p>\n<p><script async src=\"\/\/www.instagram.com\/embed.js\"><\/script><\/p>\n","protected":false},"excerpt":{"rendered":"Santiago.\u2013 El presidente Luis Abinader asegur\u00f3 este s\u00e1bado que San Jos\u00e9 de&hellip;\n","protected":false},"author":1,"featured_media":67625,"comment_status":"open","ping_status":"open","sticky":false,"template":"","format":"standard","meta":{"footnotes":""},"categories":[1],"tags":[],"class_list":["post-67624","post","type-post","status-publish","format-standard","has-post-thumbnail","category-nacionales"],"_links":{"self":[{"href":"https:\/\/acronoticias.com\/index.php\/wp-json\/wp\/v2\/posts\/67624","targetHints":{"allow":["GET"]}}],"collection":[{"href":"https:\/\/acronoticias.com\/index.php\/wp-json\/wp\/v2\/posts"}],"about":[{"href":"https:\/\/acronoticias.com\/index.php\/wp-json\/wp\/v2\/types\/post"}],"author":[{"embeddable":true,"href":"https:\/\/acronoticias.com\/index.php\/wp-json\/wp\/v2\/users\/1"}],"replies":[{"embeddable":true,"href":"https:\/\/acronoticias.com\/index.php\/wp-json\/wp\/v2\/comments?post=67624"}],"version-history":[{"count":0,"href":"https:\/\/acronoticias.com\/index.php\/wp-json\/wp\/v2\/posts\/67624\/revisions"}],"wp:featuredmedia":[{"embeddable":true,"href":"https:\/\/acronoticias.com\/index.php\/wp-json\/wp\/v2\/media\/67625"}],"wp:attachment":[{"href":"https:\/\/acronoticias.com\/index.php\/wp-json\/wp\/v2\/media?parent=67624"}],"wp:term":[{"taxonomy":"category","embeddable":true,"href":"https:\/\/acronoticias.com\/index.php\/wp-json\/wp\/v2\/categories?post=67624"},{"taxonomy":"post_tag","embeddable":true,"href":"https:\/\/acronoticias.com\/index.php\/wp-json\/wp\/v2\/tags?post=67624"}],"curies":[{"name":"wp","href":"https:\/\/api.w.org\/{rel}","templated":true}]}}