{"id":67622,"date":"2026-09-05T21:18:34","date_gmt":"2026-09-05T21:18:34","guid":{"rendered":"https:\/\/acronoticias.com\/index.php\/2026\/09\/05\/gobierno-inicia-construccion-de-14-5-kilometros-de-verja-fronteriza-en-jimani\/"},"modified":"2026-09-05T21:18:34","modified_gmt":"2026-09-05T21:18:34","slug":"gobierno-inicia-construccion-de-14-5-kilometros-de-verja-fronteriza-en-jimani","status":"publish","type":"post","link":"https:\/\/acronoticias.com\/index.php\/2026\/09\/05\/gobierno-inicia-construccion-de-14-5-kilometros-de-verja-fronteriza-en-jimani\/","title":{"rendered":"Gobierno inicia construcci\u00f3n de 14.5 kil\u00f3metros de verja fronteriza en Jiman\u00ed"},"content":{"rendered":"<p><strong>JIMAN\u00cd, Independencia.\u2013<\/strong> El Gobierno inici\u00f3 la construcci\u00f3n de <strong>14.5 kil\u00f3metros correspondientes a la segunda etapa de la verja perimetral fronteriza en Jiman\u00ed<\/strong>, provincia Independencia, a trav\u00e9s del <strong><a rel=\"nofollow\" href=\"https:\/\/mide.gob.do\/\">Ministerio de Defensa (MIDE)<\/a><\/strong>.<\/p>\n<p>El inicio de los trabajos fue encabezado por el ministro de Defensa, <strong>Carlos Antonio Fern\u00e1ndez Onofre<\/strong>, junto al comandante general del Ej\u00e9rcito de Rep\u00fablica Dominicana, <strong>Jimmy Arias Grull\u00f3n<\/strong>, la gobernadora provincial Mercedes Novas y otras autoridades civiles y militares.<\/p>\n<figure class=\"wp-block-image size-full\"><img decoding=\"async\" src=\"https:\/\/multimedia.noticiassin.com\/wp-content\/uploads\/2026\/09\/gobierno-inicia-construccion-de-14-5-kilometros-de-verja-fronteriza-en-jimani-20260905-181125-6Qdx.webp\" alt=\"Gobierno inicia construcci\u00f3n de 14.5 kil\u00f3metros de verja fronteriza en Jiman\u00ed\" class=\"wp-image-2109379\" \/><figcaption class=\"wp-element-caption\">Gobierno inicia construcci\u00f3n de 14.5 kil\u00f3metros de verja fronteriza en Jiman\u00ed<\/figcaption><\/figure>\n<h2 id=\"seis-torres-de-vigilancia\" class=\"wp-block-heading\">Seis torres de vigilancia<\/h2>\n<p>El nuevo tramo tendr\u00e1 caracter\u00edsticas similares a las secciones ya construidas e incluir\u00e1 <strong>seis torres de vigilancia, 35 alcantarillas y una altura total de 13 pies<\/strong>.<\/p>\n<p>Tambi\u00e9n contar\u00e1 con <strong>calles de patrullaje<\/strong> distribuidas a ambos lados de la estructura, con un ancho conjunto de siete metros, para facilitar la movilidad de las unidades militares y las labores de vigilancia.<\/p>\n<p>La obra estar\u00e1 ubicada en la <strong>Hoya de Enriquillo<\/strong>, frente al lago Azuey o lago del Fondo, una zona donde las autoridades han reportado hist\u00f3ricamente intentos de <strong>trasiego irregular de mercanc\u00edas y otras actividades il\u00edcitas<\/strong>.<\/p>\n<p>El Ministerio de Defensa indic\u00f3 que los controles realizados por el <strong>Ej\u00e9rcito de Rep\u00fablica Dominicana<\/strong> y el <strong>Cuerpo Especializado en Seguridad Fronteriza Terrestre (CESFRONT)<\/strong> han reducido estas pr\u00e1cticas y que la nueva infraestructura busca reforzar esas labores.<\/p>\n<h2 id=\"jimani-y-el-intercambio-fronterizo\" class=\"wp-block-heading\">Jiman\u00ed y el intercambio fronterizo<\/h2>\n<p>La construcci\u00f3n tambi\u00e9n se desarrolla en una zona de importancia comercial debido a que en <strong>Jiman\u00ed opera uno de los principales mercados binacionales<\/strong> y uno de los pasos fronterizos con mayor movimiento de transporte pesado, camiones y contenedores.<\/p>\n<p>Seg\u00fan las autoridades, la nueva infraestructura permitir\u00e1 reforzar el control contra el <strong>contrabando y otras actividades il\u00edcitas<\/strong>, as\u00ed como las labores de vigilancia en el paso fronterizo.<\/p>\n<ul class=\"wp-block-list\">\n<li>El ministro Fern\u00e1ndez Onofre se\u00f1al\u00f3 que la obra forma parte de la estrategia <strong>\u201cFrontera Fuerte\u201d<\/strong>, que integra presencia militar, infraestructura, tecnolog\u00eda, vigilancia y coordinaci\u00f3n entre instituciones.<\/li>\n<li>Tras la actividad en Jiman\u00ed, Fern\u00e1ndez Onofre y una delegaci\u00f3n del <strong>Observatorio de Pol\u00edticas Migratorias<\/strong> se trasladaron a Dajab\u00f3n para recorrer el tramo de la verja que tambi\u00e9n se construye en esa provincia y observar los avances de los trabajos.<\/li>\n<\/ul>\n<p>El proyecto de <strong>verja perimetral en la frontera entre Rep\u00fablica Dominicana y Hait\u00ed<\/strong> comenz\u00f3 formalmente el <strong>20 de febrero de 2022<\/strong>, cuando el Gobierno inici\u00f3 una primera etapa de 54 kil\u00f3metros. Esa fase contempl\u00f3 estructura de hormig\u00f3n y metal, torres de vigilancia, puertas de acceso y caminos para patrullaje en distintos puntos de las provincias fronterizas.<\/p>\n<p>\u00abLa primera etapa se distribuy\u00f3 en <strong>Montecristi, Dajab\u00f3n, El\u00edas Pi\u00f1a, Independencia y Pedernales<\/strong>, provincias que comparten la l\u00ednea lim\u00edtrofe con Hait\u00ed. En noviembre de 2024, el Gobierno inform\u00f3 que los trabajos presentaban un avance general de <strong>84 %<\/strong>, con una inversi\u00f3n superior a <strong>RD$2,388 millones<\/strong>\u00ab.<\/p>\n<p>En el caso de <strong>Jiman\u00ed<\/strong>, desde las primeras fases del proyecto se contemplaron varios tramos de verja. En 2022, el Ministerio de Defensa inform\u00f3 que en esa zona se proyectaban alrededor de <strong>17 kil\u00f3metros<\/strong>, divididos en tres segmentos ubicados en las proximidades del <strong>lago Azuey<\/strong> y del paso internacional entre Jiman\u00ed y Malpasse.<\/p>\n","protected":false},"excerpt":{"rendered":"JIMAN\u00cd, Independencia.\u2013 El Gobierno inici\u00f3 la construcci\u00f3n de 14.5 kil\u00f3metros correspondientes a&hellip;\n","protected":false},"author":1,"featured_media":67623,"comment_status":"open","ping_status":"open","sticky":false,"template":"","format":"standard","meta":{"footnotes":""},"categories":[1],"tags":[],"class_list":["post-67622","post","type-post","status-publish","format-standard","has-post-thumbnail","category-nacionales"],"_links":{"self":[{"href":"https:\/\/acronoticias.com\/index.php\/wp-json\/wp\/v2\/posts\/67622","targetHints":{"allow":["GET"]}}],"collection":[{"href":"https:\/\/acronoticias.com\/index.php\/wp-json\/wp\/v2\/posts"}],"about":[{"href":"https:\/\/acronoticias.com\/index.php\/wp-json\/wp\/v2\/types\/post"}],"author":[{"embeddable":true,"href":"https:\/\/acronoticias.com\/index.php\/wp-json\/wp\/v2\/users\/1"}],"replies":[{"embeddable":true,"href":"https:\/\/acronoticias.com\/index.php\/wp-json\/wp\/v2\/comments?post=67622"}],"version-history":[{"count":0,"href":"https:\/\/acronoticias.com\/index.php\/wp-json\/wp\/v2\/posts\/67622\/revisions"}],"wp:featuredmedia":[{"embeddable":true,"href":"https:\/\/acronoticias.com\/index.php\/wp-json\/wp\/v2\/media\/67623"}],"wp:attachment":[{"href":"https:\/\/acronoticias.com\/index.php\/wp-json\/wp\/v2\/media?parent=67622"}],"wp:term":[{"taxonomy":"category","embeddable":true,"href":"https:\/\/acronoticias.com\/index.php\/wp-json\/wp\/v2\/categories?post=67622"},{"taxonomy":"post_tag","embeddable":true,"href":"https:\/\/acronoticias.com\/index.php\/wp-json\/wp\/v2\/tags?post=67622"}],"curies":[{"name":"wp","href":"https:\/\/api.w.org\/{rel}","templated":true}]}}