{"id":67619,"date":"2026-09-05T21:04:34","date_gmt":"2026-09-05T21:04:34","guid":{"rendered":"https:\/\/acronoticias.com\/index.php\/2026\/09\/05\/el-83-de-empresas-peruanas-toma-previsiones-ante-fenomeno-el-nino-segun-encuesta\/"},"modified":"2026-09-05T21:04:34","modified_gmt":"2026-09-05T21:04:34","slug":"el-83-de-empresas-peruanas-toma-previsiones-ante-fenomeno-el-nino-segun-encuesta","status":"publish","type":"post","link":"https:\/\/acronoticias.com\/index.php\/2026\/09\/05\/el-83-de-empresas-peruanas-toma-previsiones-ante-fenomeno-el-nino-segun-encuesta\/","title":{"rendered":"El 83 % de empresas peruanas toma previsiones ante fen\u00f3meno El Ni\u00f1o, seg\u00fan encuesta"},"content":{"rendered":"<p><strong>Lima<\/strong>.- Un 83 % de las empresas peruanas no financieras est\u00e1 tomando previsiones ante el fen\u00f3meno clim\u00e1tico <strong>El Ni\u00f1o<\/strong>, que puede tener una fuerte incidencia en los pr\u00f3ximos meses.<\/p>\n<p>Las compa\u00f1\u00edas anticipan posibles problemas en la <strong>distribuci\u00f3n de productos y las rutas log\u00edsticas<\/strong>, seg\u00fan una encuesta del <strong><a rel=\"nofollow\" href=\"https:\/\/www.bcrp.gob.pe\/\">Banco Central de Reserva del Per\u00fa<\/a><\/strong> publicada este s\u00e1bado en <strong>Lima<\/strong>.<\/p>\n<p>De una muestra de <strong>345 compa\u00f1\u00edas,<\/strong> el 83 % report\u00f3 que ha adoptado o planea adoptar medidas preventivas, como el establecimiento de rutas log\u00edsticas alternativas (42 %), la elaboraci\u00f3n de planes de continuidad operativa (41 %) y el reforzamiento de instalaciones (40 %).<\/p>\n<p>Sin embargo, las empresas que no prev\u00e9n adoptar <strong>medidas preventivas<\/strong> pertenecen al sector servicios, salud, seguridad y servicios aeroportuarios, comercio y manufactura.<\/p>\n<figure class=\"wp-block-image size-full\"><img decoding=\"async\" src=\"https:\/\/multimedia.noticiassin.com\/wp-content\/uploads\/2026\/08\/borrador-automatico-20260818-203125-GM4A.webp\" alt=\"Vista satelital de un hurac\u00e1n cerca de la costa, usada para ilustrar los efectos clim\u00e1ticos de El Ni\u00f1o y la sequ\u00eda en M\u00e9xico\" class=\"wp-image-2092761\" \/><figcaption class=\"wp-element-caption\">Vista satelital de un sistema cicl\u00f3nico en el oc\u00e9ano, empleada como referencia visual en una nota sobre los efectos de El Ni\u00f1o en M\u00e9xico.<\/figcaption><\/figure>\n<h2 id=\"impacto-logistico-y-alza-de-costos\" class=\"wp-block-heading\">Impacto log\u00edstico y alza de costos<\/h2>\n<p>Los principales canales de afectaci\u00f3n son los retrasos o mayores costos log\u00edsticos (62 %), las dificultades para distribuir productos<strong> (43 %)<\/strong>, el mayor precio de los insumos (42 %) y su menor disponibilidad (37 %), precis\u00f3 el banco emisor.<\/p>\n<ul class=\"wp-block-list\">\n<li>Solo un 10 % de las empresas no espera efectos en sus actividades.<\/li>\n<li>Asimismo, el 67 % espera un aumento de sus costos, aunque el 63 % no prev\u00e9 cambios en sus precios de venta.<\/li>\n<\/ul>\n<p>Por su parte, el 48 % anticipa menores ventas y el 46 % una reducci\u00f3n de su producci\u00f3n, vinculadas a los efectos del fen\u00f3meno <strong>El Ni\u00f1o<\/strong>, cuyo impacto se estima hasta febrero de 2027.<\/p>\n<h2 id=\"mayor-exposicion-empresarial-en-el-norte\" class=\"wp-block-heading\">Mayor exposici\u00f3n empresarial en el norte<\/h2>\n<p>En la regi\u00f3n norte del pa\u00eds, donde este fen\u00f3meno suele descargar<strong> lluvias torrenciales e inundaciones<\/strong>, el 94 % de las empresas encuestadas ha tomado o planea tomar medidas preventivas.<\/p>\n<p>Las principales acciones son reforzar instalaciones<strong> (77 %),<\/strong> elaborar planes de continuidad operativa (66 %) y establecer rutas log\u00edsticas alternativas (50 %).<\/p>\n<p>Todas las empresas encuestadas en esta zona esperan alguna <strong>afectaci\u00f3n<\/strong>.<\/p>\n<p>Los principales riesgos son los da\u00f1os a instalaciones o equipos (<strong>77 %<\/strong>) y los retrasos o mayores costos log\u00edsticos (76 %).<\/p>\n<p>\u00abAdem\u00e1s, el 81 % prev\u00e9 menores ventas y el<strong> 69 %<\/strong> una reducci\u00f3n de su producci\u00f3n\u00bb.<\/p>\n<p>El \u00faltimo reporte del <strong>Estudio Nacional del Fen\u00f3meno El Ni\u00f1o<\/strong> (<strong>Enfen<\/strong>) de <strong>Per\u00fa<\/strong> determin\u00f3 que la probabilidad de que <strong>El Ni\u00f1o<\/strong> sea extraordinario en los siguientes meses ronda el 70 % y, para enero, baja levemente a 62 %, mientras que en febrero y marzo la probabilidad es que la intensidad descienda a entre fuerte y muy fuerte.<\/p>\n<p>Para el trimestre entre agosto y octubre se prev\u00e9 la continuidad de <strong>temperaturas del aire <\/strong>muy por encima de lo normal en toda la costa, sin descartar que puedan batirse r\u00e9cords hist\u00f3ricos.<\/p>\n<p>El fen\u00f3meno <strong>El Ni\u00f1o<\/strong> dej\u00f3 en agosto temperaturas r\u00e9cord en <strong>Per\u00fa<\/strong>, con promedio de m\u00e1ximas a nivel nacional de 4,4 grados cent\u00edgrados por arriba de lo habitual, y 3,8 en valores m\u00ednimos.\u00a0<\/p>\n<p>El <strong>fen\u00f3meno El Ni\u00f1o<\/strong> es un evento clim\u00e1tico asociado al calentamiento an\u00f3malo de las aguas del <strong>oc\u00e9ano Pac\u00edfico ecuatorial<\/strong>, capaz de alterar los patrones de lluvias, temperaturas y circulaci\u00f3n atmosf\u00e9rica. En Per\u00fa, sus efectos suelen sentirse con mayor intensidad en la <strong>costa norte<\/strong>, donde puede provocar lluvias intensas, inundaciones, deslizamientos y da\u00f1os a la infraestructura.<\/p>\n<p>Per\u00fa ha enfrentado episodios severos en el pasado. Durante el <strong>Ni\u00f1o Costero de 2017<\/strong>, las lluvias e inundaciones afectaron a cerca de <strong>1.7 millones de personas<\/strong>, provocaron 132 muertes y ocasionaron da\u00f1os en viviendas, carreteras, puentes, centros educativos y establecimientos de salud, seg\u00fan datos recogidos por el Banco Mundial.<\/p>\n","protected":false},"excerpt":{"rendered":"Lima.- Un 83 % de las empresas peruanas no financieras est\u00e1 tomando&hellip;\n","protected":false},"author":1,"featured_media":67574,"comment_status":"open","ping_status":"open","sticky":false,"template":"","format":"standard","meta":{"footnotes":""},"categories":[3],"tags":[],"class_list":["post-67619","post","type-post","status-publish","format-standard","has-post-thumbnail","category-internacionales"],"_links":{"self":[{"href":"https:\/\/acronoticias.com\/index.php\/wp-json\/wp\/v2\/posts\/67619","targetHints":{"allow":["GET"]}}],"collection":[{"href":"https:\/\/acronoticias.com\/index.php\/wp-json\/wp\/v2\/posts"}],"about":[{"href":"https:\/\/acronoticias.com\/index.php\/wp-json\/wp\/v2\/types\/post"}],"author":[{"embeddable":true,"href":"https:\/\/acronoticias.com\/index.php\/wp-json\/wp\/v2\/users\/1"}],"replies":[{"embeddable":true,"href":"https:\/\/acronoticias.com\/index.php\/wp-json\/wp\/v2\/comments?post=67619"}],"version-history":[{"count":0,"href":"https:\/\/acronoticias.com\/index.php\/wp-json\/wp\/v2\/posts\/67619\/revisions"}],"wp:featuredmedia":[{"embeddable":true,"href":"https:\/\/acronoticias.com\/index.php\/wp-json\/wp\/v2\/media\/67574"}],"wp:attachment":[{"href":"https:\/\/acronoticias.com\/index.php\/wp-json\/wp\/v2\/media?parent=67619"}],"wp:term":[{"taxonomy":"category","embeddable":true,"href":"https:\/\/acronoticias.com\/index.php\/wp-json\/wp\/v2\/categories?post=67619"},{"taxonomy":"post_tag","embeddable":true,"href":"https:\/\/acronoticias.com\/index.php\/wp-json\/wp\/v2\/tags?post=67619"}],"curies":[{"name":"wp","href":"https:\/\/api.w.org\/{rel}","templated":true}]}}