{"id":67613,"date":"2026-09-05T20:30:36","date_gmt":"2026-09-05T20:30:36","guid":{"rendered":"https:\/\/acronoticias.com\/index.php\/2026\/09\/05\/video-advierten-sobre-severa-sequia-que-afecta-la-presa-de-rincon-en-la-vega\/"},"modified":"2026-09-05T20:30:36","modified_gmt":"2026-09-05T20:30:36","slug":"video-advierten-sobre-severa-sequia-que-afecta-la-presa-de-rincon-en-la-vega","status":"publish","type":"post","link":"https:\/\/acronoticias.com\/index.php\/2026\/09\/05\/video-advierten-sobre-severa-sequia-que-afecta-la-presa-de-rincon-en-la-vega\/","title":{"rendered":"(VIDEO) Advierten sobre severa sequ\u00eda que afecta la presa de Rinc\u00f3n en La Vega"},"content":{"rendered":"<p><img decoding=\"async\" width=\"355\" height=\"200\" src=\"https:\/\/nuevodiario-assets.s3.us-east-2.amazonaws.com\/wp-content\/uploads\/2026\/09\/presa-de-Rincon-1-355x200.jpeg\" class=\"webfeedsFeaturedVisual wp-post-image\" alt=\"\" style=\"display: block;margin-bottom: 5px;clear:both;max-width: 100%\" loading=\"lazy\" \/><\/p>\n<p>EL NUEVO DIARIO, SANTO DOMINGO.- El reportero Alfonso Suriel advirti\u00f3 este s\u00e1bado que una severa sequ\u00eda est\u00e1 azotando la presa de Rinc\u00f3n, sobre el r\u00edo Jima, en la provincia de La Vega.<\/p>\n<p>Mediante un audiovisual, mostr\u00f3 que la presa se encuentra en \u00abtotal sequ\u00eda, en el pavimento\u00bb.<\/p>\n<p>Argument\u00f3 que no sabe c\u00f3mo est\u00e1n recibiendo el preciado l\u00edquido las comunidades de Rinc\u00f3n, Jima y Fantino.<\/p>\n<p><a href=\"https:\/\/nuevodiario-assets.s3.us-east-2.amazonaws.com\/wp-content\/uploads\/2026\/09\/Advierten-severa-sequia-afecta-la-presa-de-Rincon-en-La-Vega.mp4\">Advierten severa sequ\u00eda afecta la presa de Rinc\u00f3n en La Vega<\/a><\/p>\n<p>\u00abMiren las condiciones, miren en el ca\u00f1ito de agua que est\u00e1 circulando en estos momentos en la presa de Rinc\u00f3n\u00bb, sostuvo Suriel.<\/p>\n<p>Asimismo, dijo que nunca hab\u00eda visto una situaci\u00f3n de tal magnitud.<\/p>\n<figure id=\"attachment_3266445\" aria-describedby=\"caption-attachment-3266445\" style=\"width: 1600px\" class=\"wp-caption alignnone\"><img loading=\"lazy\" decoding=\"async\" data-recalc-dims=\"1\" class=\"size-full wp-image-3266445\" src=\"https:\/\/i0.wp.com\/nuevodiario-assets.s3.us-east-2.amazonaws.com\/wp-content\/uploads\/2026\/09\/presa-de-Rincon-2.jpeg?resize=640%2C288&quality=100&ssl=1\" alt=\"\" width=\"640\" height=\"288\" \/><figcaption id=\"caption-attachment-3266445\" class=\"wp-caption-text\"><strong><em>Presa de Rinc\u00f3n. (Foto: Alfonso Suriel)<\/em><\/strong><\/figcaption><\/figure>\n<p>\u201cAs\u00ed tambi\u00e9n est\u00e1 la presa del lago de Hatillo, por Hernando Alonso; tambi\u00e9n se est\u00e1 viviendo un momento dif\u00edcil de sequ\u00eda, la gente exigiendo agua, las comunidades sin aguas, el pueblo pidiendo el servicio de agua potable\u201d, precis\u00f3.<\/p>\n<p>Suriel finaliz\u00f3 se\u00f1alando que esta es la realidad de la sequ\u00eda que afecta al pa\u00eds.<\/p>\n<figure id=\"attachment_3266449\" aria-describedby=\"caption-attachment-3266449\" style=\"width: 720px\" class=\"wp-caption alignnone\"><img loading=\"lazy\" decoding=\"async\" data-recalc-dims=\"1\" class=\"size-full wp-image-3266449\" src=\"https:\/\/i0.wp.com\/nuevodiario-assets.s3.us-east-2.amazonaws.com\/wp-content\/uploads\/2026\/09\/Presa-de-Rincon.-Foto-Alfonso-Suriel.jpeg?resize=640%2C1422&quality=100&ssl=1\" alt=\"\" width=\"640\" height=\"1422\" \/><figcaption id=\"caption-attachment-3266449\" class=\"wp-caption-text\"><em><strong>Presa de Rinc\u00f3n. (Foto Alfonso Suriel)<\/strong><\/em><\/figcaption><\/figure>\n<p>\u00abMiren la realidad de la vida, de la sequ\u00eda que est\u00e1 azotando todo el espacio nacional y las principales presas del pa\u00eds, incluyendo el lago, la presa de Hatillo y esta, que es la presa de Rinc\u00f3n\u00bb, concluy\u00f3.<\/p>\n<p>La entrada <a href=\"https:\/\/elnuevodiario.com.do\/video-advierten-sobre-severa-sequia-que-afecta-la-presa-de-rincon-en-la-vega\/\">(VIDEO) Advierten sobre severa sequ\u00eda que afecta la presa de Rinc\u00f3n en La Vega<\/a> se public\u00f3 primero en <a href=\"https:\/\/elnuevodiario.com.do\">El Nuevo Diario (Rep\u00fablica Dominicana)<\/a>.<\/p>\n","protected":false},"excerpt":{"rendered":"EL NUEVO DIARIO, SANTO DOMINGO.- El reportero Alfonso Suriel advirti\u00f3 este s\u00e1bado&hellip;\n","protected":false},"author":1,"featured_media":67614,"comment_status":"open","ping_status":"open","sticky":false,"template":"","format":"standard","meta":{"footnotes":""},"categories":[1],"tags":[],"class_list":["post-67613","post","type-post","status-publish","format-standard","has-post-thumbnail","category-nacionales"],"_links":{"self":[{"href":"https:\/\/acronoticias.com\/index.php\/wp-json\/wp\/v2\/posts\/67613","targetHints":{"allow":["GET"]}}],"collection":[{"href":"https:\/\/acronoticias.com\/index.php\/wp-json\/wp\/v2\/posts"}],"about":[{"href":"https:\/\/acronoticias.com\/index.php\/wp-json\/wp\/v2\/types\/post"}],"author":[{"embeddable":true,"href":"https:\/\/acronoticias.com\/index.php\/wp-json\/wp\/v2\/users\/1"}],"replies":[{"embeddable":true,"href":"https:\/\/acronoticias.com\/index.php\/wp-json\/wp\/v2\/comments?post=67613"}],"version-history":[{"count":0,"href":"https:\/\/acronoticias.com\/index.php\/wp-json\/wp\/v2\/posts\/67613\/revisions"}],"wp:featuredmedia":[{"embeddable":true,"href":"https:\/\/acronoticias.com\/index.php\/wp-json\/wp\/v2\/media\/67614"}],"wp:attachment":[{"href":"https:\/\/acronoticias.com\/index.php\/wp-json\/wp\/v2\/media?parent=67613"}],"wp:term":[{"taxonomy":"category","embeddable":true,"href":"https:\/\/acronoticias.com\/index.php\/wp-json\/wp\/v2\/categories?post=67613"},{"taxonomy":"post_tag","embeddable":true,"href":"https:\/\/acronoticias.com\/index.php\/wp-json\/wp\/v2\/tags?post=67613"}],"curies":[{"name":"wp","href":"https:\/\/api.w.org\/{rel}","templated":true}]}}