{"id":67607,"date":"2026-09-05T20:03:48","date_gmt":"2026-09-05T20:03:48","guid":{"rendered":"https:\/\/acronoticias.com\/index.php\/2026\/09\/05\/peru-destinara-18-millones-de-dolares-para-organizar-la-visita-de-papa-leon-xiv\/"},"modified":"2026-09-05T20:03:48","modified_gmt":"2026-09-05T20:03:48","slug":"peru-destinara-18-millones-de-dolares-para-organizar-la-visita-de-papa-leon-xiv","status":"publish","type":"post","link":"https:\/\/acronoticias.com\/index.php\/2026\/09\/05\/peru-destinara-18-millones-de-dolares-para-organizar-la-visita-de-papa-leon-xiv\/","title":{"rendered":"Per\u00fa destinar\u00e1 18 millones de d\u00f3lares para organizar la visita de papa Le\u00f3n XIV"},"content":{"rendered":"<p><strong>Lima<\/strong>.- El Gobierno peruano autoriz\u00f3 al Ministerio de Econom\u00eda transferir <strong>63,2 millones de soles (18 millones de d\u00f3lares)<\/strong> a la Canciller\u00eda para organizar la visita a <strong>Per\u00fa<\/strong> del papa <strong><a rel=\"nofollow\" href=\"https:\/\/www.vatican.va\/content\/leo-xiv\/es.html\">Le\u00f3n XIV<\/a><\/strong>, prevista del 11 al 16 de noviembre.<\/p>\n<p>El pont\u00edfice es considerado por la naci\u00f3n andina como el <strong>papa peruano<\/strong>, tras haber adquirido la nacionalidad en 2015, de acuerdo con un decreto supremo publicado este s\u00e1bado en el diario oficial.<\/p>\n<figure class=\"wp-block-image size-full\"><img decoding=\"async\" src=\"https:\/\/multimedia.noticiassin.com\/wp-content\/uploads\/2026\/09\/borrador-automatico-20260905-180631-WbHb.webp\" alt=\"Papa Le\u00f3n XIV saluda durante un recorrido, en contexto de la visita que Per\u00fa organizar\u00e1 en noviembre\" class=\"wp-image-2109375\" \/><figcaption class=\"wp-element-caption\">El papa Le\u00f3n XIV saluda durante un recorrido, en el marco de la noticia sobre los fondos que Per\u00fa destinar\u00e1 para organizar su visita en noviembre.<\/figcaption><\/figure>\n<h2 id=\"transferencia-de-632-millones-de-soles\" class=\"wp-block-heading\">Transferencia de 63,2 millones de soles<\/h2>\n<p><strong>Per\u00fa<\/strong> utilizar\u00e1 los recursos de la Reserva de Contingencia del <strong>Ministerio de Econom\u00eda y Finanzas<\/strong>, espec\u00edficamente de los Recursos Ordinarios, y ser\u00e1n incorporados al presupuesto de la Canciller\u00eda como gasto corriente en la partida de bienes y servicios.<\/p>\n<p>A su vez, el <strong>Ministerio de Relaciones Exteriores<\/strong> deber\u00e1 aprobar, mediante resoluci\u00f3n, la desagregaci\u00f3n de los recursos transferidos dentro de los pr\u00f3ximos cinco d\u00edas.<\/p>\n<p>El decreto firmado por la presidenta <strong>Keiko Fujimori<\/strong> y el ministro de Econom\u00eda y Finanzas, <strong>Elmer Cuba<\/strong>, establece que los 63.2 millones de soles no podr\u00e1n ser utilizados, bajo responsabilidad, para fines distintos de aquellos para los que fueron transferidos.<\/p>\n<h3 id=\"plazo-y-restricciones-del-decreto\" class=\"wp-block-heading\">Plazo y restricciones del decreto<\/h3>\n<p>A ra\u00edz del regreso de <strong>Robert Prevost<\/strong> como pont\u00edfice al pa\u00eds en el que pas\u00f3 gran parte de su vida pastoral, la <strong>Iglesia peruana<\/strong> inici\u00f3 el jueves una colecta nacional para costear parte de los gastos correspondientes a la organizaci\u00f3n de la visita papal.<\/p>\n<p>El secretario general de la <strong>Conferencia Episcopal Peruana<\/strong> (<strong>CEP<\/strong>) y coordinador de la visita de <strong>Le\u00f3n XIV<\/strong>, <strong>Guillermo Inca<\/strong>, explic\u00f3 en una rueda de prensa que la colecta \u00abno busca ser solo una recaudaci\u00f3n, sino un gesto de comuni\u00f3n, participaci\u00f3n y corresponsabilidad como Iglesia\u00bb.<\/p>\n<p>\u00abEs un acto de fraternidad nacional: cada persona, parroquia y comunidad, seg\u00fan sus posibilidades, podr\u00e1n participar en este gran acontecimiento eclesial. No importa cu\u00e1nto se d\u00e9, sino el coraz\u00f3n con el que se comparte\u00bb, <strong>asever\u00f3.<\/strong><\/p>\n<p>Por su parte, el presidente de la <strong>Conferencia Episcopal Peruana<\/strong>, <strong>Carlos Garc\u00eda Camader<\/strong>, incidi\u00f3 en que \u00abesta visita tenemos que prepararla todos con todos, lo que quiere decir que todos tenemos que ser animadores de todo este pueblo peruano, que est\u00e1 pronto a recibir esta presencia del Se\u00f1or en la figura de su vicario\u00bb.<\/p>\n<h2 id=\"colecta-y-agenda-de-la-visita-papal\" class=\"wp-block-heading\">Colecta y agenda de la visita papal<\/h2>\n<p><strong>Le\u00f3n XIV<\/strong> realizar\u00e1 su primera gira por <strong>Suram\u00e9rica<\/strong> entre el 6 y el 16 de noviembre, y estar\u00e1 en <strong>Per\u00fa<\/strong> del 11 al 16 para visitar <strong>Lima<\/strong>, <strong>Chiclayo<\/strong>, <strong>Cusco<\/strong> y <strong>Pucallpa<\/strong>.<\/p>\n<ul class=\"wp-block-list\">\n<li>El papa, nacido en <strong>Chicago<\/strong> (<strong>Estados Unidos<\/strong>), concretar\u00e1 as\u00ed su esperado regreso como pont\u00edfice a <strong>Per\u00fa<\/strong>, donde se le considera el papa peruano tras haber adquirido su nacionalidad en 2015 y ejercer en \u00e9l m\u00e1s de veinte a\u00f1os de vida pastoral, desde misionero hasta obispo, cuya labor en la <strong>Di\u00f3cesis de Chiclayo<\/strong> lo llev\u00f3 a ser convocado por el papa <strong>Francisco<\/strong> para el <strong>Vaticano<\/strong>.<\/li>\n<li>El papa <strong>Le\u00f3n XIV<\/strong>, cuyo nombre de nacimiento es <strong>Robert Francis Prevost<\/strong>, naci\u00f3 en Chicago, Estados Unidos, el 14 de septiembre de 1955. Su v\u00ednculo con <strong>Per\u00fa<\/strong> se remonta a d\u00e9cadas de trabajo pastoral en ese pa\u00eds, donde ejerci\u00f3 como misionero y posteriormente asumi\u00f3 responsabilidades episcopales.<\/li>\n<\/ul>\n<p>En noviembre de <strong>2014<\/strong>, el papa Francisco lo nombr\u00f3 <strong>administrador apost\u00f3lico de la di\u00f3cesis de Chiclayo<\/strong> y obispo titular de Sufar. Posteriormente, el 26 de septiembre de 2015, fue designado oficialmente <strong>obispo de Chiclayo<\/strong>, cargo que fortaleci\u00f3 su relaci\u00f3n con la Iglesia peruana.<\/p>\n<p>Prevost obtuvo la <strong>nacionalidad peruana por naturalizaci\u00f3n el 24 de agosto de 2015<\/strong>, por lo que posee ciudadan\u00eda estadounidense y peruana. Durante su trayectoria en Per\u00fa tambi\u00e9n fue elegido segundo vicepresidente de la <strong>Conferencia Episcopal Peruana<\/strong> en 2018 y particip\u00f3 en distintas instancias de esa instituci\u00f3n.<\/p>\n","protected":false},"excerpt":{"rendered":"Lima.- El Gobierno peruano autoriz\u00f3 al Ministerio de Econom\u00eda transferir 63,2 millones&hellip;\n","protected":false},"author":1,"featured_media":67608,"comment_status":"open","ping_status":"open","sticky":false,"template":"","format":"standard","meta":{"footnotes":""},"categories":[3],"tags":[],"class_list":["post-67607","post","type-post","status-publish","format-standard","has-post-thumbnail","category-internacionales"],"_links":{"self":[{"href":"https:\/\/acronoticias.com\/index.php\/wp-json\/wp\/v2\/posts\/67607","targetHints":{"allow":["GET"]}}],"collection":[{"href":"https:\/\/acronoticias.com\/index.php\/wp-json\/wp\/v2\/posts"}],"about":[{"href":"https:\/\/acronoticias.com\/index.php\/wp-json\/wp\/v2\/types\/post"}],"author":[{"embeddable":true,"href":"https:\/\/acronoticias.com\/index.php\/wp-json\/wp\/v2\/users\/1"}],"replies":[{"embeddable":true,"href":"https:\/\/acronoticias.com\/index.php\/wp-json\/wp\/v2\/comments?post=67607"}],"version-history":[{"count":0,"href":"https:\/\/acronoticias.com\/index.php\/wp-json\/wp\/v2\/posts\/67607\/revisions"}],"wp:featuredmedia":[{"embeddable":true,"href":"https:\/\/acronoticias.com\/index.php\/wp-json\/wp\/v2\/media\/67608"}],"wp:attachment":[{"href":"https:\/\/acronoticias.com\/index.php\/wp-json\/wp\/v2\/media?parent=67607"}],"wp:term":[{"taxonomy":"category","embeddable":true,"href":"https:\/\/acronoticias.com\/index.php\/wp-json\/wp\/v2\/categories?post=67607"},{"taxonomy":"post_tag","embeddable":true,"href":"https:\/\/acronoticias.com\/index.php\/wp-json\/wp\/v2\/tags?post=67607"}],"curies":[{"name":"wp","href":"https:\/\/api.w.org\/{rel}","templated":true}]}}